{"id":52177,"date":"2025-01-26T00:01:00","date_gmt":"2025-01-26T07:01:00","guid":{"rendered":"https:\/\/www.opinionpublica.tv\/portada\/?p=52177"},"modified":"2025-01-25T19:09:03","modified_gmt":"2025-01-26T02:09:03","slug":"exitosa-primera-jornada-de-voluntariado-en-el-vivero-de-parque-de-el-chamizal","status":"publish","type":"post","link":"https:\/\/www.opinionpublica.tv\/portada\/exitosa-primera-jornada-de-voluntariado-en-el-vivero-de-parque-de-el-chamizal\/","title":{"rendered":"Exitosa primera Jornada de Voluntariado en el vivero de parque de El Chamizal"},"content":{"rendered":"\n<figure class=\"wp-block-image size-large\"><img fetchpriority=\"high\" decoding=\"async\" width=\"1024\" height=\"706\" src=\"https:\/\/www.opinionpublica.tv\/portada\/wp-content\/uploads\/2025\/01\/Exitosa-primera-Jornada-de-Voluntariado-en-el-vivero-de-parque-de-El-Chamizal-1024x706.png\" alt=\"Exitosa Primera Jornada De Voluntariado En El Vivero De Parque De El Chamizal\" class=\"wp-image-52181\" srcset=\"https:\/\/www.opinionpublica.tv\/portada\/wp-content\/uploads\/2025\/01\/Exitosa-primera-Jornada-de-Voluntariado-en-el-vivero-de-parque-de-El-Chamizal-1024x706.png 1024w, https:\/\/www.opinionpublica.tv\/portada\/wp-content\/uploads\/2025\/01\/Exitosa-primera-Jornada-de-Voluntariado-en-el-vivero-de-parque-de-El-Chamizal-300x207.png 300w, https:\/\/www.opinionpublica.tv\/portada\/wp-content\/uploads\/2025\/01\/Exitosa-primera-Jornada-de-Voluntariado-en-el-vivero-de-parque-de-El-Chamizal-768x529.png 768w, https:\/\/www.opinionpublica.tv\/portada\/wp-content\/uploads\/2025\/01\/Exitosa-primera-Jornada-de-Voluntariado-en-el-vivero-de-parque-de-El-Chamizal-1536x1058.png 1536w, https:\/\/www.opinionpublica.tv\/portada\/wp-content\/uploads\/2025\/01\/Exitosa-primera-Jornada-de-Voluntariado-en-el-vivero-de-parque-de-El-Chamizal.png 1968w\" sizes=\"(max-width: 1024px) 100vw, 1024px\" \/><\/figure>\n\n\n\n<p class=\"wp-block-paragraph\"><em>Ciudad Ju\u00e1rez, Chih<\/em>.- Pese a las bajas temperaturas que se han presentado en los \u00faltimos d\u00edas en la ciudad, aproximadamente 70 ciudadanos asistieron este fin de semana a la primera jornada del a\u00f1o de voluntariado en el vivero de El Chamizal, encabezada por la Direcci\u00f3n de Parques y Jardines.<\/p>\n\n\n\n<p class=\"wp-block-paragraph\">Daniel Iv\u00e1n Zamarron Salda\u00f1a, titular de la dependencia indic\u00f3 que esta actividad ha resultado ser muy exitosa por la buena respuesta que se ha tenido por parte de los juarenses, quienes han apoyado en avanzar en la rehabilitaci\u00f3n del espacio.<\/p>\n\n\n\n<p class=\"wp-block-paragraph\">\u201cTenemos participantes de todas las edades desde ni\u00f1os j\u00f3venes y adultos, as\u00ed como de organizaciones como los Boy Scouts, quienes llevan a cabo diferentes labores como el traslado de tierra para trasplantar plantas de macetas peque\u00f1as a m\u00e1s grandes, en otra hect\u00e1rea del vivero tenemos a un grupo de personas apoy\u00e1ndonos con la extracci\u00f3n de semilla, que ser\u00e1n sembradas para convertirse en \u00e1rboles que se plantar\u00e1n en espacios p\u00fablicos de la ciudad\u201d, coment\u00f3.<\/p>\n\n\n\n<p class=\"wp-block-paragraph\">El funcionario detall\u00f3 que el vivero contin\u00faa produciendo y cuidando el desarrollo de la vegetaci\u00f3n, con el fin de que tambi\u00e9n sean donados a escuelas, organizaciones civiles, empresas y grupos vecinales, por lo que se contin\u00faa trabajando para que este lugar tenga la capacidad de proveer arbolado para toda la ciudad.<\/p>\n\n\n\n<p class=\"wp-block-paragraph\">\u201cEl a\u00f1o pasado hubo un importante incremento en el inter\u00e9s de los juarenses para participar en estas actividades, nuestro prop\u00f3sito era realizar una jornada cada dos meses, sin embargo, se han acercado muchas maquiladoras que tienen este compromiso social y ambiental para colaborar con nosotros, por lo que fuera de estos eventos con convocatoria abierta, ellos nos piden espacio para traer a sus empleados a ejercer voluntariado\u201d, se\u00f1al\u00f3.<\/p>\n\n\n\n<p class=\"wp-block-paragraph\">Zamarron Salda\u00f1a mencion\u00f3 que la ciudad es muy grande, por lo que la suma de voluntades de los distintos grupos sociales que se han unido, es muy importante para avanzar tanto en la producci\u00f3n de \u00e1rboles como en la concientizaci\u00f3n del cuidado del medio ambiente.<\/p>\n","protected":false},"excerpt":{"rendered":"<p>Ciudad Ju\u00e1rez, Chih.- Pese a las bajas temperaturas que se han presentado en los \u00faltimos d\u00edas en la ciudad, aproximadamente 70 ciudadanos asistieron este fin de semana a la primera jornada del a\u00f1o de voluntariado en el vivero de El Chamizal, encabezada por la Direcci\u00f3n de Parques y Jardines. Daniel Iv\u00e1n Zamarron Salda\u00f1a, titular de [&hellip;]<\/p>\n","protected":false},"author":6,"featured_media":52181,"comment_status":"open","ping_status":"open","sticky":false,"template":"","format":"standard","meta":{"_acf_changed":false,"_monsterinsights_skip_tracking":false,"slim_seo":{"title":"Exitosa primera Jornada de Voluntariado en el vivero de parque de El Chamizal - Opini\u00f3n P\u00fablica","description":"Ciudad Ju\u00e1rez, Chih .- Pese a las bajas temperaturas que se han presentado en los \u00faltimos d\u00edas en la ciudad, aproximadamente 70 ciudadanos asistieron este fin d"},"footnotes":""},"categories":[41],"tags":[],"class_list":["post-52177","post","type-post","status-publish","format-standard","has-post-thumbnail","hentry","category-juarez"],"acf":[],"_links":{"self":[{"href":"https:\/\/www.opinionpublica.tv\/portada\/wp-json\/wp\/v2\/posts\/52177","targetHints":{"allow":["GET"]}}],"collection":[{"href":"https:\/\/www.opinionpublica.tv\/portada\/wp-json\/wp\/v2\/posts"}],"about":[{"href":"https:\/\/www.opinionpublica.tv\/portada\/wp-json\/wp\/v2\/types\/post"}],"author":[{"embeddable":true,"href":"https:\/\/www.opinionpublica.tv\/portada\/wp-json\/wp\/v2\/users\/6"}],"replies":[{"embeddable":true,"href":"https:\/\/www.opinionpublica.tv\/portada\/wp-json\/wp\/v2\/comments?post=52177"}],"version-history":[{"count":2,"href":"https:\/\/www.opinionpublica.tv\/portada\/wp-json\/wp\/v2\/posts\/52177\/revisions"}],"predecessor-version":[{"id":52182,"href":"https:\/\/www.opinionpublica.tv\/portada\/wp-json\/wp\/v2\/posts\/52177\/revisions\/52182"}],"wp:featuredmedia":[{"embeddable":true,"href":"https:\/\/www.opinionpublica.tv\/portada\/wp-json\/wp\/v2\/media\/52181"}],"wp:attachment":[{"href":"https:\/\/www.opinionpublica.tv\/portada\/wp-json\/wp\/v2\/media?parent=52177"}],"wp:term":[{"taxonomy":"category","embeddable":true,"href":"https:\/\/www.opinionpublica.tv\/portada\/wp-json\/wp\/v2\/categories?post=52177"},{"taxonomy":"post_tag","embeddable":true,"href":"https:\/\/www.opinionpublica.tv\/portada\/wp-json\/wp\/v2\/tags?post=52177"}],"curies":[{"name":"wp","href":"https:\/\/api.w.org\/{rel}","templated":true}]}}