{"id":52168,"date":"2025-01-26T00:01:00","date_gmt":"2025-01-26T07:01:00","guid":{"rendered":"https:\/\/www.opinionpublica.tv\/portada\/?p=52168"},"modified":"2025-01-25T18:55:47","modified_gmt":"2025-01-26T01:55:47","slug":"cuando-superara-la-ia-a-los-humanos-ceo-de-anthropic-responde","status":"publish","type":"post","link":"https:\/\/www.opinionpublica.tv\/portada\/cuando-superara-la-ia-a-los-humanos-ceo-de-anthropic-responde\/","title":{"rendered":"\u00bfCu\u00e1ndo superar\u00e1 la IA a los humanos? CEO de Anthropic responde"},"content":{"rendered":"\n<figure class=\"wp-block-image size-full\"><img fetchpriority=\"high\" decoding=\"async\" width=\"1005\" height=\"620\" src=\"https:\/\/www.opinionpublica.tv\/portada\/wp-content\/uploads\/2025\/01\/\u00bfCuando-superara-la-IA-a-los-humanos-CEO-de-Anthropic-responde.avif\" alt=\"\u00bfcua\u0301ndo Superara\u0301 La Ia A Los Humanos? Ceo De Anthropic Responde\" class=\"wp-image-52171\"\/><\/figure>\n\n\n\n<p class=\"wp-block-paragraph\">\u00bfLa inteligencia artificial (IA) superar\u00e1 a los humanos? Es una pregunta constante que se han hecho expertos y personas en general despu\u00e9s de todos los avances que existen en este \u00e1mbito.<\/p>\n\n\n\n<p class=\"wp-block-paragraph\">Al respecto existen algunas predicciones de diferentes expertos. Sin embargo, una de las que ha llamado m\u00e1s la atenci\u00f3n son las hechas por Dario Amodei, CEO de Anthropic durante una entrevista con \u00abBloomberg\u00bb durante el Foro Econ\u00f3mico Mundial.<\/p>\n\n\n\n<p class=\"wp-block-paragraph\">En este evento, el experto comparti\u00f3 su visi\u00f3n sobre c\u00f3mo los modelos de IA podr\u00edan superar las capacidades humanas dentro de dos o tres a\u00f1os. Incluso, se\u00f1al\u00f3 que se podr\u00eda replantear el valor del trabajo y el papel de las personas en un mundo cada vez m\u00e1s automatizado.<\/p>\n\n\n\n<p class=\"wp-block-paragraph\">\u00bfLa IA superar\u00e1 a los humanos antes del 2030?<\/p>\n\n\n\n<p class=\"wp-block-paragraph\">\u00abPuede que estemos a dos o tres a\u00f1os de que los sistemas sean mejores que los humanos\u00bb, se\u00f1al\u00f3 Amodei durante la entrevista.<\/p>\n\n\n\n<p class=\"wp-block-paragraph\">De acuerdo con el experto, es probable que para 2027 la IA pueda superarnos en varias capacidades humanas e incluso podr\u00edan crear una combinaci\u00f3n transformadora con la rob\u00f3tica.<\/p>\n\n\n\n<p class=\"wp-block-paragraph\">Seg\u00fan proyect\u00f3, la IA podr\u00eda ayudar a crear m\u00e1quinas f\u00edsicas m\u00e1s eficientes, lo cual tendr\u00e1 que redefinir c\u00f3mo se organiza la econom\u00eda global y c\u00f3mo los humanos encuentran sentido a la vida diaria.<\/p>\n\n\n\n<p class=\"wp-block-paragraph\">\u00abSi creamos sistemas de IA lo suficientemente buenos, nos permitir\u00e1n fabricar mejores robots. Y cuando eso suceda, tendremos que tener una conversaci\u00f3n sobre c\u00f3mo organizamos nuestra econom\u00eda, \u00bfno es as\u00ed? \u00bfC\u00f3mo encontraremos significado los humanos?\u00bb, se\u00f1al\u00f3 el CEO de Anthropic.<\/p>\n\n\n\n<p class=\"wp-block-paragraph\">Al respecto reflexion\u00f3 sobre como la IA podr\u00eda sustituir a los humanos aunque al respecto escribi\u00f3 en un ensayo en 2024 en donde se\u00f1al\u00f3 que dichos sistemas tendr\u00edan que ser &#8216;m\u00e1s inteligentes que un ganador del Premio Nobel en la mayor\u00eda de los campos relevantes&#8217;.<\/p>\n\n\n\n<p class=\"wp-block-paragraph\">Por lo que a\u00fan falta conocer hacia d\u00f3nde se dirige el campo de la IA y en que sectores se concentra. (El Universal)<\/p>\n","protected":false},"excerpt":{"rendered":"<p>\u00bfLa inteligencia artificial (IA) superar\u00e1 a los humanos? Es una pregunta constante que se han hecho expertos y personas en general despu\u00e9s de todos los avances que existen en este \u00e1mbito. Al respecto existen algunas predicciones de diferentes expertos. Sin embargo, una de las que ha llamado m\u00e1s la atenci\u00f3n son las hechas por Dario [&hellip;]<\/p>\n","protected":false},"author":6,"featured_media":52171,"comment_status":"open","ping_status":"open","sticky":false,"template":"","format":"standard","meta":{"_acf_changed":false,"_monsterinsights_skip_tracking":false,"slim_seo":{"title":"\u00bfCu\u00e1ndo superar\u00e1 la IA a los humanos? CEO de Anthropic responde - Opini\u00f3n P\u00fablica","description":"\u00bfLa inteligencia artificial (IA) superar\u00e1 a los humanos? Es una pregunta constante que se han hecho expertos y personas en general despu\u00e9s de todos los avances"},"footnotes":""},"categories":[22],"tags":[],"class_list":["post-52168","post","type-post","status-publish","format-standard","has-post-thumbnail","hentry","category-ciencia-y-tecnologia"],"acf":[],"_links":{"self":[{"href":"https:\/\/www.opinionpublica.tv\/portada\/wp-json\/wp\/v2\/posts\/52168","targetHints":{"allow":["GET"]}}],"collection":[{"href":"https:\/\/www.opinionpublica.tv\/portada\/wp-json\/wp\/v2\/posts"}],"about":[{"href":"https:\/\/www.opinionpublica.tv\/portada\/wp-json\/wp\/v2\/types\/post"}],"author":[{"embeddable":true,"href":"https:\/\/www.opinionpublica.tv\/portada\/wp-json\/wp\/v2\/users\/6"}],"replies":[{"embeddable":true,"href":"https:\/\/www.opinionpublica.tv\/portada\/wp-json\/wp\/v2\/comments?post=52168"}],"version-history":[{"count":2,"href":"https:\/\/www.opinionpublica.tv\/portada\/wp-json\/wp\/v2\/posts\/52168\/revisions"}],"predecessor-version":[{"id":52172,"href":"https:\/\/www.opinionpublica.tv\/portada\/wp-json\/wp\/v2\/posts\/52168\/revisions\/52172"}],"wp:featuredmedia":[{"embeddable":true,"href":"https:\/\/www.opinionpublica.tv\/portada\/wp-json\/wp\/v2\/media\/52171"}],"wp:attachment":[{"href":"https:\/\/www.opinionpublica.tv\/portada\/wp-json\/wp\/v2\/media?parent=52168"}],"wp:term":[{"taxonomy":"category","embeddable":true,"href":"https:\/\/www.opinionpublica.tv\/portada\/wp-json\/wp\/v2\/categories?post=52168"},{"taxonomy":"post_tag","embeddable":true,"href":"https:\/\/www.opinionpublica.tv\/portada\/wp-json\/wp\/v2\/tags?post=52168"}],"curies":[{"name":"wp","href":"https:\/\/api.w.org\/{rel}","templated":true}]}}