{"id":52162,"date":"2025-01-26T00:01:00","date_gmt":"2025-01-26T07:01:00","guid":{"rendered":"https:\/\/www.opinionpublica.tv\/portada\/?p=52162"},"modified":"2025-01-25T18:50:00","modified_gmt":"2025-01-26T01:50:00","slug":"presenta-alicia-barcena-el-plan-mexico-en-foro-economico-de-davos","status":"publish","type":"post","link":"https:\/\/www.opinionpublica.tv\/portada\/presenta-alicia-barcena-el-plan-mexico-en-foro-economico-de-davos\/","title":{"rendered":"Presenta Alicia B\u00e1rcena el &#8216;Plan M\u00e9xico&#8217; durante Foro Econ\u00f3mico de Davos"},"content":{"rendered":"\n<figure class=\"wp-block-image size-large\"><img fetchpriority=\"high\" decoding=\"async\" width=\"1024\" height=\"760\" src=\"https:\/\/www.opinionpublica.tv\/portada\/wp-content\/uploads\/2025\/01\/Presenta-Alicia-Barcena-el-Plan-Mexico-durante-Foro-Economico-de-Davos-1024x760.png\" alt=\"Presenta Alicia Ba\u0301rcena El Plan Me\u0301xico Durante Foro Econo\u0301mico De Davos\" class=\"wp-image-52165\" srcset=\"https:\/\/www.opinionpublica.tv\/portada\/wp-content\/uploads\/2025\/01\/Presenta-Alicia-Barcena-el-Plan-Mexico-durante-Foro-Economico-de-Davos-1024x760.png 1024w, https:\/\/www.opinionpublica.tv\/portada\/wp-content\/uploads\/2025\/01\/Presenta-Alicia-Barcena-el-Plan-Mexico-durante-Foro-Economico-de-Davos-300x223.png 300w, https:\/\/www.opinionpublica.tv\/portada\/wp-content\/uploads\/2025\/01\/Presenta-Alicia-Barcena-el-Plan-Mexico-durante-Foro-Economico-de-Davos-768x570.png 768w, https:\/\/www.opinionpublica.tv\/portada\/wp-content\/uploads\/2025\/01\/Presenta-Alicia-Barcena-el-Plan-Mexico-durante-Foro-Economico-de-Davos-1536x1140.png 1536w, https:\/\/www.opinionpublica.tv\/portada\/wp-content\/uploads\/2025\/01\/Presenta-Alicia-Barcena-el-Plan-Mexico-durante-Foro-Economico-de-Davos.png 1848w\" sizes=\"(max-width: 1024px) 100vw, 1024px\" \/><\/figure>\n\n\n\n<p class=\"wp-block-paragraph\">La secretaria de Medio Ambiente y Recursos Naturales (Semarnat), Alicia B\u00e1rcena Ibarra, concluy\u00f3 su participaci\u00f3n en el Foro Econ\u00f3mico Mundial, en Davos, Suiza, donde present\u00f3 el Plan M\u00e9xico, que contempla un portafolio de inversiones nacionales y extranjeras de 277 mil millones de d\u00f3lares.<\/p>\n\n\n\n<p class=\"wp-block-paragraph\">La iniciativa, afirm\u00f3, result\u00f3 de inter\u00e9s para empresas de diversos pa\u00edses, debido a los proyectos de infraestructura, trenes, carreteras, puertos y polos de desarrollo de M\u00e9xico, pa\u00eds que \u201cha demostrado estabilidad macroecon\u00f3mica\u201d frente a los desaf\u00edos globales.<\/p>\n\n\n\n<p class=\"wp-block-paragraph\">Durante los cinco d\u00edas del encuentro, B\u00e1rcena promovi\u00f3 la pol\u00edtica ecol\u00f3gica y ambiental humanista impulsada por la presidenta Claudia Sheinbaum, as\u00ed como los proyectos de econom\u00eda circular del pa\u00eds como instrumentos para generar un desarrollo sostenible.<\/p>\n\n\n\n<p class=\"wp-block-paragraph\">Tambi\u00e9n reafirm\u00f3 el compromiso del Gobierno de M\u00e9xico para afrontar el cambio clim\u00e1tico. \u201cA diez a\u00f1os de haberse firmado el Acuerdo de Par\u00eds los gobiernos han avanzado poco en materia clim\u00e1tica y la esperanza del cambio est\u00e1 en la participaci\u00f3n de las comunidades, por lo que es fundamental reconstruir el tejido social y trabajar en conjunto con las personas [&#8230;] tenemos que luchar por la justicia ambiental\u201d, recalc\u00f3.<\/p>\n\n\n\n<p class=\"wp-block-paragraph\">En este sentido, la titular de Semarnat dio a conocer que en M\u00e9xico se seleccionaron ocho sectores que pueden descarbonizar con facilidad y que ser\u00e1n parte de los Compromisos Nacionalmente Determinados, que M\u00e9xico presentar\u00e1 en la COP30, destacando el sector de la construcci\u00f3n, los residuos y la electromovilidad.<\/p>\n\n\n\n<p class=\"wp-block-paragraph\">B\u00e1rcena intercambi\u00f3 con representantes de gobierno, organismos internacionales y empresarios l\u00edneas de acci\u00f3n para poner en marcha proyectos que prioricen el desarrollo sostenible y la conservaci\u00f3n de los oc\u00e9anos. En ese sentido, subray\u00f3 que en el gobierno de la presidenta Sheinbaum, se avanza en el desarrollo de proyectos de econom\u00eda circular, el rescate de los manglares y la protecci\u00f3n de los bosques, mediante el Programa Nacional de Restauraci\u00f3n y el Acuerdo Nacional H\u00eddrico. (La Jornada)<\/p>\n","protected":false},"excerpt":{"rendered":"<p>La secretaria de Medio Ambiente y Recursos Naturales (Semarnat), Alicia B\u00e1rcena Ibarra, concluy\u00f3 su participaci\u00f3n en el Foro Econ\u00f3mico Mundial, en Davos, Suiza, donde present\u00f3 el Plan M\u00e9xico, que contempla un portafolio de inversiones nacionales y extranjeras de 277 mil millones de d\u00f3lares. La iniciativa, afirm\u00f3, result\u00f3 de inter\u00e9s para empresas de diversos pa\u00edses, debido [&hellip;]<\/p>\n","protected":false},"author":6,"featured_media":52165,"comment_status":"open","ping_status":"open","sticky":false,"template":"","format":"standard","meta":{"_acf_changed":false,"_monsterinsights_skip_tracking":false,"slim_seo":{"title":"Presenta Alicia B\u00e1rcena el 'Plan M\u00e9xico' durante Foro Econ\u00f3mico de Davos - Opini\u00f3n P\u00fablica","description":"La secretaria de Medio Ambiente y Recursos Naturales (Semarnat), Alicia B\u00e1rcena Ibarra, concluy\u00f3 su participaci\u00f3n en el Foro Econ\u00f3mico Mundial, en Davos, Suiza,"},"footnotes":""},"categories":[4],"tags":[],"class_list":["post-52162","post","type-post","status-publish","format-standard","has-post-thumbnail","hentry","category-pulsopolitico"],"acf":[],"_links":{"self":[{"href":"https:\/\/www.opinionpublica.tv\/portada\/wp-json\/wp\/v2\/posts\/52162","targetHints":{"allow":["GET"]}}],"collection":[{"href":"https:\/\/www.opinionpublica.tv\/portada\/wp-json\/wp\/v2\/posts"}],"about":[{"href":"https:\/\/www.opinionpublica.tv\/portada\/wp-json\/wp\/v2\/types\/post"}],"author":[{"embeddable":true,"href":"https:\/\/www.opinionpublica.tv\/portada\/wp-json\/wp\/v2\/users\/6"}],"replies":[{"embeddable":true,"href":"https:\/\/www.opinionpublica.tv\/portada\/wp-json\/wp\/v2\/comments?post=52162"}],"version-history":[{"count":3,"href":"https:\/\/www.opinionpublica.tv\/portada\/wp-json\/wp\/v2\/posts\/52162\/revisions"}],"predecessor-version":[{"id":52167,"href":"https:\/\/www.opinionpublica.tv\/portada\/wp-json\/wp\/v2\/posts\/52162\/revisions\/52167"}],"wp:featuredmedia":[{"embeddable":true,"href":"https:\/\/www.opinionpublica.tv\/portada\/wp-json\/wp\/v2\/media\/52165"}],"wp:attachment":[{"href":"https:\/\/www.opinionpublica.tv\/portada\/wp-json\/wp\/v2\/media?parent=52162"}],"wp:term":[{"taxonomy":"category","embeddable":true,"href":"https:\/\/www.opinionpublica.tv\/portada\/wp-json\/wp\/v2\/categories?post=52162"},{"taxonomy":"post_tag","embeddable":true,"href":"https:\/\/www.opinionpublica.tv\/portada\/wp-json\/wp\/v2\/tags?post=52162"}],"curies":[{"name":"wp","href":"https:\/\/api.w.org\/{rel}","templated":true}]}}