{"id":52148,"date":"2025-01-26T00:01:00","date_gmt":"2025-01-26T07:01:00","guid":{"rendered":"https:\/\/www.opinionpublica.tv\/portada\/?p=52148"},"modified":"2025-01-25T18:21:02","modified_gmt":"2025-01-26T01:21:02","slug":"1985-para-vislumbrar-el-futuro","status":"publish","type":"post","link":"https:\/\/www.opinionpublica.tv\/portada\/1985-para-vislumbrar-el-futuro\/","title":{"rendered":"1985: \u00bfpara vislumbrar el futuro?"},"content":{"rendered":"\n<h4 class=\"wp-block-heading\">Jos\u00e9 Woldenberg<\/h4>\n\n\n\n<p class=\"wp-block-paragraph\">___________________________<\/p>\n\n\n\n<p class=\"wp-block-paragraph\">En 1985, se van a cumplir cuarenta a\u00f1os, se llevaron a cabo las terceras elecciones federales despu\u00e9s de la importante reforma de 1977. S\u00f3lo se trat\u00f3 de conformar la C\u00e1mara de Diputados que entonces se integraba con 300 diputados uninominales y 100 plurinominales. No es solo un ejercicio memorioso o nost\u00e1lgico, sino una ilustraci\u00f3n de lo que ser\u00eda nuestra C\u00e1mara de representantes si la propuesta del bloque gobernante prosperara.<\/p>\n\n\n\n<p class=\"wp-block-paragraph\">En aquel entonces participaron nueve partidos, y cinco hab\u00edan ingresado a la lid electoral a partir de 1978.<\/p>\n\n\n\n<p class=\"wp-block-paragraph\">Los resultados en t\u00e9rminos porcentuales de la votaci\u00f3n para diputados de representaci\u00f3n proporcional (recordemos que entonces se votaba en dos boletas diferentes, una para los diputados de mayor\u00eda relativa y otra para los de representaci\u00f3n proporcional) fueron los siguientes: PRI 63.29%, PAN 16.32%, PSUM 3.47, PST 3.42, PDM 2.93, PPS 2.54, PARM 2.40, PMT 1.68, PRT 1.67 (no suma cien porque faltan los votos nulos y los de candidatos no registrados). (Para mantener el registro como partido y poder entrar al reparto de los diputados plurinominales la ley exig\u00eda por lo menos el 1.5% de la votaci\u00f3n).<\/p>\n\n\n\n<p class=\"wp-block-paragraph\">De 300 distritos el PRI gan\u00f3 289, el PAN 9 y el PARM 2. De tal suerte que si con la reforma de 1977 no se hubiese inventado el sistema mixto (uni y plurinominales), el PRI con un poco menos del 64% de los votos hubiese contado con el 96.3% de los diputados, el PAN con un poco m\u00e1s del 16% de votos hubiese logrado el 3% de la representaci\u00f3n y el PARM con el 2.5 el 0.66%. Una sobre y una subrrepresentaci\u00f3n escandalosa.<\/p>\n\n\n\n<p class=\"wp-block-paragraph\">Pues bien, eso es lo que pretenden y proponen Morena y sus aliados con la reforma que quieren aprobar en el pr\u00f3ximo periodo ordinario de sesiones del Congreso, al suprimir a los plurinominales.<\/p>\n\n\n\n<p class=\"wp-block-paragraph\">En aquel entonces el efecto correctivo de los cien diputados plurinominales se hizo sentir. As\u00ed qued\u00f3 integrada la llamada C\u00e1mara Baja: PRI 289 diputados, 72.25%, PAN 41, 10.25%, PDM 12, 3; PSUM 12, 3; PST 12, 3; PARM 11, 2.75; PPS 11, 2.75; PMT 6, 1.5; PRT 6, 1.5.<\/p>\n\n\n\n<p class=\"wp-block-paragraph\">Como es f\u00e1cil observar, el PRI manten\u00eda una sobrerrepresentaci\u00f3n (su porcentaje de diputados era superior a su porcentaje de votos), pero el reparto de los diputados plurinominales serv\u00eda para atemperar las abismales diferencias entre votos y esca\u00f1os. Y no s\u00f3lo eso, sino que permit\u00eda la representaci\u00f3n de corrientes minoritarias en la C\u00e1mara de Diputados (sin los pluris aquella hubiese sido una C\u00e1mara con solo tres partidos).<\/p>\n\n\n\n<p class=\"wp-block-paragraph\">Si hubiese cierta racionalidad en nuestra vida pol\u00edtica uno dir\u00eda que el PVEM y el PT no acompa\u00f1ar\u00e1n a Morena en esa pretensi\u00f3n. Porque \u00bfcu\u00e1ntos distritos podr\u00e1n ganar el PT o el PVEM solos? Ser\u00eda hacerse el harakiri, pero uno nunca sabe qu\u00e9 se les puede ofrecer a sus dirigentes para militar incluso contra sus propios intereses.<\/p>\n\n\n\n<p class=\"wp-block-paragraph\">Por lo pronto, si la propuesta de la coalici\u00f3n gobernante prospera, estar\u00edamos regresando a un M\u00e9xico que hace casi 50 a\u00f1os cre\u00edamos esfumado; un pa\u00eds que reconoci\u00f3 que su diversidad pol\u00edtica estaba ah\u00ed, que no se requer\u00edan exorcistas para diluirla, sino pol\u00edticos capaces de construir una casa para la convivencia de la diversidad. Este no pretende ser un texto escandaloso y no contiene exageraci\u00f3n alguna. Quiere solo ilustrar lo que eventualmente puede suceder si el Congreso y las legislaturas locales deciden, como pretenden Morena y \u00bfaliados?, suprimir las doscientas diputaciones plurinominales y dejar solamente las 300 de mayor\u00eda relativa.<\/p>\n","protected":false},"excerpt":{"rendered":"<p>Jos\u00e9 Woldenberg ___________________________ En 1985, se van a cumplir cuarenta a\u00f1os, se llevaron a cabo las terceras elecciones federales despu\u00e9s de la importante reforma de 1977. S\u00f3lo se trat\u00f3 de conformar la C\u00e1mara de Diputados que entonces se integraba con 300 diputados uninominales y 100 plurinominales. No es solo un ejercicio memorioso o nost\u00e1lgico, sino [&hellip;]<\/p>\n","protected":false},"author":6,"featured_media":43694,"comment_status":"open","ping_status":"open","sticky":false,"template":"","format":"standard","meta":{"_acf_changed":false,"_monsterinsights_skip_tracking":false,"slim_seo":{"title":"1985: \u00bfpara vislumbrar el futuro? - Opini\u00f3n P\u00fablica","description":"Jos\u00e9 Woldenberg ___________________________ En 1985, se van a cumplir cuarenta a\u00f1os, se llevaron a cabo las terceras elecciones federales despu\u00e9s de la importan"},"footnotes":""},"categories":[26],"tags":[782],"class_list":["post-52148","post","type-post","status-publish","format-standard","has-post-thumbnail","hentry","category-de-chile-dulce-y-manteca-columna-invitada","tag-jose-woldenberg"],"acf":[],"_links":{"self":[{"href":"https:\/\/www.opinionpublica.tv\/portada\/wp-json\/wp\/v2\/posts\/52148","targetHints":{"allow":["GET"]}}],"collection":[{"href":"https:\/\/www.opinionpublica.tv\/portada\/wp-json\/wp\/v2\/posts"}],"about":[{"href":"https:\/\/www.opinionpublica.tv\/portada\/wp-json\/wp\/v2\/types\/post"}],"author":[{"embeddable":true,"href":"https:\/\/www.opinionpublica.tv\/portada\/wp-json\/wp\/v2\/users\/6"}],"replies":[{"embeddable":true,"href":"https:\/\/www.opinionpublica.tv\/portada\/wp-json\/wp\/v2\/comments?post=52148"}],"version-history":[{"count":3,"href":"https:\/\/www.opinionpublica.tv\/portada\/wp-json\/wp\/v2\/posts\/52148\/revisions"}],"predecessor-version":[{"id":52151,"href":"https:\/\/www.opinionpublica.tv\/portada\/wp-json\/wp\/v2\/posts\/52148\/revisions\/52151"}],"wp:featuredmedia":[{"embeddable":true,"href":"https:\/\/www.opinionpublica.tv\/portada\/wp-json\/wp\/v2\/media\/43694"}],"wp:attachment":[{"href":"https:\/\/www.opinionpublica.tv\/portada\/wp-json\/wp\/v2\/media?parent=52148"}],"wp:term":[{"taxonomy":"category","embeddable":true,"href":"https:\/\/www.opinionpublica.tv\/portada\/wp-json\/wp\/v2\/categories?post=52148"},{"taxonomy":"post_tag","embeddable":true,"href":"https:\/\/www.opinionpublica.tv\/portada\/wp-json\/wp\/v2\/tags?post=52148"}],"curies":[{"name":"wp","href":"https:\/\/api.w.org\/{rel}","templated":true}]}}