{"id":52075,"date":"2025-01-25T00:01:00","date_gmt":"2025-01-25T07:01:00","guid":{"rendered":"https:\/\/www.opinionpublica.tv\/portada\/?p=52075"},"modified":"2025-01-24T15:10:39","modified_gmt":"2025-01-24T22:10:39","slug":"indulta-trump-a-23-antiabortistas-muchas-son-personas-mayores","status":"publish","type":"post","link":"https:\/\/www.opinionpublica.tv\/portada\/indulta-trump-a-23-antiabortistas-muchas-son-personas-mayores\/","title":{"rendered":"Trump concede indulto a 23 antiabortistas: \u00abMuchas son personas mayores\u00bb"},"content":{"rendered":"\n<figure class=\"wp-block-image size-full\"><img fetchpriority=\"high\" decoding=\"async\" width=\"800\" height=\"600\" src=\"https:\/\/www.opinionpublica.tv\/portada\/wp-content\/uploads\/2025\/01\/Trump-concede-indulto-a-23-antiabortistas-22Muchas-son-personas-mayores22.webp\" alt=\"Trump Concede Indulto A 23 Antiabortistas %22muchas Son Personas Mayores%22\" class=\"wp-image-52078\" srcset=\"https:\/\/www.opinionpublica.tv\/portada\/wp-content\/uploads\/2025\/01\/Trump-concede-indulto-a-23-antiabortistas-22Muchas-son-personas-mayores22.webp 800w, https:\/\/www.opinionpublica.tv\/portada\/wp-content\/uploads\/2025\/01\/Trump-concede-indulto-a-23-antiabortistas-22Muchas-son-personas-mayores22-300x225.webp 300w, https:\/\/www.opinionpublica.tv\/portada\/wp-content\/uploads\/2025\/01\/Trump-concede-indulto-a-23-antiabortistas-22Muchas-son-personas-mayores22-768x576.webp 768w\" sizes=\"(max-width: 800px) 100vw, 800px\" \/><\/figure>\n\n\n\n<p class=\"wp-block-paragraph\">El presidente de Estados Unidos, Donald Trump, firm\u00f3 este jueves un decreto que indulta a 23 antiabortistas procesados por el anterior gobierno de Joe Biden.<\/p>\n\n\n\n<p class=\"wp-block-paragraph\">No deber\u00edan haber sido procesados. Muchos de ellos son personas mayores\u00bb, declar\u00f3 Trump a los periodistas en el despacho oval de la Casa Blanca. \u00abEs un gran honor firmar esto\u00bb, a\u00f1adi\u00f3.<\/p>\n\n\n\n<p class=\"wp-block-paragraph\">El anuncio se produce la v\u00edspera de una gran manifestaci\u00f3n antiaborto en Washington, conocida como \u00abMarcha por la vida\u00bb.<\/p>\n\n\n\n<p class=\"wp-block-paragraph\">Seg\u00fan la prensa estadunidense, el millonario de 78 a\u00f1os participar\u00e1 en ella por videoconferencia. Se espera que el vicepresidente J.D. Vance asista.<\/p>\n\n\n\n<p class=\"wp-block-paragraph\">Durante la campa\u00f1a Trump eludi\u00f3 pronunciarse claramente sobre el derecho al aborto, un tema pol\u00edticamente peliagudo.<\/p>\n\n\n\n<p class=\"wp-block-paragraph\">La derecha cristiana reclama restricciones federales y el republicano prefiere dejar la decisi\u00f3n en manos de los estados.<\/p>\n\n\n\n<p class=\"wp-block-paragraph\">Pero en varias ocasiones ha presumido de haber contribuido al fin del derecho constitucional al aborto decidido en junio de 2022 gracias a sus nombramientos de magistrados conservadores para la Corte Suprema.<\/p>\n\n\n\n<p class=\"wp-block-paragraph\">Despu\u00e9s del giro de la jurisprudencia, muchos estados conservadores han prohibido o restringido severamente el recurso al aborto.<\/p>\n\n\n\n<p class=\"wp-block-paragraph\">Desde su toma de posesi\u00f3n el lunes, Donald Trump ha emitido una serie de indultos para complacer a sus partidarios, empezando por el espectacular perd\u00f3n concedido a mil 500 personas condenadas por asaltar el Capitolio en enero de 2021.<\/p>\n\n\n\n<p class=\"wp-block-paragraph\">Tambi\u00e9n indult\u00f3 a dos agentes de polic\u00eda condenados por una persecuci\u00f3n ilegal en la que muri\u00f3 un hombre negro en 2020. (Exc\u00e9lsior)<\/p>\n","protected":false},"excerpt":{"rendered":"<p>El presidente de Estados Unidos, Donald Trump, firm\u00f3 este jueves un decreto que indulta a 23 antiabortistas procesados por el anterior gobierno de Joe Biden. No deber\u00edan haber sido procesados. Muchos de ellos son personas mayores\u00bb, declar\u00f3 Trump a los periodistas en el despacho oval de la Casa Blanca. \u00abEs un gran honor firmar esto\u00bb, [&hellip;]<\/p>\n","protected":false},"author":6,"featured_media":52078,"comment_status":"open","ping_status":"open","sticky":false,"template":"","format":"standard","meta":{"_acf_changed":false,"_monsterinsights_skip_tracking":false,"slim_seo":{"title":"Trump concede indulto a 23 antiabortistas: \"Muchas son personas mayores\" - Opini\u00f3n P\u00fablica","description":"El presidente de Estados Unidos, Donald Trump, firm\u00f3 este jueves un decreto que indulta a 23 antiabortistas procesados por el anterior gobierno de Joe Biden. No"},"footnotes":""},"categories":[4],"tags":[],"class_list":["post-52075","post","type-post","status-publish","format-standard","has-post-thumbnail","hentry","category-pulsopolitico"],"acf":[],"_links":{"self":[{"href":"https:\/\/www.opinionpublica.tv\/portada\/wp-json\/wp\/v2\/posts\/52075","targetHints":{"allow":["GET"]}}],"collection":[{"href":"https:\/\/www.opinionpublica.tv\/portada\/wp-json\/wp\/v2\/posts"}],"about":[{"href":"https:\/\/www.opinionpublica.tv\/portada\/wp-json\/wp\/v2\/types\/post"}],"author":[{"embeddable":true,"href":"https:\/\/www.opinionpublica.tv\/portada\/wp-json\/wp\/v2\/users\/6"}],"replies":[{"embeddable":true,"href":"https:\/\/www.opinionpublica.tv\/portada\/wp-json\/wp\/v2\/comments?post=52075"}],"version-history":[{"count":3,"href":"https:\/\/www.opinionpublica.tv\/portada\/wp-json\/wp\/v2\/posts\/52075\/revisions"}],"predecessor-version":[{"id":52079,"href":"https:\/\/www.opinionpublica.tv\/portada\/wp-json\/wp\/v2\/posts\/52075\/revisions\/52079"}],"wp:featuredmedia":[{"embeddable":true,"href":"https:\/\/www.opinionpublica.tv\/portada\/wp-json\/wp\/v2\/media\/52078"}],"wp:attachment":[{"href":"https:\/\/www.opinionpublica.tv\/portada\/wp-json\/wp\/v2\/media?parent=52075"}],"wp:term":[{"taxonomy":"category","embeddable":true,"href":"https:\/\/www.opinionpublica.tv\/portada\/wp-json\/wp\/v2\/categories?post=52075"},{"taxonomy":"post_tag","embeddable":true,"href":"https:\/\/www.opinionpublica.tv\/portada\/wp-json\/wp\/v2\/tags?post=52075"}],"curies":[{"name":"wp","href":"https:\/\/api.w.org\/{rel}","templated":true}]}}