{"id":52044,"date":"2025-01-24T00:01:00","date_gmt":"2025-01-24T07:01:00","guid":{"rendered":"https:\/\/www.opinionpublica.tv\/portada\/?p=52044"},"modified":"2025-01-24T07:13:20","modified_gmt":"2025-01-24T14:13:20","slug":"persecutor","status":"publish","type":"post","link":"https:\/\/www.opinionpublica.tv\/portada\/persecutor\/","title":{"rendered":"Persecutor"},"content":{"rendered":"\n<h4 class=\"wp-block-heading\">Ra\u00fal Ruiz<\/h4>\n\n\n\n<p class=\"wp-block-paragraph\">___________________________<\/p>\n\n\n\n<p class=\"wp-block-paragraph\">Trump reloaded, lleg\u00f3 a su segundo mandato con uniforme de dictador.<\/p>\n\n\n\n<p class=\"wp-block-paragraph\">Un dictador es un l\u00edder pol\u00edtico que ejerce el poder de manera absoluta y autoritaria, sin ser limitado por leyes, constituciones, o instituciones democr\u00e1ticas.<\/p>\n\n\n\n<p class=\"wp-block-paragraph\">Algunas caracter\u00edsticas t\u00edpicas de un dictador incluyen:<\/p>\n\n\n\n<p class=\"wp-block-paragraph\">&#8211; Poder Centralizado: Control absoluto sobre el gobierno y las instituciones del estado.<\/p>\n\n\n\n<p class=\"wp-block-paragraph\">&#8211; Represi\u00f3n: Uso de la fuerza, censura y otras t\u00e1cticas coercitivas para silenciar la oposici\u00f3n y mantener el control.<\/p>\n\n\n\n<p class=\"wp-block-paragraph\">&#8211; Culto a la Personalidad: Promoci\u00f3n de una imagen idealizada, a menudo mediante propaganda.<\/p>\n\n\n\n<p class=\"wp-block-paragraph\">Aqu\u00ed les pongo tres de los dictadores m\u00e1s notorios y crueles de la historia:<\/p>\n\n\n\n<p class=\"wp-block-paragraph\">1. Adolfo Hitler: L\u00edder de la Alemania nazi, responsable del Holocausto y la muerte de aproximadamente 17 millones de personas.<\/p>\n\n\n\n<p class=\"wp-block-paragraph\">2. Josef Stalin: Dictador de la Uni\u00f3n Sovi\u00e9tica, conocido por sus purgas pol\u00edticas y hambrunas forzadas, con un estimado de 23 millones de muertes.<\/p>\n\n\n\n<p class=\"wp-block-paragraph\">3. Mao Zedong: L\u00edder de la Revoluci\u00f3n Comunista en China, responsable de pol\u00edticas como el Gran Salto Adelante y la Revoluci\u00f3n Cultural, que resultaron en la muerte de entre 49 y 78 millones de personas.<\/p>\n\n\n\n<p class=\"wp-block-paragraph\">Estos l\u00edderes dejaron un legado de sufrimiento y opresi\u00f3n que a\u00fan se recuerda hoy en d\u00eda.<\/p>\n\n\n\n<p class=\"wp-block-paragraph\">Sufrimiento, opresi\u00f3n, angustia, terror.<\/p>\n\n\n\n<p class=\"wp-block-paragraph\">Son algunos de sus activos peculiares.<\/p>\n\n\n\n<p class=\"wp-block-paragraph\">Y el arribo de Donald Trump al poder como presidente n\u00famero 47 de los Estados Unidos,&nbsp; lo ubica pr\u00e1cticamente en esa categor\u00eda.<\/p>\n\n\n\n<p class=\"wp-block-paragraph\">Curiosamente, en su discurso, cataloga a sus m\u00e1s despreciables hom\u00f3logos de otros pa\u00edses como tiranos, aut\u00f3cratas y antidemocr\u00e1ticos.<\/p>\n\n\n\n<p class=\"wp-block-paragraph\">\u00abLa viga en el ojo ajeno\u00bb, dec\u00edan en la Biblia San Mateo y San Lucas.<\/p>\n\n\n\n<p class=\"wp-block-paragraph\">Se refiere a la dificultad de reconocer los propios defectos, mientras que uno es capaz de ver los de los dem\u00e1s.<\/p>\n\n\n\n<p class=\"wp-block-paragraph\">Con una crueldad xenof\u00f3bica solamente comparable a la que en su momento desplegaron los dictadores arriba enunciados, Donald Trump, arremete contra los migrantes (particularmente mexicanos) y personas de la comunidad gay.<\/p>\n\n\n\n<p class=\"wp-block-paragraph\">Y por extensi\u00f3n, a los simpatizantes del movimiento cultural \u00abwoke\u00bb.<\/p>\n\n\n\n<p class=\"wp-block-paragraph\">Una persona \u00abwoke\u00bb, es la que est\u00e1 alerta a la discriminaci\u00f3n y la injusticia.<\/p>\n\n\n\n<p class=\"wp-block-paragraph\">A cinco d\u00edas de su toma de protesta, comienza una persecuci\u00f3n de indocumentados en hospitales, iglesias y escuelas, pas\u00e1ndose por el arco del triunfo, conceptos humanitarios como \u00abCiudad Santuario\u00bb.<\/p>\n\n\n\n<p class=\"wp-block-paragraph\">Ciudad santuario (en ingl\u00e9s: sanctuary city) se refiere a las jurisdicciones municipales, que limitan su cooperaci\u00f3n con el esfuerzo del gobierno nacional para hacer cumplir la ley de inmigraci\u00f3n.<\/p>\n\n\n\n<p class=\"wp-block-paragraph\">Los dirigentes de las ciudades santuario afirman que quieren reducir el miedo a la deportaci\u00f3n y a la posible ruptura familiar entre las personas que se encuentran en el pa\u00eds de forma ilegal.<\/p>\n\n\n\n<p class=\"wp-block-paragraph\">En Estados Unidos, las pol\u00edticas municipales incluyen la prohibici\u00f3n de que la polic\u00eda o los empleados de la ciudad interroguen a las personas sobre su estatus migratorio y la denegaci\u00f3n de las solicitudes de las autoridades nacionales de inmigraci\u00f3n para detener a las personas m\u00e1s all\u00e1 de su fecha de puesta en libertad.<\/p>\n\n\n\n<p class=\"wp-block-paragraph\">Pero hoy, es otra cosa.<\/p>\n\n\n\n<p class=\"wp-block-paragraph\">De hecho, el presidente Trump, encuentra mucha resistencia en estos sectores, que reniegan de su imprudente hostilidad.<\/p>\n\n\n\n<p class=\"wp-block-paragraph\">En EU, las \u00abCiudades Santuario\u00bb son las siguientes: San Diego, Los \u00c1ngeles, San Francisco, Miami, Chicago, Seattle, Houston, Phoenix, Austin, Dallas, Washington D.C., Detroit, Salt Lake City, Minneapolis, Baltimore, Portland (ambas Maine y Oregon), Denver, New York City, Chicago y todo el estado de New Jersey.<\/p>\n\n\n\n<p class=\"wp-block-paragraph\">Pero bajo el mandato de Trump, habr\u00e1 una corretiza endemoniada, con la misma sa\u00f1a que se desat\u00f3 en Salem contra mujeres consideradas brujas por fechas del 1629 en Massachusetts.<\/p>\n\n\n\n<p class=\"wp-block-paragraph\">Sin \u00e1pice de sensibilidad pol\u00edtica, arremete contra los esquemas de vanguardia, justificando sus ocurrencias con ordenamientos aparentemente nacionalistas, pero que de manera inconsciente, lastiman a importantes c\u00edrculos de la sociedad norteamericana.<\/p>\n\n\n\n<p class=\"wp-block-paragraph\">No s\u00f3lo eso, \u00e9l, como todos los que sufren complejo de superioridad; o sea, el fen\u00f3meno psicol\u00f3gico que se caracteriza por la creencia de que se es superior a los dem\u00e1s. Por su condici\u00f3n, suelen ser arrogantes, prepotentes y despreciativas.<\/p>\n\n\n\n<p class=\"wp-block-paragraph\">Se piensa omnipotente y entre otras ocurrencias, a trav\u00e9s de un decreto, pretende poner fin a la ciudadan\u00eda por derecho de nacimiento, un importante desaf\u00edo constitucional a una de las pol\u00edticas emblem\u00e1ticas de la Casa Blanca.<\/p>\n\n\n\n<p class=\"wp-block-paragraph\">M\u00e1s de una docena de Estados dem\u00f3cratas, han demandado ya a Donald Trump por esta aberraci\u00f3n.<\/p>\n\n\n\n<p class=\"wp-block-paragraph\">La demanda alega que un decreto de Trump firmado el lunes pasado, viola la Decimocuarta Enmienda de la Constituci\u00f3n, que otorga el derecho constitucional de ciudadan\u00eda a todos los menores nacidos en Estados Unidos.<\/p>\n\n\n\n<p class=\"wp-block-paragraph\">Es muy probable que tanto odio que profesa, se le pueda revertir.<\/p>\n\n\n\n<p class=\"wp-block-paragraph\">Est\u00e1 metiendo en un perol hirviente demasiados ingredientes explosivos.<\/p>\n\n\n\n<p class=\"wp-block-paragraph\">Necesita con urgencia leer a Sun Tzu en el Arte de la Guerra.<\/p>\n\n\n\n<p class=\"wp-block-paragraph\">En el Cap\u00edtulo 3, titulado \u00abLa Estrategia de la Guerra\u00bb, Sun Tzu aconseja evitar la dispersi\u00f3n de recursos y fuerzas, subrayando la importancia de concentrarse en un s\u00f3lo objetivo para asegurar la victoria.<\/p>\n\n\n\n<p class=\"wp-block-paragraph\">Abrir m\u00faltiples frentes puede debilitar el esfuerzo general y exponer vulnerabilidades.<\/p>\n\n\n\n<p class=\"wp-block-paragraph\">S\u00e9 que esta recomendaci\u00f3n de lectura, le parecer\u00e1 inocua, a Trump, pues una vez modido por la hybris, solo espera soportar su castigo final, que sin duda lo alcanzar\u00e1.<\/p>\n\n\n\n<p class=\"wp-block-paragraph\">Mientras tanto, el orbe tendr\u00e1 que librar, esquivar, saltar, los primeros chicotazos de su locura, pues en su inconsciencia, no advierte que tiene acceso a utensilios que pueden causar mucho da\u00f1o.<\/p>\n\n\n\n<p class=\"wp-block-paragraph\">Dios los agarre confesados.<\/p>\n","protected":false},"excerpt":{"rendered":"<p>Ra\u00fal Ruiz ___________________________ Trump reloaded, lleg\u00f3 a su segundo mandato con uniforme de dictador. Un dictador es un l\u00edder pol\u00edtico que ejerce el poder de manera absoluta y autoritaria, sin ser limitado por leyes, constituciones, o instituciones democr\u00e1ticas. Algunas caracter\u00edsticas t\u00edpicas de un dictador incluyen: &#8211; Poder Centralizado: Control absoluto sobre el gobierno y las [&hellip;]<\/p>\n","protected":false},"author":6,"featured_media":43347,"comment_status":"open","ping_status":"open","sticky":false,"template":"","format":"standard","meta":{"_acf_changed":false,"_monsterinsights_skip_tracking":false,"slim_seo":{"title":"Persecutor - Opini\u00f3n P\u00fablica","description":"Ra\u00fal Ruiz ___________________________ Trump reloaded, lleg\u00f3 a su segundo mandato con uniforme de dictador. Un dictador es un l\u00edder pol\u00edtico que ejerce el poder"},"footnotes":""},"categories":[21],"tags":[593],"class_list":["post-52044","post","type-post","status-publish","format-standard","has-post-thumbnail","hentry","category-cartapacio","tag-cartapacio"],"acf":[],"_links":{"self":[{"href":"https:\/\/www.opinionpublica.tv\/portada\/wp-json\/wp\/v2\/posts\/52044","targetHints":{"allow":["GET"]}}],"collection":[{"href":"https:\/\/www.opinionpublica.tv\/portada\/wp-json\/wp\/v2\/posts"}],"about":[{"href":"https:\/\/www.opinionpublica.tv\/portada\/wp-json\/wp\/v2\/types\/post"}],"author":[{"embeddable":true,"href":"https:\/\/www.opinionpublica.tv\/portada\/wp-json\/wp\/v2\/users\/6"}],"replies":[{"embeddable":true,"href":"https:\/\/www.opinionpublica.tv\/portada\/wp-json\/wp\/v2\/comments?post=52044"}],"version-history":[{"count":4,"href":"https:\/\/www.opinionpublica.tv\/portada\/wp-json\/wp\/v2\/posts\/52044\/revisions"}],"predecessor-version":[{"id":52062,"href":"https:\/\/www.opinionpublica.tv\/portada\/wp-json\/wp\/v2\/posts\/52044\/revisions\/52062"}],"wp:featuredmedia":[{"embeddable":true,"href":"https:\/\/www.opinionpublica.tv\/portada\/wp-json\/wp\/v2\/media\/43347"}],"wp:attachment":[{"href":"https:\/\/www.opinionpublica.tv\/portada\/wp-json\/wp\/v2\/media?parent=52044"}],"wp:term":[{"taxonomy":"category","embeddable":true,"href":"https:\/\/www.opinionpublica.tv\/portada\/wp-json\/wp\/v2\/categories?post=52044"},{"taxonomy":"post_tag","embeddable":true,"href":"https:\/\/www.opinionpublica.tv\/portada\/wp-json\/wp\/v2\/tags?post=52044"}],"curies":[{"name":"wp","href":"https:\/\/api.w.org\/{rel}","templated":true}]}}