{"id":52020,"date":"2025-01-24T00:01:00","date_gmt":"2025-01-24T07:01:00","guid":{"rendered":"https:\/\/www.opinionpublica.tv\/portada\/?p=52020"},"modified":"2025-01-23T19:26:31","modified_gmt":"2025-01-24T02:26:31","slug":"donald-trump-con-mexico-vamos-muy-bien-con-canada-ha-sido-dificil-negociar-dice","status":"publish","type":"post","link":"https:\/\/www.opinionpublica.tv\/portada\/donald-trump-con-mexico-vamos-muy-bien-con-canada-ha-sido-dificil-negociar-dice\/","title":{"rendered":"\u00abCon M\u00e9xico vamos muy bien, con Canad\u00e1 ha sido m\u00e1s dif\u00edcil negociar\u00bb: Donald Trump"},"content":{"rendered":"\n<figure class=\"wp-block-image size-full\"><img fetchpriority=\"high\" decoding=\"async\" width=\"1100\" height=\"666\" src=\"https:\/\/www.opinionpublica.tv\/portada\/wp-content\/uploads\/2025\/01\/22Con-Mexico-vamos-muy-bien-con-Canada-ha-sido-mas-dificil-negociar22-Donald-Trump.avif\" alt=\"%22con Me\u0301xico Vamos Muy Bien Con Canada\u0301 Ha Sido Ma\u0301s Difi\u0301cil Negociar%22 Donald Trump\" class=\"wp-image-52026\"\/><\/figure>\n\n\n\n<p class=\"wp-block-paragraph\"><em>Washington, DC, EU<\/em>.- El presidente de Estados Unidos, Donald Trump, asegur\u00f3 que \u00abvamos muy bien\u00bb con M\u00e9xico, una situaci\u00f3n que contrast\u00f3 con la de Canad\u00e1, pa\u00eds con el que, dijo, tenemos un \u201ctremendo d\u00e9ficit\u201d.<\/p>\n\n\n\n<p class=\"wp-block-paragraph\">Durante su participaci\u00f3n por videoconferencia en el Foro de Davos, en Suiza, Trump subray\u00f3 que Estados Unidos exige que los dem\u00e1s pa\u00edses lo traten con \u201crespeto\u201d.<\/p>\n\n\n\n<p class=\"wp-block-paragraph\">Us\u00f3 el caso de Canad\u00e1 como ejemplo. \u201cCanad\u00e1 es un pa\u00eds con el que tenemos un tremendo d\u00e9ficit. Canad\u00e1 ha sido un pa\u00eds con el que ha sido dif\u00edcil negociar a lo largo de los a\u00f1os\u201d, se\u00f1al\u00f3.<\/p>\n\n\n\n<p class=\"wp-block-paragraph\">\u201cNo podemos seguir as\u00ed\u201d, se\u00f1al\u00f3, y record\u00f3 su oferta de que el pa\u00eds se vuelva el estado 51 de Estados Unidos.<\/p>\n\n\n\n<p class=\"wp-block-paragraph\">Trump se quej\u00f3 de que existe un d\u00e9ficit de \u201c250 mil millones de d\u00f3lares en la balanza comercial. No los necesitamos para hacer nuestros coches. No necesitamos su petr\u00f3leo ni su gas. Todo eso lo tenemos\u201d.<\/p>\n\n\n\n<p class=\"wp-block-paragraph\">El mandatario estadounidense subray\u00f3 que \u201cno es justo que tengamos un d\u00e9ficit de 250 mil millones de d\u00f3lares\u201d.<\/p>\n\n\n\n<p class=\"wp-block-paragraph\">Fue entonces cuando hizo la comparaci\u00f3n con M\u00e9xico. \u201cPor otra parte, con M\u00e9xico, estamos tratando con M\u00e9xico, creo que vamos muy bien\u201d.<\/p>\n\n\n\n<p class=\"wp-block-paragraph\"><strong>Europa ha tratado \u201cmuy injustamente\u201d a EU, dice Trump<\/strong><\/p>\n\n\n\n<p class=\"wp-block-paragraph\">Trump se\u00f1al\u00f3 que \u201csolo queremos que nos traten con equidad otras naciones\u201d. Denunci\u00f3 que la Uni\u00f3n Europea ha tratado \u201cmuy injustamente\u201d a Estados Unidos.<\/p>\n\n\n\n<p class=\"wp-block-paragraph\">Tambi\u00e9n se refiri\u00f3 a China. Dijo que el presidente Xi Jinping ya lo llam\u00f3, pero a\u00f1adi\u00f3 que no va a tolerar el d\u00e9ficit comercial que arrastra su pa\u00eds con Beijing.<\/p>\n\n\n\n<p class=\"wp-block-paragraph\">Trump reclam\u00f3 en el evento a los pa\u00edses que \u201cvengan a fabricar en Estados Unidos y les ofreceremos algunos de los impuestos m\u00e1s bajos que cualquier naci\u00f3n en la tierra\u201d.<\/p>\n\n\n\n<p class=\"wp-block-paragraph\">De lo contrario, advirti\u00f3, \u201csimplemente tendr\u00e1n que pagar un arancel\u2026 Un arancel que dejar\u00e1 cientos de miles de millones de d\u00f3lares, incluso billones de d\u00f3lares, a nuestro Tesoro, para fortalecer nuestra econom\u00eda y pagar la deuda bajo la administraci\u00f3n Trump\u201d. (El Universal)<\/p>\n","protected":false},"excerpt":{"rendered":"<p>Washington, DC, EU.- El presidente de Estados Unidos, Donald Trump, asegur\u00f3 que \u00abvamos muy bien\u00bb con M\u00e9xico, una situaci\u00f3n que contrast\u00f3 con la de Canad\u00e1, pa\u00eds con el que, dijo, tenemos un \u201ctremendo d\u00e9ficit\u201d. Durante su participaci\u00f3n por videoconferencia en el Foro de Davos, en Suiza, Trump subray\u00f3 que Estados Unidos exige que los dem\u00e1s [&hellip;]<\/p>\n","protected":false},"author":6,"featured_media":52026,"comment_status":"open","ping_status":"open","sticky":false,"template":"","format":"standard","meta":{"_acf_changed":false,"_monsterinsights_skip_tracking":false,"slim_seo":{"title":"\"Con M\u00e9xico vamos muy bien, con Canad\u00e1 ha sido m\u00e1s dif\u00edcil negociar\": Donald Trump - Opini\u00f3n P\u00fablica","description":"Washington, DC, EU .- El presidente de Estados Unidos, Donald Trump, asegur\u00f3 que \"vamos muy bien\" con M\u00e9xico, una situaci\u00f3n que contrast\u00f3 con la de Canad\u00e1, pa\u00eds"},"footnotes":""},"categories":[4],"tags":[],"class_list":["post-52020","post","type-post","status-publish","format-standard","has-post-thumbnail","hentry","category-pulsopolitico"],"acf":[],"_links":{"self":[{"href":"https:\/\/www.opinionpublica.tv\/portada\/wp-json\/wp\/v2\/posts\/52020","targetHints":{"allow":["GET"]}}],"collection":[{"href":"https:\/\/www.opinionpublica.tv\/portada\/wp-json\/wp\/v2\/posts"}],"about":[{"href":"https:\/\/www.opinionpublica.tv\/portada\/wp-json\/wp\/v2\/types\/post"}],"author":[{"embeddable":true,"href":"https:\/\/www.opinionpublica.tv\/portada\/wp-json\/wp\/v2\/users\/6"}],"replies":[{"embeddable":true,"href":"https:\/\/www.opinionpublica.tv\/portada\/wp-json\/wp\/v2\/comments?post=52020"}],"version-history":[{"count":5,"href":"https:\/\/www.opinionpublica.tv\/portada\/wp-json\/wp\/v2\/posts\/52020\/revisions"}],"predecessor-version":[{"id":52028,"href":"https:\/\/www.opinionpublica.tv\/portada\/wp-json\/wp\/v2\/posts\/52020\/revisions\/52028"}],"wp:featuredmedia":[{"embeddable":true,"href":"https:\/\/www.opinionpublica.tv\/portada\/wp-json\/wp\/v2\/media\/52026"}],"wp:attachment":[{"href":"https:\/\/www.opinionpublica.tv\/portada\/wp-json\/wp\/v2\/media?parent=52020"}],"wp:term":[{"taxonomy":"category","embeddable":true,"href":"https:\/\/www.opinionpublica.tv\/portada\/wp-json\/wp\/v2\/categories?post=52020"},{"taxonomy":"post_tag","embeddable":true,"href":"https:\/\/www.opinionpublica.tv\/portada\/wp-json\/wp\/v2\/tags?post=52020"}],"curies":[{"name":"wp","href":"https:\/\/api.w.org\/{rel}","templated":true}]}}