{"id":51899,"date":"2025-01-22T00:01:00","date_gmt":"2025-01-22T07:01:00","guid":{"rendered":"https:\/\/www.opinionpublica.tv\/portada\/?p=51899"},"modified":"2025-01-21T19:39:56","modified_gmt":"2025-01-22T02:39:56","slug":"cuatro-ordenes-ejecutivas-de-donald-trump-que-afectan-directamente-a-america-latina","status":"publish","type":"post","link":"https:\/\/www.opinionpublica.tv\/portada\/cuatro-ordenes-ejecutivas-de-donald-trump-que-afectan-directamente-a-america-latina\/","title":{"rendered":"Video: Cuatro \u00f3rdenes de Trump que afectan a Am\u00e9rica Latina | BBC"},"content":{"rendered":"\n<p class=\"wp-block-paragraph\"><a href=\"https:\/\/www.youtube.com\/@BBCMundo\"><\/a><\/p>\n\n\n\n<figure class=\"wp-block-embed is-type-video is-provider-youtube wp-block-embed-youtube wp-embed-aspect-16-9 wp-has-aspect-ratio\"><div class=\"wp-block-embed__wrapper\">\n<iframe title=\"4 \u00f3rdenes ejecutivas de Donald Trump que afectan directamente a Am\u00e9rica Latina\" width=\"800\" height=\"450\" src=\"https:\/\/www.youtube.com\/embed\/ow8hi_okncM?feature=oembed\" frameborder=\"0\" allow=\"accelerometer; autoplay; clipboard-write; encrypted-media; gyroscope; picture-in-picture; web-share\" referrerpolicy=\"strict-origin-when-cross-origin\" allowfullscreen><\/iframe>\n<\/div><\/figure>\n\n\n\n<p class=\"wp-block-paragraph\">En las primeras horas de su segundo mandato, Donald Trump firm\u00f3 una avalancha de \u00f3rdenes ejecutivas en muchas materias, desde el cambio clim\u00e1tico hasta la diversidad y el g\u00e9nero.<\/p>\n\n\n\n<p class=\"wp-block-paragraph\">Pero, tal cual lo prometi\u00f3 en campa\u00f1a, le di\u00f3 importancia al tema migratorio y a emprender una deportaci\u00f3n masiva hist\u00f3rica. Las \u00f3rdenes ejecutivas tienen efectos similares a los de una ley, pero pueden ser revocadas por presidentes subsiguientes o por los tribunales.<\/p>\n\n\n\n<p class=\"wp-block-paragraph\">Muchas podr\u00edan ser tambi\u00e9n impugnadas. En este video, BBC Mundo explica decisiones con las que Donald Trump inicia su segundo mandato y que afectan directamente a Am\u00e9rica Latina.<\/p>\n\n\n\n<p class=\"wp-block-paragraph\"><em>Cr\u00e9ditos: BBC Mundo<\/em>.<\/p>\n","protected":false},"excerpt":{"rendered":"<p>En las primeras horas de su segundo mandato, Donald Trump firm\u00f3 una avalancha de \u00f3rdenes ejecutivas en muchas materias, desde el cambio clim\u00e1tico hasta la diversidad y el g\u00e9nero. Pero, tal cual lo prometi\u00f3 en campa\u00f1a, le di\u00f3 importancia al tema migratorio y a emprender una deportaci\u00f3n masiva hist\u00f3rica. Las \u00f3rdenes ejecutivas tienen efectos similares [&hellip;]<\/p>\n","protected":false},"author":6,"featured_media":51904,"comment_status":"open","ping_status":"open","sticky":false,"template":"","format":"standard","meta":{"_acf_changed":false,"_monsterinsights_skip_tracking":false,"slim_seo":{"title":"Video: Cuatro \u00f3rdenes de Trump que afectan a Am\u00e9rica Latina | BBC - Opini\u00f3n P\u00fablica","description":"https:\/\/youtu.be\/ow8hi_okncM?si=iwaLOjg2_lNTzeik En las primeras horas de su segundo mandato, Donald Trump firm\u00f3 una avalancha de \u00f3rdenes ejecutivas en muchas m"},"footnotes":""},"categories":[2,13,8],"tags":[],"class_list":["post-51899","post","type-post","status-publish","format-standard","has-post-thumbnail","hentry","category-videos-destacados","category-videos-destacados-contenido","category-videos"],"acf":[],"_links":{"self":[{"href":"https:\/\/www.opinionpublica.tv\/portada\/wp-json\/wp\/v2\/posts\/51899","targetHints":{"allow":["GET"]}}],"collection":[{"href":"https:\/\/www.opinionpublica.tv\/portada\/wp-json\/wp\/v2\/posts"}],"about":[{"href":"https:\/\/www.opinionpublica.tv\/portada\/wp-json\/wp\/v2\/types\/post"}],"author":[{"embeddable":true,"href":"https:\/\/www.opinionpublica.tv\/portada\/wp-json\/wp\/v2\/users\/6"}],"replies":[{"embeddable":true,"href":"https:\/\/www.opinionpublica.tv\/portada\/wp-json\/wp\/v2\/comments?post=51899"}],"version-history":[{"count":3,"href":"https:\/\/www.opinionpublica.tv\/portada\/wp-json\/wp\/v2\/posts\/51899\/revisions"}],"predecessor-version":[{"id":51903,"href":"https:\/\/www.opinionpublica.tv\/portada\/wp-json\/wp\/v2\/posts\/51899\/revisions\/51903"}],"wp:featuredmedia":[{"embeddable":true,"href":"https:\/\/www.opinionpublica.tv\/portada\/wp-json\/wp\/v2\/media\/51904"}],"wp:attachment":[{"href":"https:\/\/www.opinionpublica.tv\/portada\/wp-json\/wp\/v2\/media?parent=51899"}],"wp:term":[{"taxonomy":"category","embeddable":true,"href":"https:\/\/www.opinionpublica.tv\/portada\/wp-json\/wp\/v2\/categories?post=51899"},{"taxonomy":"post_tag","embeddable":true,"href":"https:\/\/www.opinionpublica.tv\/portada\/wp-json\/wp\/v2\/tags?post=51899"}],"curies":[{"name":"wp","href":"https:\/\/api.w.org\/{rel}","templated":true}]}}