{"id":51873,"date":"2025-01-22T00:01:00","date_gmt":"2025-01-22T07:01:00","guid":{"rendered":"https:\/\/www.opinionpublica.tv\/portada\/?p=51873"},"modified":"2025-01-21T18:50:41","modified_gmt":"2025-01-22T01:50:41","slug":"ordena-trump-el-cierre-de-la-pagina-web-en-espanol-de-la-casa-blanca","status":"publish","type":"post","link":"https:\/\/www.opinionpublica.tv\/portada\/ordena-trump-el-cierre-de-la-pagina-web-en-espanol-de-la-casa-blanca\/","title":{"rendered":"Ahora Donald Trump ordena el cierre de la p\u00e1gina web en espa\u00f1ol de la Casa Blanca"},"content":{"rendered":"\n<figure class=\"wp-block-image size-large\"><img fetchpriority=\"high\" decoding=\"async\" width=\"1024\" height=\"576\" src=\"https:\/\/www.opinionpublica.tv\/portada\/wp-content\/uploads\/2025\/01\/Ahora-Donald-Trump-ordena-el-cierre-de-la-pagina-web-en-espanol-de-la-Casa-Blanca-1024x576.webp\" alt=\"Ahora Donald Trump Ordena El Cierre De La Pa\u0301gina Web En Espan\u0303ol De La Casa Blanca\" class=\"wp-image-51876\" srcset=\"https:\/\/www.opinionpublica.tv\/portada\/wp-content\/uploads\/2025\/01\/Ahora-Donald-Trump-ordena-el-cierre-de-la-pagina-web-en-espanol-de-la-Casa-Blanca-1024x576.webp 1024w, https:\/\/www.opinionpublica.tv\/portada\/wp-content\/uploads\/2025\/01\/Ahora-Donald-Trump-ordena-el-cierre-de-la-pagina-web-en-espanol-de-la-Casa-Blanca-300x169.webp 300w, https:\/\/www.opinionpublica.tv\/portada\/wp-content\/uploads\/2025\/01\/Ahora-Donald-Trump-ordena-el-cierre-de-la-pagina-web-en-espanol-de-la-Casa-Blanca-768x432.webp 768w, https:\/\/www.opinionpublica.tv\/portada\/wp-content\/uploads\/2025\/01\/Ahora-Donald-Trump-ordena-el-cierre-de-la-pagina-web-en-espanol-de-la-Casa-Blanca-1536x863.webp 1536w, https:\/\/www.opinionpublica.tv\/portada\/wp-content\/uploads\/2025\/01\/Ahora-Donald-Trump-ordena-el-cierre-de-la-pagina-web-en-espanol-de-la-Casa-Blanca.webp 1900w\" sizes=\"(max-width: 1024px) 100vw, 1024px\" \/><\/figure>\n\n\n\n<p class=\"wp-block-paragraph\">El regreso de Donald Trump a la presidencia de los Estados Unidos ha sido tan pol\u00e9mico como se esperaba, y no s\u00f3lo por los decretos relacionados con migraci\u00f3n, narcotr\u00e1fico y con el Golfo de \u201cAm\u00e9rica\u201d que firm\u00f3. Pues por la ma\u00f1ana, usuarios notaron que el sitio web y las redes sociales de la Casa Blanca en espa\u00f1ol estaban cerrados.<\/p>\n\n\n\n<p class=\"wp-block-paragraph\">Uno de los cambios m\u00e1s visibles es la nueva p\u00e1gina web de la Casa Blanca, que tiene un dise\u00f1o inspirado completamente en la personalidad de Trump, y que la versi\u00f3n del sitio en espa\u00f1ol ya no aparece en l\u00ednea debido a que orden\u00f3 su cierre. No es la primera vez que sucede, pues en 2017 durante su primer mandato, el republicano tom\u00f3 la misma medida.<\/p>\n\n\n\n<p class=\"wp-block-paragraph\">La p\u00e1gina https:\/\/www.whitehouse.gov\/es\/ marca error 404 y la leyenda \u201cpage no found\u201d (p\u00e1gina no hallada) y redirige a la versi\u00f3n en ingl\u00e9s. La misma situaci\u00f3n presenta la cuenta en X que se ten\u00eda en espa\u00f1ol de la Casa Blanca.<\/p>\n\n\n\n<p class=\"wp-block-paragraph\">Donald Trump lleg\u00f3 a la Casa Blanca con amagues y provocaciones similares en 2017 y 2025, por lo que las portadas no lucen muy distintas en ambas tomas de poder.<\/p>\n\n\n\n<p class=\"wp-block-paragraph\">Cabe mencionar que esta medida r\u00e1dical qued\u00f3 atr\u00e1s con la llegada de Joe Biden a la Casa Blanca, no obstante, con el regreso del republicano al poder, inmediatamente volvi\u00f3 a cerrar el sitio y sus redes.<\/p>\n\n\n\n<p class=\"wp-block-paragraph\">Nueva administraci\u00f3n, nueva imagen<\/p>\n\n\n\n<p class=\"wp-block-paragraph\">Donald Trump quiere demostrar que la \u201cera dorada\u201d que prometi\u00f3 en su primer discurso como presidente de Estados Unidos es una realidad y no tard\u00f3 en hacer cambios en la administraci\u00f3n federal y borrar todo rastro del pasado gobierno de Joe Biden.<\/p>\n\n\n\n<p class=\"wp-block-paragraph\">Al entrar al nuevo sitio de White House, hay un video introductorio donde se ve a un Donald Trump empoderador regresando a la Casa Blanca. Como le suele gustar a los estadounidenses, dicho contenido tiene su toque nacionalista y b\u00e9lico, pues el Ej\u00e9rcito le rinde honores al convertirse en el jefe de las Fuerzas Armadas.<\/p>\n\n\n\n<p class=\"wp-block-paragraph\">En su cuenta @POTUS, hay una imagen de portada con la leyenda \u201cAmerica is back\u201d (Estados Unidos est\u00e1 de regreso) y abajo su firma con el n\u00famero 47, que es el correspondiente a su mandato en la historia de ese pa\u00eds. Asimismo tiene un mensaje para los estadounidenses:<\/p>\n\n\n\n<p class=\"wp-block-paragraph\">Todos los d\u00edas luchar\u00e9 por ti con cada aliento de mi cuerpo. No descansar\u00e9 hasta que hayamos logrado el Estados Unidos fuerte, seguro y pr\u00f3spero que nuestros hijos merecen y que ustedes merecen. Esta ser\u00e1 verdaderamente la edad de oro de Estados Unidos.<\/p>\n\n\n\n<p class=\"wp-block-paragraph\">Finalmente, al puro estilo de Donald Trump, public\u00f3 un mensaje para \u201clos enemigos de Estados Unidos\u201d: Nuestras fuerzas armadas ser\u00e1n libres de concentrarse en su \u00fanica misi\u00f3n: DERROTAR A LOS ENEMIGOS DE ESTADOS UNIDOS\u201d.<\/p>\n","protected":false},"excerpt":{"rendered":"<p>El regreso de Donald Trump a la presidencia de los Estados Unidos ha sido tan pol\u00e9mico como se esperaba, y no s\u00f3lo por los decretos relacionados con migraci\u00f3n, narcotr\u00e1fico y con el Golfo de \u201cAm\u00e9rica\u201d que firm\u00f3. Pues por la ma\u00f1ana, usuarios notaron que el sitio web y las redes sociales de la Casa Blanca [&hellip;]<\/p>\n","protected":false},"author":6,"featured_media":51876,"comment_status":"open","ping_status":"open","sticky":false,"template":"","format":"standard","meta":{"_acf_changed":false,"_monsterinsights_skip_tracking":false,"slim_seo":{"title":"Ahora Donald Trump ordena el cierre de la p\u00e1gina web en espa\u00f1ol de la Casa Blanca - Opini\u00f3n P\u00fablica","description":"El regreso de Donald Trump a la presidencia de los Estados Unidos ha sido tan pol\u00e9mico como se esperaba, y no s\u00f3lo por los decretos relacionados con migraci\u00f3n,"},"footnotes":""},"categories":[4],"tags":[],"class_list":["post-51873","post","type-post","status-publish","format-standard","has-post-thumbnail","hentry","category-pulsopolitico"],"acf":[],"_links":{"self":[{"href":"https:\/\/www.opinionpublica.tv\/portada\/wp-json\/wp\/v2\/posts\/51873","targetHints":{"allow":["GET"]}}],"collection":[{"href":"https:\/\/www.opinionpublica.tv\/portada\/wp-json\/wp\/v2\/posts"}],"about":[{"href":"https:\/\/www.opinionpublica.tv\/portada\/wp-json\/wp\/v2\/types\/post"}],"author":[{"embeddable":true,"href":"https:\/\/www.opinionpublica.tv\/portada\/wp-json\/wp\/v2\/users\/6"}],"replies":[{"embeddable":true,"href":"https:\/\/www.opinionpublica.tv\/portada\/wp-json\/wp\/v2\/comments?post=51873"}],"version-history":[{"count":3,"href":"https:\/\/www.opinionpublica.tv\/portada\/wp-json\/wp\/v2\/posts\/51873\/revisions"}],"predecessor-version":[{"id":51878,"href":"https:\/\/www.opinionpublica.tv\/portada\/wp-json\/wp\/v2\/posts\/51873\/revisions\/51878"}],"wp:featuredmedia":[{"embeddable":true,"href":"https:\/\/www.opinionpublica.tv\/portada\/wp-json\/wp\/v2\/media\/51876"}],"wp:attachment":[{"href":"https:\/\/www.opinionpublica.tv\/portada\/wp-json\/wp\/v2\/media?parent=51873"}],"wp:term":[{"taxonomy":"category","embeddable":true,"href":"https:\/\/www.opinionpublica.tv\/portada\/wp-json\/wp\/v2\/categories?post=51873"},{"taxonomy":"post_tag","embeddable":true,"href":"https:\/\/www.opinionpublica.tv\/portada\/wp-json\/wp\/v2\/tags?post=51873"}],"curies":[{"name":"wp","href":"https:\/\/api.w.org\/{rel}","templated":true}]}}