{"id":51821,"date":"2025-01-21T00:01:00","date_gmt":"2025-01-21T07:01:00","guid":{"rendered":"https:\/\/www.opinionpublica.tv\/portada\/?p=51821"},"modified":"2025-01-20T18:26:49","modified_gmt":"2025-01-21T01:26:49","slug":"democracia-conservadora-democracia-liberal-2","status":"publish","type":"post","link":"https:\/\/www.opinionpublica.tv\/portada\/democracia-conservadora-democracia-liberal-2\/","title":{"rendered":"Democracia conservadora, democracia liberal"},"content":{"rendered":"\n<h4 class=\"wp-block-heading\">Juli\u00e1n Gonz\u00e1lez Herrell<\/h4>\n\n\n\n<p class=\"wp-block-paragraph\">___________________________<\/p>\n\n\n\n<p class=\"wp-block-paragraph\">Al presente existe la pugna entre los que se adhieren al discurso de la democracia liberal y los que se adhieren al discurso de la democracia conservadora.<\/p>\n\n\n\n<p class=\"wp-block-paragraph\">Bajo la mirada a la referida pugna, se hace necesario el siguiente planteamiento: \u00bfCu\u00e1l de las dos corrientes de pensamiento lleva a cabo acciones u omisiones que sustenten nuestras instituciones de acuerdo con el esp\u00edritu constitucionalista?<\/p>\n\n\n\n<p class=\"wp-block-paragraph\">Hay de las dos corrientes de pensamiento, aquellos que dicen que las cosas est\u00e1n mejorando en casi todos los sentidos. Muy amplio y difuso lo dicho y los hechos.<\/p>\n\n\n\n<p class=\"wp-block-paragraph\">En realidad existe una brecha creciente. Me refiero a un punto que considero relevante, la coherencia y estabilidad interna que las instituciones m\u00e1s significativas del pa\u00eds pueden otorgar.<\/p>\n\n\n\n<p class=\"wp-block-paragraph\">Al efecto, tal parece que el proyecto de las elites pol\u00edticas de ambos bandos ha sido el de importar valores de otras naciones estableciendo as\u00ed un \u00aborden internacional liberal\u00bb, y por lo tanto, sentando las bases de un poder universalista ideol\u00f3gicamente anti-tradicionalista, anti-nacionalista, anti-moralista, antirreligioso y por si fuera poco, el dejar hacer-dejar pasar lo que sea.<\/p>\n\n\n\n<p class=\"wp-block-paragraph\">Lo que vemos pues frente a nosotros en los discursos pol\u00edticos, es un choque de fuerzas entre dos poderosos movimientos \u2014 un movimiento \u00abliberal\u00bb que ha resurgido y un movimiento nacionalista que abiertamente busca resistir al otro a toda costa.<\/p>\n\n\n\n<p class=\"wp-block-paragraph\">No obstante la situaci\u00f3n actual del choque y pugna entre las corrientes liberales y conservadoras, se considera innegable que aquellos que pugnan por el nacionalismo mexicano, reconocen la necesidad de evitar el colapso y la ca\u00edda vertiginosa de un orden que haga sustentables las aspiraciones de la naci\u00f3n.<\/p>\n","protected":false},"excerpt":{"rendered":"<p>Juli\u00e1n Gonz\u00e1lez Herrell ___________________________ Al presente existe la pugna entre los que se adhieren al discurso de la democracia liberal y los que se adhieren al discurso de la democracia conservadora. Bajo la mirada a la referida pugna, se hace necesario el siguiente planteamiento: \u00bfCu\u00e1l de las dos corrientes de pensamiento lleva a cabo acciones [&hellip;]<\/p>\n","protected":false},"author":6,"featured_media":51822,"comment_status":"open","ping_status":"open","sticky":false,"template":"","format":"standard","meta":{"_acf_changed":false,"_monsterinsights_skip_tracking":false,"slim_seo":{"title":"Democracia conservadora, democracia liberal - Opini\u00f3n P\u00fablica","description":"Juli\u00e1n Gonz\u00e1lez Herrell ___________________________ Al presente existe la pugna entre los que se adhieren al discurso de la democracia liberal y los que se adhi"},"footnotes":""},"categories":[37],"tags":[1009],"class_list":["post-51821","post","type-post","status-publish","format-standard","has-post-thumbnail","hentry","category-boker-tov","tag-boker-tov"],"acf":[],"_links":{"self":[{"href":"https:\/\/www.opinionpublica.tv\/portada\/wp-json\/wp\/v2\/posts\/51821","targetHints":{"allow":["GET"]}}],"collection":[{"href":"https:\/\/www.opinionpublica.tv\/portada\/wp-json\/wp\/v2\/posts"}],"about":[{"href":"https:\/\/www.opinionpublica.tv\/portada\/wp-json\/wp\/v2\/types\/post"}],"author":[{"embeddable":true,"href":"https:\/\/www.opinionpublica.tv\/portada\/wp-json\/wp\/v2\/users\/6"}],"replies":[{"embeddable":true,"href":"https:\/\/www.opinionpublica.tv\/portada\/wp-json\/wp\/v2\/comments?post=51821"}],"version-history":[{"count":3,"href":"https:\/\/www.opinionpublica.tv\/portada\/wp-json\/wp\/v2\/posts\/51821\/revisions"}],"predecessor-version":[{"id":51826,"href":"https:\/\/www.opinionpublica.tv\/portada\/wp-json\/wp\/v2\/posts\/51821\/revisions\/51826"}],"wp:featuredmedia":[{"embeddable":true,"href":"https:\/\/www.opinionpublica.tv\/portada\/wp-json\/wp\/v2\/media\/51822"}],"wp:attachment":[{"href":"https:\/\/www.opinionpublica.tv\/portada\/wp-json\/wp\/v2\/media?parent=51821"}],"wp:term":[{"taxonomy":"category","embeddable":true,"href":"https:\/\/www.opinionpublica.tv\/portada\/wp-json\/wp\/v2\/categories?post=51821"},{"taxonomy":"post_tag","embeddable":true,"href":"https:\/\/www.opinionpublica.tv\/portada\/wp-json\/wp\/v2\/tags?post=51821"}],"curies":[{"name":"wp","href":"https:\/\/api.w.org\/{rel}","templated":true}]}}