{"id":51786,"date":"2025-01-21T00:01:00","date_gmt":"2025-01-21T07:01:00","guid":{"rendered":"https:\/\/www.opinionpublica.tv\/portada\/?p=51786"},"modified":"2025-01-20T16:42:43","modified_gmt":"2025-01-20T23:42:43","slug":"efemerides-21-de-enero-5","status":"publish","type":"post","link":"https:\/\/www.opinionpublica.tv\/portada\/efemerides-21-de-enero-5\/","title":{"rendered":"Efem\u00e9rides 21 de enero"},"content":{"rendered":"\n<p class=\"wp-block-paragraph\"><em>Un d\u00eda 21 de enero como hoy, pero de 1976, el avi\u00f3n supers\u00f3nico de pasajeros \u00abConcorde\u00bb inicia vuelos de l\u00ednea regular. El avi\u00f3n, que estuvo en servicio hasta 2003, fue construido por los consorcios British Aircraft Corporation (brit\u00e1nico) y A\u00e9rospatiale (franc\u00e9s).<\/em><\/p>\n\n\n\n<figure class=\"wp-block-image size-full\"><img fetchpriority=\"high\" decoding=\"async\" width=\"767\" height=\"431\" src=\"https:\/\/www.opinionpublica.tv\/portada\/wp-content\/uploads\/2025\/01\/1976-el-avion-supersonico-de-pasajeros-22Concorde22-inicia-vuelos-de-linea-regular.avif\" alt=\"1976, El Avio\u0301n Superso\u0301nico De Pasajeros %22concorde%22 Inicia Vuelos De Li\u0301nea Regular\" class=\"wp-image-51788\"\/><\/figure>\n\n\n\n<p class=\"wp-block-paragraph\"><strong>Otras efem\u00e9rides<\/strong><\/p>\n\n\n\n<p class=\"wp-block-paragraph\">1793.- Luis XVI de Francia muere guillotinado en Par\u00eds.<\/p>\n\n\n\n<p class=\"wp-block-paragraph\">1893.- Se patenta la f\u00f3rmula de la Coca-Cola, bebida que a partir de entonces comienza a ser comercializada y conocida a nivel mundial.<\/p>\n\n\n\n<p class=\"wp-block-paragraph\">1919.- Primera reuni\u00f3n del Parlamento irland\u00e9s, en la que se confirma el establecimiento de la Rep\u00fablica de este pa\u00eds.<\/p>\n\n\n\n<p class=\"wp-block-paragraph\">1921.- Se funda en Livorno el Partido Comunista de Italia.<\/p>\n\n\n\n<p class=\"wp-block-paragraph\">1929.- Firma del tratado por el que se establecen las fronteras entre Hait\u00ed y la Rep\u00fablica Dominicana.<\/p>\n\n\n\n<p class=\"wp-block-paragraph\">1954.- Botadura en Estados Unidos del \u00abNautilus\u00bb, primer submarino de propulsi\u00f3n nuclear.<\/p>\n\n\n\n<p class=\"wp-block-paragraph\">1976.- El avi\u00f3n supers\u00f3nico de pasajeros \u00abConcorde\u00bb inicia vuelos de l\u00ednea regular.<\/p>\n\n\n\n<p class=\"wp-block-paragraph\">1977.- En Estados Unidos, el presidente Jimmy Carter concede la amnist\u00eda a los desertores de Vietnam.<\/p>\n\n\n\n<p class=\"wp-block-paragraph\">1991.- El nuevo rey de Noruega, Harald V, jura la Constituci\u00f3n ante el Parlamento.<\/p>\n\n\n\n<p class=\"wp-block-paragraph\">1994.- Mueren 25 bomberos voluntarios, muchos de ellos menores de edad, en la extinci\u00f3n de un incendio en Puerto Madryn (Argentina).<\/p>\n\n\n\n<p class=\"wp-block-paragraph\">1998.- Juan Pablo II inicia una visita a Cuba, primera de un papa a la isla.<\/p>\n\n\n\n<p class=\"wp-block-paragraph\">2000.- Un golpe c\u00edvico-militar, liderado por ind\u00edgenas y oficiales, depone al presidente ecuatoriano Jamil Mahuad.<\/p>\n\n\n\n<p class=\"wp-block-paragraph\">2001.- La alemana Jutta Kleinschmidt se convierte en la primera mujer que gana el Rally Par\u00eds-Dakar.<\/p>\n\n\n\n<p class=\"wp-block-paragraph\">2002.- Los cuatro diputados del Sinn Fein, brazo pol\u00edtico del IRA, toman posesi\u00f3n de sus oficinas en el Parlamento brit\u00e1nico sin renunciar a su objetivo pol\u00edtico de reunificar la isla de Irlanda.<\/p>\n\n\n\n<p class=\"wp-block-paragraph\">2003.- Un terremoto de magnitud 7,6 en la escala de Richter causa 29 muertos y 30 mil damnificados en el estado mexicano de Colima.<\/p>\n\n\n\n<p class=\"wp-block-paragraph\">2018.- Una veintena de personas, catorce de ellas extranjeras, mueren en un ataque talib\u00e1n al Hotel Intercontinental de Kabul.<\/p>\n\n\n\n<p class=\"wp-block-paragraph\">2019.- Cerca de 100 muertos en un ataque talib\u00e1n a una base del servicio secreto afgano.<\/p>\n\n\n\n<p class=\"wp-block-paragraph\">2020.- Se confirma el primer caso del nuevo coronavirus en Am\u00e9rica, en EEUU.<\/p>\n\n\n\n<p class=\"wp-block-paragraph\"><strong>Nacimientos<\/strong><\/p>\n\n\n\n<p class=\"wp-block-paragraph\">1895.- Crist\u00f3bal Balenciaga, modisto espa\u00f1ol.<\/p>\n\n\n\n<p class=\"wp-block-paragraph\">1905.- Christian Dior, modisto franc\u00e9s.<\/p>\n\n\n\n<p class=\"wp-block-paragraph\">1923.- Lola Flores, bailaora, cantante y actriz espa\u00f1ola.<\/p>\n\n\n\n<p class=\"wp-block-paragraph\">1924.- Benny Hill, actor c\u00f3mico brit\u00e1nico.<\/p>\n\n\n\n<p class=\"wp-block-paragraph\">1933.- Julieta Serrano, actriz espa\u00f1ola.<\/p>\n\n\n\n<p class=\"wp-block-paragraph\">1940.- Jack Nicklaus, jugador de golf estadounidense.<\/p>\n\n\n\n<p class=\"wp-block-paragraph\">1941.- Pl\u00e1cido Domingo, tenor espa\u00f1ol.<\/p>\n\n\n\n<p class=\"wp-block-paragraph\">1953.- Paul Allen, fundador junto con Bill Gates, de Microsoft.<\/p>\n\n\n\n<p class=\"wp-block-paragraph\">1954.- Jos\u00e9 Luis Medina del Corral, \u00abLucchino\u00bb, dise\u00f1ador de moda espa\u00f1ol.<\/p>\n\n\n\n<p class=\"wp-block-paragraph\">1956.- Geena Davis, actriz estadounidense.<\/p>\n\n\n\n<p class=\"wp-block-paragraph\">1970.- Marina Fo\u00efs, actriz francesa.<\/p>\n\n\n\n<p class=\"wp-block-paragraph\">1974.- Malena Alterio, actriz argentino-espa\u00f1ola.<\/p>\n\n\n\n<p class=\"wp-block-paragraph\">1979.- Ram\u00f3n Melendi, \u00abMelendi\u00bb, cantante y compositor espa\u00f1ol.<\/p>\n\n\n\n<p class=\"wp-block-paragraph\">2004.- Ingrid Alexandra, princesa de Noruega.<\/p>\n\n\n\n<p class=\"wp-block-paragraph\"><strong>Defunciones<\/strong><\/p>\n\n\n\n<p class=\"wp-block-paragraph\">1924.- Vladimir Ilich, Lenin, art\u00edfice de la revoluci\u00f3n rusa y fundador del Estado Sovi\u00e9tico.<\/p>\n\n\n\n<p class=\"wp-block-paragraph\">1950.- George Orwell, escritor brit\u00e1nico.<\/p>\n\n\n\n<p class=\"wp-block-paragraph\">1959.- Cecil B. de Mille, cineasta estadounidense.<\/p>\n\n\n\n<p class=\"wp-block-paragraph\">2002.- Peggy Lee, cantante estadounidense de jazz.<\/p>\n\n\n\n<p class=\"wp-block-paragraph\">2004.- Carmi\u00f1a Gallo, soprano colombiana.<\/p>\n\n\n\n<p class=\"wp-block-paragraph\">2006.- Ibrahim Rugova, escritor y pol\u00edtico, primer presidente de Kosovo.<\/p>\n\n\n\n<p class=\"wp-block-paragraph\">2015.- Vince Camuto, dise\u00f1ador de zapatos estadounidense.<\/p>\n\n\n\n<p class=\"wp-block-paragraph\">2015.- Leon Brittan, pol\u00edtico brit\u00e1nico.<\/p>\n\n\n\n<p class=\"wp-block-paragraph\">2019.- Enrique de Orleans, arist\u00f3crata franc\u00e9s, pretendiente al trono de Francia.<\/p>\n\n\n\n<p class=\"wp-block-paragraph\">2020.- Terry Jones, actor, director de cine y guionista brit\u00e1nico, miembro del grupo Monty Python.<\/p>\n\n\n\n<p class=\"wp-block-paragraph\">2022.- Louie Anderson, actor y c\u00f3mico estadounidense.<\/p>\n","protected":false},"excerpt":{"rendered":"<p>Un d\u00eda 21 de enero como hoy, pero de 1976, el avi\u00f3n supers\u00f3nico de pasajeros \u00abConcorde\u00bb inicia vuelos de l\u00ednea regular. El avi\u00f3n, que estuvo en servicio hasta 2003, fue construido por los consorcios British Aircraft Corporation (brit\u00e1nico) y A\u00e9rospatiale (franc\u00e9s). Otras efem\u00e9rides 1793.- Luis XVI de Francia muere guillotinado en Par\u00eds. 1893.- Se patenta [&hellip;]<\/p>\n","protected":false},"author":6,"featured_media":51788,"comment_status":"open","ping_status":"open","sticky":false,"template":"","format":"standard","meta":{"_acf_changed":false,"_monsterinsights_skip_tracking":false,"slim_seo":{"title":"Efem\u00e9rides 21 de enero - Opini\u00f3n P\u00fablica","description":"Un d\u00eda 21 de enero como hoy, pero de 1976, el avi\u00f3n supers\u00f3nico de pasajeros \"Concorde\" inicia vuelos de l\u00ednea regular. El avi\u00f3n, que estuvo en servicio hasta 2"},"footnotes":""},"categories":[27],"tags":[],"class_list":["post-51786","post","type-post","status-publish","format-standard","has-post-thumbnail","hentry","category-un-dia-como-hoy"],"acf":[],"_links":{"self":[{"href":"https:\/\/www.opinionpublica.tv\/portada\/wp-json\/wp\/v2\/posts\/51786","targetHints":{"allow":["GET"]}}],"collection":[{"href":"https:\/\/www.opinionpublica.tv\/portada\/wp-json\/wp\/v2\/posts"}],"about":[{"href":"https:\/\/www.opinionpublica.tv\/portada\/wp-json\/wp\/v2\/types\/post"}],"author":[{"embeddable":true,"href":"https:\/\/www.opinionpublica.tv\/portada\/wp-json\/wp\/v2\/users\/6"}],"replies":[{"embeddable":true,"href":"https:\/\/www.opinionpublica.tv\/portada\/wp-json\/wp\/v2\/comments?post=51786"}],"version-history":[{"count":1,"href":"https:\/\/www.opinionpublica.tv\/portada\/wp-json\/wp\/v2\/posts\/51786\/revisions"}],"predecessor-version":[{"id":51789,"href":"https:\/\/www.opinionpublica.tv\/portada\/wp-json\/wp\/v2\/posts\/51786\/revisions\/51789"}],"wp:featuredmedia":[{"embeddable":true,"href":"https:\/\/www.opinionpublica.tv\/portada\/wp-json\/wp\/v2\/media\/51788"}],"wp:attachment":[{"href":"https:\/\/www.opinionpublica.tv\/portada\/wp-json\/wp\/v2\/media?parent=51786"}],"wp:term":[{"taxonomy":"category","embeddable":true,"href":"https:\/\/www.opinionpublica.tv\/portada\/wp-json\/wp\/v2\/categories?post=51786"},{"taxonomy":"post_tag","embeddable":true,"href":"https:\/\/www.opinionpublica.tv\/portada\/wp-json\/wp\/v2\/tags?post=51786"}],"curies":[{"name":"wp","href":"https:\/\/api.w.org\/{rel}","templated":true}]}}