{"id":51778,"date":"2025-01-20T13:51:20","date_gmt":"2025-01-20T20:51:20","guid":{"rendered":"https:\/\/www.opinionpublica.tv\/portada\/?p=51778"},"modified":"2025-01-20T13:53:41","modified_gmt":"2025-01-20T20:53:41","slug":"pronostican-bajas-temperaturas-al-inicio-de-la-semana-en-frontera-juarez-el-paso","status":"publish","type":"post","link":"https:\/\/www.opinionpublica.tv\/portada\/pronostican-bajas-temperaturas-al-inicio-de-la-semana-en-frontera-juarez-el-paso\/","title":{"rendered":"Anuncian bajas temperaturas al inicio de la semana en la frontera Ju\u00e1rez &#8211; El Paso, Tx"},"content":{"rendered":"\n<figure class=\"wp-block-image size-full\"><img fetchpriority=\"high\" decoding=\"async\" width=\"928\" height=\"522\" src=\"https:\/\/www.opinionpublica.tv\/portada\/wp-content\/uploads\/2025\/01\/Pronostican-bajas-temperaturas-al-inicio-de-la-semana-en-frontera-Juarez-El-Paso.webp\" alt=\"Pronostican Bajas Temperaturas Al Inicio De La Semana En Frontera Jua\u0301rez El Paso\" class=\"wp-image-51784\" srcset=\"https:\/\/www.opinionpublica.tv\/portada\/wp-content\/uploads\/2025\/01\/Pronostican-bajas-temperaturas-al-inicio-de-la-semana-en-frontera-Juarez-El-Paso.webp 928w, https:\/\/www.opinionpublica.tv\/portada\/wp-content\/uploads\/2025\/01\/Pronostican-bajas-temperaturas-al-inicio-de-la-semana-en-frontera-Juarez-El-Paso-300x169.webp 300w, https:\/\/www.opinionpublica.tv\/portada\/wp-content\/uploads\/2025\/01\/Pronostican-bajas-temperaturas-al-inicio-de-la-semana-en-frontera-Juarez-El-Paso-768x432.webp 768w\" sizes=\"(max-width: 928px) 100vw, 928px\" \/><\/figure>\n\n\n\n<p class=\"wp-block-paragraph\"><em>Ciudad Ju\u00e1rez, Chih<\/em>.- La Direcci\u00f3n General de Protecci\u00f3n Civil inform\u00f3 sobre una alerta preventiva por bajas temperaturas, vigente desde este lunes 20 hasta el mi\u00e9rcoles 22. Durante estos d\u00edas, se espera un descenso significativo en la temperatura, acompa\u00f1ado de r\u00e1fagas de viento moderadas.<\/p>\n\n\n\n<p class=\"wp-block-paragraph\">Para este lunes el clima ser\u00e1 soleado con una temperatura m\u00e1xima de 12\u00b0C. Sin embargo, se pronostica un descenso a -6\u00b0C por la noche, con un aumento de nubosidad y r\u00e1fagas de viento de hasta 50 kil\u00f3metros por hora, por lo que se recomienda extremar precauciones.<\/p>\n\n\n\n<p class=\"wp-block-paragraph\">El martes 21 de enero se registrar\u00e1 una temperatura m\u00e1xima de 4\u00b0C y una m\u00ednima de -4\u00b0C durante la noche.<\/p>\n\n\n\n<p class=\"wp-block-paragraph\">Aunque se espera un clima soleado, las r\u00e1fagas de viento podr\u00edan alcanzar los 32 kil\u00f3metros por hora, aumentando la sensaci\u00f3n t\u00e9rmica de fr\u00edo.<\/p>\n\n\n\n<p class=\"wp-block-paragraph\">Para el mi\u00e9rcoles 22 el clima ser\u00e1 mayormente soleado con una m\u00e1xima de 9\u00b0C y una m\u00ednima de -2\u00b0C. Las r\u00e1fagas de viento ser\u00e1n moderadas, alcanzando hasta 35 kil\u00f3metros por hora.<\/p>\n\n\n\n<p class=\"wp-block-paragraph\">La masa de aire \u00e1rtico asociada al frente, en interacci\u00f3n con una vaguada en niveles altos de la atm\u00f3sfera que se extender\u00e1 sobre el noroeste de M\u00e9xico y con las corrientes en chorro polar y subtropical, mantendr\u00e1 la onda fr\u00eda en el norte y noreste del territorio mexicano.<\/p>\n\n\n\n<p class=\"wp-block-paragraph\">Se prev\u00e9 ambiente de fr\u00edo a muy fr\u00edo en los estados del noroeste, oriente, centro y sureste de la Rep\u00fablica Mexicana, present\u00e1ndose ambiente g\u00e9lido en sierras de Baja California, Sonora, Chihuahua, Durango y Coahuila.<\/p>\n\n\n\n<p class=\"wp-block-paragraph\">Protecci\u00f3n Civil exhorta a la poblaci\u00f3n a tomar medidas de precauci\u00f3n como abrigarse adecuadamente, evitar exponerse al fr\u00edo por tiempos prolongados y reportar cualquier emergencia al 911.<\/p>\n\n\n\n<p class=\"wp-block-paragraph\">Adem\u00e1s, se recomienda proteger a personas vulnerables, as\u00ed como evitar el uso de calentones sin ventilaci\u00f3n adecuada para prevenir intoxicaciones por mon\u00f3xido de carbono y se pide a la ciudadan\u00eda a mantenerse informada a trav\u00e9s de los canales oficiales de Protecci\u00f3n Civil para cualquier actualizaci\u00f3n sobre el clima.<\/p>\n","protected":false},"excerpt":{"rendered":"<p>Ciudad Ju\u00e1rez, Chih.- La Direcci\u00f3n General de Protecci\u00f3n Civil inform\u00f3 sobre una alerta preventiva por bajas temperaturas, vigente desde este lunes 20 hasta el mi\u00e9rcoles 22. Durante estos d\u00edas, se espera un descenso significativo en la temperatura, acompa\u00f1ado de r\u00e1fagas de viento moderadas. Para este lunes el clima ser\u00e1 soleado con una temperatura m\u00e1xima de [&hellip;]<\/p>\n","protected":false},"author":6,"featured_media":51784,"comment_status":"open","ping_status":"open","sticky":false,"template":"","format":"standard","meta":{"_acf_changed":false,"_monsterinsights_skip_tracking":false,"slim_seo":{"title":"Anuncian bajas temperaturas al inicio de la semana en la frontera Ju\u00e1rez - El Paso, Tx - Opini\u00f3n P\u00fablica","description":"Ciudad Ju\u00e1rez, Chih .- La Direcci\u00f3n General de Protecci\u00f3n Civil inform\u00f3 sobre una alerta preventiva por bajas temperaturas, vigente desde este lunes 20 hasta el"},"footnotes":""},"categories":[41],"tags":[],"class_list":["post-51778","post","type-post","status-publish","format-standard","has-post-thumbnail","hentry","category-juarez"],"acf":[],"_links":{"self":[{"href":"https:\/\/www.opinionpublica.tv\/portada\/wp-json\/wp\/v2\/posts\/51778","targetHints":{"allow":["GET"]}}],"collection":[{"href":"https:\/\/www.opinionpublica.tv\/portada\/wp-json\/wp\/v2\/posts"}],"about":[{"href":"https:\/\/www.opinionpublica.tv\/portada\/wp-json\/wp\/v2\/types\/post"}],"author":[{"embeddable":true,"href":"https:\/\/www.opinionpublica.tv\/portada\/wp-json\/wp\/v2\/users\/6"}],"replies":[{"embeddable":true,"href":"https:\/\/www.opinionpublica.tv\/portada\/wp-json\/wp\/v2\/comments?post=51778"}],"version-history":[{"count":4,"href":"https:\/\/www.opinionpublica.tv\/portada\/wp-json\/wp\/v2\/posts\/51778\/revisions"}],"predecessor-version":[{"id":51785,"href":"https:\/\/www.opinionpublica.tv\/portada\/wp-json\/wp\/v2\/posts\/51778\/revisions\/51785"}],"wp:featuredmedia":[{"embeddable":true,"href":"https:\/\/www.opinionpublica.tv\/portada\/wp-json\/wp\/v2\/media\/51784"}],"wp:attachment":[{"href":"https:\/\/www.opinionpublica.tv\/portada\/wp-json\/wp\/v2\/media?parent=51778"}],"wp:term":[{"taxonomy":"category","embeddable":true,"href":"https:\/\/www.opinionpublica.tv\/portada\/wp-json\/wp\/v2\/categories?post=51778"},{"taxonomy":"post_tag","embeddable":true,"href":"https:\/\/www.opinionpublica.tv\/portada\/wp-json\/wp\/v2\/tags?post=51778"}],"curies":[{"name":"wp","href":"https:\/\/api.w.org\/{rel}","templated":true}]}}