{"id":51770,"date":"2025-01-20T13:45:17","date_gmt":"2025-01-20T20:45:17","guid":{"rendered":"https:\/\/www.opinionpublica.tv\/portada\/?p=51770"},"modified":"2025-01-20T13:51:03","modified_gmt":"2025-01-20T20:51:03","slug":"donald-trump-dedica-sus-dos-primeras-ordenes-ejecutivas-a-mexico-mandare-soldados-a-la-frontera","status":"publish","type":"post","link":"https:\/\/www.opinionpublica.tv\/portada\/donald-trump-dedica-sus-dos-primeras-ordenes-ejecutivas-a-mexico-mandare-soldados-a-la-frontera\/","title":{"rendered":"Trump dedica primeras dos \u00f3rdenes ejecutivas presidenciales a M\u00e9xico: \u00abmandar\u00e9 soldados\u00bb a la frontera"},"content":{"rendered":"\n<figure class=\"wp-block-image size-full\"><img fetchpriority=\"high\" decoding=\"async\" width=\"1600\" height=\"900\" src=\"https:\/\/www.opinionpublica.tv\/portada\/wp-content\/uploads\/2025\/01\/Trump-dedica-primeras-dos-ordenes-ejecutivas-presidenciales-a-Mexico-22mandare-soldados22-a-la-frontera.avif\" alt=\"Trump Dedica Primeras Dos O\u0301rdenes Ejecutivas Presidenciales A Me\u0301xico %22mandare\u0301 Soldados%22 A La Frontera\" class=\"wp-image-51776\"\/><\/figure>\n\n\n\n<p class=\"wp-block-paragraph\"><em>Washington, DC, EU<\/em>.- Donald Trump, presidente de Estados Unidos, anunci\u00f3 que sus primeras dos \u00f3rdenes ejecutivas ir\u00e1n contra M\u00e9xico, \u00bfpero por qu\u00e9?<\/p>\n\n\n\n<p class=\"wp-block-paragraph\">Primero, el presidente de Estados Unidos confirm\u00f3 que declarar\u00e1 emergencia nacional en la frontera con M\u00e9xico para detener la migraci\u00f3n ilegal.<\/p>\n\n\n\n<p class=\"wp-block-paragraph\">\u201cPondr\u00e9 fin a la pr\u00e1ctica \u2018Capturar y liberar\u2019 y enviar\u00e9 tropas a la frontera sur para repeler la desastrosa invasi\u00f3n de nuestro pa\u00eds\u00bb, explic\u00f3.<\/p>\n\n\n\n<p class=\"wp-block-paragraph\">Segundo, Donald Trump tambi\u00e9n anunci\u00f3 que el Gobierno de Estados Unidos declarar\u00e1 a los c\u00e1rteles del narcotr\u00e1fico como organizaciones terroristas.<\/p>\n\n\n\n<p class=\"wp-block-paragraph\">Trump explic\u00f3 que aplicar\u00e1 la Ley de Enemigos Extranjeros de 1798 que le permite utilizar a las fuerzas del orden federales y estatales para expulsar a \u201ctodas las pandillas y redes criminales extranjeras que traen delitos devastadores a suelo estadounidense\u00bb.<\/p>\n\n\n\n<p class=\"wp-block-paragraph\">\u201cHoy firmar\u00e9 una serie de \u00f3rdenes ejecutivas hist\u00f3ricas. Con estas acciones, iniciaremos la restauraci\u00f3n completa de Estados Unidos y la revoluci\u00f3n del sentido com\u00fan. Todo es cuesti\u00f3n de sentido com\u00fan\u201d, dijo en el Capitolio.<\/p>\n\n\n\n<p class=\"wp-block-paragraph\">El gobierno de la presidenta Claudia Sheinbaum mostr\u00f3 su rechazo a ambas propuestas, al se\u00f1alarlas como movimientos injerencistas.<\/p>\n\n\n\n<p class=\"wp-block-paragraph\">\u201cNunca nos vamos a subordinar. M\u00e9xico es un pa\u00eds libre, soberano e independiente y no aceptamos injerencismos\u201d, dijo Sheinbaum en su ma\u00f1anera del 22 de diciembre de 2024.<\/p>\n\n\n\n<p class=\"wp-block-paragraph\">\u201cSe har\u00e1 todo lo que sea necesario para defender y atender en M\u00e9xico a los connacionales, y se destinar\u00e1 lo que haga falta para recibir a quienes sean repatriados a fin de lograr su reincorporaci\u00f3n a su pa\u00eds natal\u00bb, explic\u00f3 Rosa Icela Rodr\u00edguez, secretaria de Gobernaci\u00f3n, en la \u2018ma\u00f1anera\u2019 de este lunes 20 de enero.<\/p>\n\n\n\n<p class=\"wp-block-paragraph\">La funcionaria present\u00f3 as\u00ed el programa \u2018M\u00e9xico te abraza\u2019, que ofrecer\u00e1 apoyos y seguro social a los paisanos deportados por Donald Trump.<\/p>\n\n\n\n<p class=\"wp-block-paragraph\">El Gobierno de M\u00e9xico dar\u00e1 apoyos a los migrantes mexicanos deportados por EU tras la investidura del presidente Trump.<\/p>\n\n\n\n<p class=\"wp-block-paragraph\">Los mexicanos que regresen a nuestro pa\u00eds ser\u00e1n inscritos en programas tales como:<\/p>\n\n\n\n<p class=\"wp-block-paragraph\">Pensi\u00f3n para personas adultas mayores.<\/p>\n\n\n\n<p class=\"wp-block-paragraph\">Pensi\u00f3n para personas con discapacidad<\/p>\n\n\n\n<p class=\"wp-block-paragraph\">Programa de apoyo a madres trabajadoras<\/p>\n\n\n\n<p class=\"wp-block-paragraph\">Sembrando Vida<\/p>\n\n\n\n<p class=\"wp-block-paragraph\">Pensi\u00f3n para Mujeres de 60 a 64 a\u00f1os.<\/p>\n\n\n\n<p class=\"wp-block-paragraph\">Programa salud casa por casa.<\/p>\n\n\n\n<p class=\"wp-block-paragraph\">Rosa Icela Rodr\u00edguez agreg\u00f3 que los apoyos tambi\u00e9n se extender\u00e1n a los familiares de los migrantes deportados por Donald Trump como las becas para las Universidades Benito Ju\u00e1rez; la Beca Universal Rita Cetina; la Beca para Educaci\u00f3n Media Superior, y la Beca para Educaci\u00f3n Superior, entre otras.<\/p>\n\n\n\n<p class=\"wp-block-paragraph\">El Gobierno de M\u00e9xico tambi\u00e9n anunci\u00f3 la creaci\u00f3n de la Tarjeta Bienestar Paisano, que dar\u00e1 2 mil pesos de manera inmediata a los mexicanos deportados para que viajen de regreso a sus lugares de origen.<\/p>\n\n\n\n<p class=\"wp-block-paragraph\"><em>Con informaci\u00f3n de El Financiero<\/em>.<\/p>\n","protected":false},"excerpt":{"rendered":"<p>Washington, DC, EU.- Donald Trump, presidente de Estados Unidos, anunci\u00f3 que sus primeras dos \u00f3rdenes ejecutivas ir\u00e1n contra M\u00e9xico, \u00bfpero por qu\u00e9? Primero, el presidente de Estados Unidos confirm\u00f3 que declarar\u00e1 emergencia nacional en la frontera con M\u00e9xico para detener la migraci\u00f3n ilegal. \u201cPondr\u00e9 fin a la pr\u00e1ctica \u2018Capturar y liberar\u2019 y enviar\u00e9 tropas a [&hellip;]<\/p>\n","protected":false},"author":6,"featured_media":51776,"comment_status":"open","ping_status":"open","sticky":false,"template":"","format":"standard","meta":{"_acf_changed":false,"_monsterinsights_skip_tracking":false,"slim_seo":{"title":"Trump dedica primeras dos \u00f3rdenes ejecutivas presidenciales a M\u00e9xico: \"mandar\u00e9 soldados\" a la frontera - Opini\u00f3n P\u00fablica","description":"Washington, DC, EU .- Donald Trump, presidente de Estados Unidos, anunci\u00f3 que sus primeras dos \u00f3rdenes ejecutivas ir\u00e1n contra M\u00e9xico, \u00bfpero por qu\u00e9? Primero, el"},"footnotes":""},"categories":[3],"tags":[],"class_list":["post-51770","post","type-post","status-publish","format-standard","has-post-thumbnail","hentry","category-principal"],"acf":[],"_links":{"self":[{"href":"https:\/\/www.opinionpublica.tv\/portada\/wp-json\/wp\/v2\/posts\/51770","targetHints":{"allow":["GET"]}}],"collection":[{"href":"https:\/\/www.opinionpublica.tv\/portada\/wp-json\/wp\/v2\/posts"}],"about":[{"href":"https:\/\/www.opinionpublica.tv\/portada\/wp-json\/wp\/v2\/types\/post"}],"author":[{"embeddable":true,"href":"https:\/\/www.opinionpublica.tv\/portada\/wp-json\/wp\/v2\/users\/6"}],"replies":[{"embeddable":true,"href":"https:\/\/www.opinionpublica.tv\/portada\/wp-json\/wp\/v2\/comments?post=51770"}],"version-history":[{"count":5,"href":"https:\/\/www.opinionpublica.tv\/portada\/wp-json\/wp\/v2\/posts\/51770\/revisions"}],"predecessor-version":[{"id":51777,"href":"https:\/\/www.opinionpublica.tv\/portada\/wp-json\/wp\/v2\/posts\/51770\/revisions\/51777"}],"wp:featuredmedia":[{"embeddable":true,"href":"https:\/\/www.opinionpublica.tv\/portada\/wp-json\/wp\/v2\/media\/51776"}],"wp:attachment":[{"href":"https:\/\/www.opinionpublica.tv\/portada\/wp-json\/wp\/v2\/media?parent=51770"}],"wp:term":[{"taxonomy":"category","embeddable":true,"href":"https:\/\/www.opinionpublica.tv\/portada\/wp-json\/wp\/v2\/categories?post=51770"},{"taxonomy":"post_tag","embeddable":true,"href":"https:\/\/www.opinionpublica.tv\/portada\/wp-json\/wp\/v2\/tags?post=51770"}],"curies":[{"name":"wp","href":"https:\/\/api.w.org\/{rel}","templated":true}]}}