{"id":51757,"date":"2025-01-20T00:01:00","date_gmt":"2025-01-20T07:01:00","guid":{"rendered":"https:\/\/www.opinionpublica.tv\/portada\/?p=51757"},"modified":"2025-01-19T14:31:35","modified_gmt":"2025-01-19T21:31:35","slug":"ratifica-titular-del-imss-inicio-de-centros-de-educacion-y-cuidado-infantil-en-2025","status":"publish","type":"post","link":"https:\/\/www.opinionpublica.tv\/portada\/ratifica-titular-del-imss-inicio-de-centros-de-educacion-y-cuidado-infantil-en-2025\/","title":{"rendered":"Ratifica titular del IMSS inicio de Centros de Educaci\u00f3n y Cuidado Infantil en 2025"},"content":{"rendered":"\n<figure class=\"wp-block-image size-large\"><img fetchpriority=\"high\" decoding=\"async\" width=\"1024\" height=\"682\" src=\"https:\/\/www.opinionpublica.tv\/portada\/wp-content\/uploads\/2025\/01\/Ratifica-director-del-IMSS-inicio-de-Centros-de-Educacion-y-Cuidado-Infantil-en-2025-1024x682.jpeg\" alt=\"Ratifica Director Del Imss Inicio De Centros De Educacio\u0301n Y Cuidado Infantil En 2025\" class=\"wp-image-51760\" srcset=\"https:\/\/www.opinionpublica.tv\/portada\/wp-content\/uploads\/2025\/01\/Ratifica-director-del-IMSS-inicio-de-Centros-de-Educacion-y-Cuidado-Infantil-en-2025-1024x682.jpeg 1024w, https:\/\/www.opinionpublica.tv\/portada\/wp-content\/uploads\/2025\/01\/Ratifica-director-del-IMSS-inicio-de-Centros-de-Educacion-y-Cuidado-Infantil-en-2025-300x200.jpeg 300w, https:\/\/www.opinionpublica.tv\/portada\/wp-content\/uploads\/2025\/01\/Ratifica-director-del-IMSS-inicio-de-Centros-de-Educacion-y-Cuidado-Infantil-en-2025-768x512.jpeg 768w, https:\/\/www.opinionpublica.tv\/portada\/wp-content\/uploads\/2025\/01\/Ratifica-director-del-IMSS-inicio-de-Centros-de-Educacion-y-Cuidado-Infantil-en-2025-1536x1023.jpeg 1536w, https:\/\/www.opinionpublica.tv\/portada\/wp-content\/uploads\/2025\/01\/Ratifica-director-del-IMSS-inicio-de-Centros-de-Educacion-y-Cuidado-Infantil-en-2025.jpeg 1600w\" sizes=\"(max-width: 1024px) 100vw, 1024px\" \/><\/figure>\n\n\n\n<p class=\"wp-block-paragraph\"><em>Ciudad de M\u00e9xico<\/em>.- El director general del Instituto Mexicano del Seguro Social (IMSS), Zo\u00e9 Robledo, agradeci\u00f3 al presidente municipal, Cruz P\u00e9rez Cu\u00e9llar, la donaci\u00f3n de los predios para la construcci\u00f3n de los Centros de Educaci\u00f3n y Cuidado Infantil (CECI).<\/p>\n\n\n\n<p class=\"wp-block-paragraph\">El funcionario federal confirm\u00f3 la construcci\u00f3n de los inmuebles en esta ciudad por instrucciones de la presidenta de M\u00e9xico, Claudia Sheinbaum.<\/p>\n\n\n\n<p class=\"wp-block-paragraph\">El funcionario federal dio a conocer las ubicaciones de algunos de los terrenos donados por el Gobierno Municipal.<\/p>\n\n\n\n<figure class=\"wp-block-image size-large\"><img decoding=\"async\" width=\"1024\" height=\"682\" src=\"https:\/\/www.opinionpublica.tv\/portada\/wp-content\/uploads\/2025\/01\/Ratifica-director-del-IMSS-1024x682.jpeg\" alt=\"Ratifica Director Del Imss\" class=\"wp-image-51761\" srcset=\"https:\/\/www.opinionpublica.tv\/portada\/wp-content\/uploads\/2025\/01\/Ratifica-director-del-IMSS-1024x682.jpeg 1024w, https:\/\/www.opinionpublica.tv\/portada\/wp-content\/uploads\/2025\/01\/Ratifica-director-del-IMSS-300x200.jpeg 300w, https:\/\/www.opinionpublica.tv\/portada\/wp-content\/uploads\/2025\/01\/Ratifica-director-del-IMSS-768x512.jpeg 768w, https:\/\/www.opinionpublica.tv\/portada\/wp-content\/uploads\/2025\/01\/Ratifica-director-del-IMSS-1536x1023.jpeg 1536w, https:\/\/www.opinionpublica.tv\/portada\/wp-content\/uploads\/2025\/01\/Ratifica-director-del-IMSS.jpeg 1600w\" sizes=\"(max-width: 1024px) 100vw, 1024px\" \/><\/figure>\n\n\n\n<p class=\"wp-block-paragraph\">Detall\u00f3 que los predios se ubican en las colonias Gladiolas, Municipio Libre, Senderos de San Isidro, Parajes de Oriente y Urbivilla de los Cedros IV.<\/p>\n\n\n\n<p class=\"wp-block-paragraph\">Los CECI estar\u00e1n situados en sectores habitacionales para que los beneficiarios tengan cerca de sus hogares los centros de cuidado donde sus hijos permanecer\u00e1n seguros mientras ellos salen a trabajar.<\/p>\n","protected":false},"excerpt":{"rendered":"<p>Ciudad de M\u00e9xico.- El director general del Instituto Mexicano del Seguro Social (IMSS), Zo\u00e9 Robledo, agradeci\u00f3 al presidente municipal, Cruz P\u00e9rez Cu\u00e9llar, la donaci\u00f3n de los predios para la construcci\u00f3n de los Centros de Educaci\u00f3n y Cuidado Infantil (CECI). El funcionario federal confirm\u00f3 la construcci\u00f3n de los inmuebles en esta ciudad por instrucciones de la [&hellip;]<\/p>\n","protected":false},"author":6,"featured_media":51760,"comment_status":"open","ping_status":"open","sticky":false,"template":"","format":"standard","meta":{"_acf_changed":false,"_monsterinsights_skip_tracking":false,"slim_seo":{"title":"Ratifica titular del IMSS inicio de Centros de Educaci\u00f3n y Cuidado Infantil en 2025 - Opini\u00f3n P\u00fablica","description":"Ciudad de M\u00e9xico .- El director general del Instituto Mexicano del Seguro Social (IMSS), Zo\u00e9 Robledo, agradeci\u00f3 al presidente municipal, Cruz P\u00e9rez Cu\u00e9llar, la"},"footnotes":""},"categories":[41],"tags":[],"class_list":["post-51757","post","type-post","status-publish","format-standard","has-post-thumbnail","hentry","category-juarez"],"acf":[],"_links":{"self":[{"href":"https:\/\/www.opinionpublica.tv\/portada\/wp-json\/wp\/v2\/posts\/51757","targetHints":{"allow":["GET"]}}],"collection":[{"href":"https:\/\/www.opinionpublica.tv\/portada\/wp-json\/wp\/v2\/posts"}],"about":[{"href":"https:\/\/www.opinionpublica.tv\/portada\/wp-json\/wp\/v2\/types\/post"}],"author":[{"embeddable":true,"href":"https:\/\/www.opinionpublica.tv\/portada\/wp-json\/wp\/v2\/users\/6"}],"replies":[{"embeddable":true,"href":"https:\/\/www.opinionpublica.tv\/portada\/wp-json\/wp\/v2\/comments?post=51757"}],"version-history":[{"count":3,"href":"https:\/\/www.opinionpublica.tv\/portada\/wp-json\/wp\/v2\/posts\/51757\/revisions"}],"predecessor-version":[{"id":51763,"href":"https:\/\/www.opinionpublica.tv\/portada\/wp-json\/wp\/v2\/posts\/51757\/revisions\/51763"}],"wp:featuredmedia":[{"embeddable":true,"href":"https:\/\/www.opinionpublica.tv\/portada\/wp-json\/wp\/v2\/media\/51760"}],"wp:attachment":[{"href":"https:\/\/www.opinionpublica.tv\/portada\/wp-json\/wp\/v2\/media?parent=51757"}],"wp:term":[{"taxonomy":"category","embeddable":true,"href":"https:\/\/www.opinionpublica.tv\/portada\/wp-json\/wp\/v2\/categories?post=51757"},{"taxonomy":"post_tag","embeddable":true,"href":"https:\/\/www.opinionpublica.tv\/portada\/wp-json\/wp\/v2\/tags?post=51757"}],"curies":[{"name":"wp","href":"https:\/\/api.w.org\/{rel}","templated":true}]}}