{"id":51752,"date":"2025-01-20T00:01:00","date_gmt":"2025-01-20T07:01:00","guid":{"rendered":"https:\/\/www.opinionpublica.tv\/portada\/?p=51752"},"modified":"2025-01-19T14:26:28","modified_gmt":"2025-01-19T21:26:28","slug":"ya-inicio-el-registro-para-el-servicio-militar-nacional-invitan-a-jovenes-juarenses","status":"publish","type":"post","link":"https:\/\/www.opinionpublica.tv\/portada\/ya-inicio-el-registro-para-el-servicio-militar-nacional-invitan-a-jovenes-juarenses\/","title":{"rendered":"Ya inici\u00f3 el registro para el Servicio Militar Nacional; invitan a j\u00f3venes juarenses"},"content":{"rendered":"\n<figure class=\"wp-block-image size-large\"><img fetchpriority=\"high\" decoding=\"async\" width=\"819\" height=\"1024\" src=\"https:\/\/www.opinionpublica.tv\/portada\/wp-content\/uploads\/2025\/01\/Ya-inicio-el-registro-para-el-Servicio-Militar-Nacional-invitan-a-jovenes-juarenses-819x1024.jpeg\" alt=\"Ya Inicio\u0301 El Registro Para El Servicio Militar Nacional; Invitan A Jo\u0301venes Juarenses\" class=\"wp-image-51754\" srcset=\"https:\/\/www.opinionpublica.tv\/portada\/wp-content\/uploads\/2025\/01\/Ya-inicio-el-registro-para-el-Servicio-Militar-Nacional-invitan-a-jovenes-juarenses-819x1024.jpeg 819w, https:\/\/www.opinionpublica.tv\/portada\/wp-content\/uploads\/2025\/01\/Ya-inicio-el-registro-para-el-Servicio-Militar-Nacional-invitan-a-jovenes-juarenses-240x300.jpeg 240w, https:\/\/www.opinionpublica.tv\/portada\/wp-content\/uploads\/2025\/01\/Ya-inicio-el-registro-para-el-Servicio-Militar-Nacional-invitan-a-jovenes-juarenses-768x960.jpeg 768w, https:\/\/www.opinionpublica.tv\/portada\/wp-content\/uploads\/2025\/01\/Ya-inicio-el-registro-para-el-Servicio-Militar-Nacional-invitan-a-jovenes-juarenses.jpeg 1024w\" sizes=\"(max-width: 819px) 100vw, 819px\" \/><\/figure>\n\n\n\n<p class=\"wp-block-paragraph\"><em>Ciudad Ju\u00e1rez, Chih<\/em>.- La Junta Municipal de Reclutamiento hizo una invitaci\u00f3n a los j\u00f3venes juarenses a registrarse desde ahora y hasta el 15 de octubre, para cumplir con el Servicio Militar Nacional y con ello obtener su cartilla.<\/p>\n\n\n\n<p class=\"wp-block-paragraph\">El director de Gobierno, \u00d3scar Murillo invit\u00f3 a todos los mexicanos de la clase 2007, nacidos del 1 de enero al 31 de diciembre de dicho a\u00f1o y remisos, con edad m\u00e1xima de 39 a\u00f1os, para que en el periodo comprendido del 13 de enero al 15 de octubre de este a\u00f1o se inscriban en la Junta Municipal de Reclutamiento.<\/p>\n\n\n\n<p class=\"wp-block-paragraph\">Explic\u00f3 que los requisitos son acta de nacimiento en original y copia, la Clave \u00danica del Registro de Poblaci\u00f3n (CURP), constancia de estudios, (original y copia), constancia de estudios actual o ultima boleta de calificaciones, cinco fotograf\u00edas de frente a blanco y negro en papel mate, sin retoque, fondo blanco y negro, sin lentes, sin bigote, sin patillas, sin artes u otros objetos colocados en el rostro, o\u00eddos despejados y camisa blanca.<\/p>\n\n\n\n<p class=\"wp-block-paragraph\">\u201cAdem\u00e1s, se debe llevar comprobante de domicilio original, agua, luz o tel\u00e9fono, no recibo de gas; los nacidos en 1986-2006, agregar copia de credencial de elector; los no nacidos en este municipio, presentar carta de no registro expedida en la Junta Municipal de Reclutamiento de la ciudad de nacimiento\u201d, agreg\u00f3 el funcionario.<\/p>\n\n\n\n<p class=\"wp-block-paragraph\">Dijo que los documentos pueden entregarse en la Junta Local de Reclutamiento, ubicada en calle Chihuahua, casi esquina con Porfirio D\u00edaz en la colonia Melchor Ocampo, en un horario de 8:00 de la ma\u00f1ana a 3:00 de la tarde.<\/p>\n\n\n\n<p class=\"wp-block-paragraph\">El funcionario agreg\u00f3 que para mayor informaci\u00f3n tambi\u00e9n se puede llamar al tel\u00e9fono 656-737-0847.<\/p>\n","protected":false},"excerpt":{"rendered":"<p>Ciudad Ju\u00e1rez, Chih.- La Junta Municipal de Reclutamiento hizo una invitaci\u00f3n a los j\u00f3venes juarenses a registrarse desde ahora y hasta el 15 de octubre, para cumplir con el Servicio Militar Nacional y con ello obtener su cartilla. El director de Gobierno, \u00d3scar Murillo invit\u00f3 a todos los mexicanos de la clase 2007, nacidos del [&hellip;]<\/p>\n","protected":false},"author":6,"featured_media":51754,"comment_status":"open","ping_status":"open","sticky":false,"template":"","format":"standard","meta":{"_acf_changed":false,"_monsterinsights_skip_tracking":false,"slim_seo":{"title":"Ya inici\u00f3 el registro para el Servicio Militar Nacional; invitan a j\u00f3venes juarenses - Opini\u00f3n P\u00fablica","description":"Ciudad Ju\u00e1rez, Chih .- La Junta Municipal de Reclutamiento hizo una invitaci\u00f3n a los j\u00f3venes juarenses a registrarse desde ahora y hasta el 15 de octubre, para"},"footnotes":""},"categories":[41],"tags":[],"class_list":["post-51752","post","type-post","status-publish","format-standard","has-post-thumbnail","hentry","category-juarez"],"acf":[],"_links":{"self":[{"href":"https:\/\/www.opinionpublica.tv\/portada\/wp-json\/wp\/v2\/posts\/51752","targetHints":{"allow":["GET"]}}],"collection":[{"href":"https:\/\/www.opinionpublica.tv\/portada\/wp-json\/wp\/v2\/posts"}],"about":[{"href":"https:\/\/www.opinionpublica.tv\/portada\/wp-json\/wp\/v2\/types\/post"}],"author":[{"embeddable":true,"href":"https:\/\/www.opinionpublica.tv\/portada\/wp-json\/wp\/v2\/users\/6"}],"replies":[{"embeddable":true,"href":"https:\/\/www.opinionpublica.tv\/portada\/wp-json\/wp\/v2\/comments?post=51752"}],"version-history":[{"count":2,"href":"https:\/\/www.opinionpublica.tv\/portada\/wp-json\/wp\/v2\/posts\/51752\/revisions"}],"predecessor-version":[{"id":51756,"href":"https:\/\/www.opinionpublica.tv\/portada\/wp-json\/wp\/v2\/posts\/51752\/revisions\/51756"}],"wp:featuredmedia":[{"embeddable":true,"href":"https:\/\/www.opinionpublica.tv\/portada\/wp-json\/wp\/v2\/media\/51754"}],"wp:attachment":[{"href":"https:\/\/www.opinionpublica.tv\/portada\/wp-json\/wp\/v2\/media?parent=51752"}],"wp:term":[{"taxonomy":"category","embeddable":true,"href":"https:\/\/www.opinionpublica.tv\/portada\/wp-json\/wp\/v2\/categories?post=51752"},{"taxonomy":"post_tag","embeddable":true,"href":"https:\/\/www.opinionpublica.tv\/portada\/wp-json\/wp\/v2\/tags?post=51752"}],"curies":[{"name":"wp","href":"https:\/\/api.w.org\/{rel}","templated":true}]}}