{"id":51742,"date":"2025-01-20T00:01:00","date_gmt":"2025-01-20T07:01:00","guid":{"rendered":"https:\/\/www.opinionpublica.tv\/portada\/?p=51742"},"modified":"2025-01-19T14:16:34","modified_gmt":"2025-01-19T21:16:34","slug":"generara-nueva-planta-de-la-india-mas-de-1-mil-200-empleos-en-ciudad-juarez","status":"publish","type":"post","link":"https:\/\/www.opinionpublica.tv\/portada\/generara-nueva-planta-de-la-india-mas-de-1-mil-200-empleos-en-ciudad-juarez\/","title":{"rendered":"Generar\u00e1 nueva planta de la India m\u00e1s de 1 mil 200 empleos en Ciudad Ju\u00e1rez"},"content":{"rendered":"\n<figure class=\"wp-block-image size-large\"><img fetchpriority=\"high\" decoding=\"async\" width=\"1024\" height=\"682\" src=\"https:\/\/www.opinionpublica.tv\/portada\/wp-content\/uploads\/2025\/01\/Generara-nueva-planta-de-la-India-mas-de-1-mil-200-empleos-en-Ciudad-Juarez-1024x682.jpeg\" alt=\"Generara\u0301 Nueva Planta De La India Ma\u0301s De 1 Mil 200 Empleos En Ciudad Jua\u0301rez\" class=\"wp-image-51745\" srcset=\"https:\/\/www.opinionpublica.tv\/portada\/wp-content\/uploads\/2025\/01\/Generara-nueva-planta-de-la-India-mas-de-1-mil-200-empleos-en-Ciudad-Juarez-1024x682.jpeg 1024w, https:\/\/www.opinionpublica.tv\/portada\/wp-content\/uploads\/2025\/01\/Generara-nueva-planta-de-la-India-mas-de-1-mil-200-empleos-en-Ciudad-Juarez-300x200.jpeg 300w, https:\/\/www.opinionpublica.tv\/portada\/wp-content\/uploads\/2025\/01\/Generara-nueva-planta-de-la-India-mas-de-1-mil-200-empleos-en-Ciudad-Juarez-768x512.jpeg 768w, https:\/\/www.opinionpublica.tv\/portada\/wp-content\/uploads\/2025\/01\/Generara-nueva-planta-de-la-India-mas-de-1-mil-200-empleos-en-Ciudad-Juarez-1536x1023.jpeg 1536w, https:\/\/www.opinionpublica.tv\/portada\/wp-content\/uploads\/2025\/01\/Generara-nueva-planta-de-la-India-mas-de-1-mil-200-empleos-en-Ciudad-Juarez.jpeg 1600w\" sizes=\"(max-width: 1024px) 100vw, 1024px\" \/><\/figure>\n\n\n\n<p class=\"wp-block-paragraph\"><em>Ciudad Ju\u00e1rez, Chih<\/em>.- El Gobierno del Estado celebr\u00f3 la inauguraci\u00f3n de la primera planta en M\u00e9xico de la empresa india de papel, Balaji JMC Paper Mill, ubicada en el Parque Industrial San Jer\u00f3nimo de Ciudad Ju\u00e1rez, y que generar\u00e1 m\u00e1s de 1,200 empleos directos e indirectos para las y los chihuahuenses.<\/p>\n\n\n\n<p class=\"wp-block-paragraph\">Este proyecto es una muestra tangible de la colaboraci\u00f3n econ\u00f3mica internacional y un impulso significativo para el desarrollo regional.<\/p>\n\n\n\n<p class=\"wp-block-paragraph\">En los pr\u00f3ximos cinco a\u00f1os, la compa\u00f1\u00eda proyecta una inversi\u00f3n adicional de entre 400 y 500 millones de d\u00f3lares, lo que crear\u00e1 1,000 empleos directos adicionales y apoyar\u00e1 a m\u00e1s de 5 mil familias de manera indirecta.<\/p>\n\n\n\n<p class=\"wp-block-paragraph\">En su mensaje, el representante de la gobernadora Maru Campos, \u00d3scar Ib\u00e1\u00f1ez, subray\u00f3 la importancia de esta inversi\u00f3n en Ciudad Ju\u00e1rez, y destac\u00f3 el liderazgo de Chihuahua en la atracci\u00f3n de inversiones y nuevas empresas.<\/p>\n\n\n\n<p class=\"wp-block-paragraph\">Por su parte, el presidente de Balaji JMC Paper Mill, Rajni Patel, agradeci\u00f3 el c\u00e1lido recibimiento de la comunidad y enfatiz\u00f3: \u201cNuestra meta es construir un legado basado en la innovaci\u00f3n, la sustentabilidad y el progreso compartido. Estamos comprometidos con Ciudad Ju\u00e1rez y sus familias\u201d.<\/p>\n\n\n\n<p class=\"wp-block-paragraph\">El evento tambi\u00e9n cont\u00f3 con la presencia del embajador de la India en M\u00e9xico, Pankaj Sharma, quien destac\u00f3 que esta inauguraci\u00f3n marca un cap\u00edtulo importante en la relaci\u00f3n econ\u00f3mica entre India y M\u00e9xico, consolidando la confianza de las empresas indias en el mercado mexicano.<\/p>\n\n\n\n<p class=\"wp-block-paragraph\">Durante la ceremonia estuvieron presentes Yesha Patel, CEO de Balaji JMC Paper Mill; Cruz P\u00e9rez Cu\u00e9llar, alcalde de Ciudad Ju\u00e1rez; Miguel Samaniego G\u00e1mez, director de Industria de Gobierno del Estado; Oscar Lesser, ex alcalde de El Paso, Texas; y Jerry Pacheco, presidente de la Asociaci\u00f3n de Industria de la Frontera, entre otras autoridades.<\/p>\n","protected":false},"excerpt":{"rendered":"<p>Ciudad Ju\u00e1rez, Chih.- El Gobierno del Estado celebr\u00f3 la inauguraci\u00f3n de la primera planta en M\u00e9xico de la empresa india de papel, Balaji JMC Paper Mill, ubicada en el Parque Industrial San Jer\u00f3nimo de Ciudad Ju\u00e1rez, y que generar\u00e1 m\u00e1s de 1,200 empleos directos e indirectos para las y los chihuahuenses. Este proyecto es una [&hellip;]<\/p>\n","protected":false},"author":6,"featured_media":51745,"comment_status":"open","ping_status":"open","sticky":false,"template":"","format":"standard","meta":{"_acf_changed":false,"_monsterinsights_skip_tracking":false,"slim_seo":{"title":"Generar\u00e1 nueva planta de la India m\u00e1s de 1 mil 200 empleos en Ciudad Ju\u00e1rez - Opini\u00f3n P\u00fablica","description":"Ciudad Ju\u00e1rez, Chih .- El Gobierno del Estado celebr\u00f3 la inauguraci\u00f3n de la primera planta en M\u00e9xico de la empresa india de papel, Balaji JMC Paper Mill, ubicad"},"footnotes":""},"categories":[11],"tags":[],"class_list":["post-51742","post","type-post","status-publish","format-standard","has-post-thumbnail","hentry","category-tendencias"],"acf":[],"_links":{"self":[{"href":"https:\/\/www.opinionpublica.tv\/portada\/wp-json\/wp\/v2\/posts\/51742","targetHints":{"allow":["GET"]}}],"collection":[{"href":"https:\/\/www.opinionpublica.tv\/portada\/wp-json\/wp\/v2\/posts"}],"about":[{"href":"https:\/\/www.opinionpublica.tv\/portada\/wp-json\/wp\/v2\/types\/post"}],"author":[{"embeddable":true,"href":"https:\/\/www.opinionpublica.tv\/portada\/wp-json\/wp\/v2\/users\/6"}],"replies":[{"embeddable":true,"href":"https:\/\/www.opinionpublica.tv\/portada\/wp-json\/wp\/v2\/comments?post=51742"}],"version-history":[{"count":2,"href":"https:\/\/www.opinionpublica.tv\/portada\/wp-json\/wp\/v2\/posts\/51742\/revisions"}],"predecessor-version":[{"id":51746,"href":"https:\/\/www.opinionpublica.tv\/portada\/wp-json\/wp\/v2\/posts\/51742\/revisions\/51746"}],"wp:featuredmedia":[{"embeddable":true,"href":"https:\/\/www.opinionpublica.tv\/portada\/wp-json\/wp\/v2\/media\/51745"}],"wp:attachment":[{"href":"https:\/\/www.opinionpublica.tv\/portada\/wp-json\/wp\/v2\/media?parent=51742"}],"wp:term":[{"taxonomy":"category","embeddable":true,"href":"https:\/\/www.opinionpublica.tv\/portada\/wp-json\/wp\/v2\/categories?post=51742"},{"taxonomy":"post_tag","embeddable":true,"href":"https:\/\/www.opinionpublica.tv\/portada\/wp-json\/wp\/v2\/tags?post=51742"}],"curies":[{"name":"wp","href":"https:\/\/api.w.org\/{rel}","templated":true}]}}