{"id":51737,"date":"2025-01-20T00:01:00","date_gmt":"2025-01-20T07:01:00","guid":{"rendered":"https:\/\/www.opinionpublica.tv\/portada\/?p=51737"},"modified":"2025-01-19T14:12:32","modified_gmt":"2025-01-19T21:12:32","slug":"deportaciones-en-eu-tom-homan-zar-de-la-frontera-define-primeras-ciudades-donde-buscara-migrantes","status":"publish","type":"post","link":"https:\/\/www.opinionpublica.tv\/portada\/deportaciones-en-eu-tom-homan-zar-de-la-frontera-define-primeras-ciudades-donde-buscara-migrantes\/","title":{"rendered":"Deportaciones en EU: Tom Homan, \u2018zar de la frontera\u2019, define las primeras ciudades donde buscar\u00e1 migrantes"},"content":{"rendered":"\n<figure class=\"wp-block-image size-full\"><img fetchpriority=\"high\" decoding=\"async\" width=\"1440\" height=\"951\" src=\"https:\/\/www.opinionpublica.tv\/portada\/wp-content\/uploads\/2025\/01\/Deportaciones-en-EU-Tom-Homan-\u2018zar-de-la-frontera-define-las-primeras-ciudades-donde-buscara-migrantes.avif\" alt=\"Deportaciones En Eu Tom Homan, \u2018zar De La Frontera\u2019, Define Las Primeras Ciudades Donde Buscara\u0301 Migrantes\" class=\"wp-image-51740\"\/><\/figure>\n\n\n\n<p class=\"wp-block-paragraph\">Tom Homan ha viajado por Estados Unidos de un lado a otro desde que el presidente electo Donald Trump nombr\u00f3 al ex polic\u00eda y funcionario de inmigraci\u00f3n como su zar fronterizo, prometiendo \u201cconmoci\u00f3n y pavor\u201d junto con la mayor deportaci\u00f3n que Estados Unidos haya visto jam\u00e1s.<\/p>\n\n\n\n<p class=\"wp-block-paragraph\">Pero dondequiera que vaya Homan, desde Nueva York hasta Texas, tiene en la mira dos ciudades que planea atacar en los primeros d\u00edas de la nueva presidencia de Trump: San Diego y Chicago.<\/p>\n\n\n\n<p class=\"wp-block-paragraph\">Ambos lugares tienen motivos para ocupar un lugar destacado en la lista de prioridades de la administraci\u00f3n entrante. La regi\u00f3n de San Diego se ha convertido en uno de los puntos de cruce ilegal de fronteras m\u00e1s concurridos a lo largo de la frontera con M\u00e9xico. Chicago, un saco de boxeo perenne para Trump y una ciudad santuario desde 1985, ha albergado a decenas de miles de migrantes transportados en autob\u00fas y avi\u00f3n por el gobernador de Texas, Greg Abbott.<\/p>\n\n\n\n<p class=\"wp-block-paragraph\">Lo que San Diego y Chicago tambi\u00e9n tienen en com\u00fan son los l\u00edderes que han prometido desafiar a Homan protegiendo a los inmigrantes indocumentados de la deportaci\u00f3n. La Junta de Supervisores del Condado de San Diego vot\u00f3 el mes pasado para convertirse en lo que un miembro llam\u00f3 una comunidad \u201csupersantuario\u201d. En Chicago, el alcalde Brandon Johnson ha estado reiterando en las \u00faltimas semanas que las fuerzas de seguridad locales tienen prohibido cooperar con los funcionarios federales de inmigraci\u00f3n.<\/p>\n\n\n\n<p class=\"wp-block-paragraph\">\u201cSan Diego deber\u00eda quitarse de en medio. Ya vamos\u201d, dijo Homan a un grupo republicano este mes en Texas. \u201cEl alcalde de Chicago\u201d, continu\u00f3 Homan, \u201cdijo que no soy bienvenido en Chicago. Bueno, \u00bfadivinen d\u00f3nde estar\u00e9 el primer d\u00eda?\u201d<\/p>\n\n\n\n<p class=\"wp-block-paragraph\">El equipo de Trump est\u00e1 planeando una gran redada antiinmigratoria en la ciudad que comenzar\u00e1 el martes y continuar\u00e1 durante toda la semana, inform\u00f3 el Wall Street Journal, citando a personas familiarizadas con la planificaci\u00f3n.<\/p>\n\n\n\n<p class=\"wp-block-paragraph\">Trump dijo el s\u00e1bado que las deportaciones masivas \u201ccomenzar\u00e1n muy pronto, muy r\u00e1pidamente\u201d. En una entrevista telef\u00f3nica exclusiva con Kristen Welker de NBC, Trump se neg\u00f3 a nombrar las ciudades en las que se realizar\u00e1n las redadas \u201cporque las cosas est\u00e1n evolucionando\u201d.<\/p>\n\n\n\n<p class=\"wp-block-paragraph\">Aunque los expertos cuestionaron si los planes \u2014denominados Operaci\u00f3n Salvaguardia, seg\u00fan el New York Times\u2014 diferir\u00edan dram\u00e1ticamente de las importantes acciones anteriores del Servicio de Inmigraci\u00f3n y Control de Aduanas de Estados Unidos, la se\u00f1al inmediatamente despu\u00e9s de la toma de posesi\u00f3n de Trump ser\u00eda inequ\u00edvoca.<\/p>\n\n\n\n<p class=\"wp-block-paragraph\">El Centro Nacional de Justicia para Inmigrantes, con sede en Chicago, aconseja a los inmigrantes que consulten con un abogado de inmigraci\u00f3n, memoricen los n\u00fameros de tel\u00e9fono de sus familiares, establezcan un contacto de emergencia con las escuelas de sus hijos y guarden toda la documentaci\u00f3n necesaria en un lugar seguro.<\/p>\n\n\n\n<p class=\"wp-block-paragraph\">El representante estadounidense Chuy Garc\u00eda, dem\u00f3crata de Illinois, est\u00e1 trabajando con iglesias y grupos comunitarios para ayudar a los migrantes a comprender sus derechos si los agentes de ICE los llaman.<\/p>\n\n\n\n<p class=\"wp-block-paragraph\">\u201cHay buenas razones para pensar que Chicago ser\u00e1 el objetivo principal\u201d, dijo Garc\u00eda. \u201cPodemos esperar que ICE, bajo un nuevo liderazgo a partir del lunes, tenga como objetivo lugares de alta visibilidad, ya sean f\u00e1bricas o posiblemente restaurantes m\u00e1s grandes\u201d.<\/p>\n\n\n\n<p class=\"wp-block-paragraph\">Aunque se espera que Trump emita una serie de \u00f3rdenes ejecutivas sobre inmigraci\u00f3n y la frontera cuando asuma el cargo el lunes, los detalles log\u00edsticos de las operaciones de deportaci\u00f3n no han sido revelados. Homan ha se\u00f1alado que inicialmente se centrar\u00e1 en deportar a criminales violentos, una opini\u00f3n que comparten en gran medida l\u00edderes dem\u00f3cratas como el gobernador de Illinois, JB Pritzker.<\/p>\n\n\n\n<p class=\"wp-block-paragraph\">Pero Pritzker advirti\u00f3 del impacto negativo, incluso sobre la econom\u00eda, de la actitud entusiasta de Homan.<\/p>\n\n\n\n<p class=\"wp-block-paragraph\">\u201cMe parece un fanfarr\u00f3n y s\u00e9 que va a hacer cosas que realmente afectar\u00e1n la vida de las personas de una manera terriblemente negativa\u201d, dijo Pritzker en una entrevista el 14 de enero. \u201cCree que est\u00e1 haciendo algo que es bueno para el pa\u00eds, pero no es as\u00ed\u201d.<\/p>\n\n\n\n<p class=\"wp-block-paragraph\">Trump ha amenazado con retener fondos federales a menos que las ciudades y los estados cumplan con los deseos de la administraci\u00f3n. En Chicago, el alcalde Johnson ha respondido prometiendo defender a la comunidad inmigrante de su ciudad.<\/p>\n\n\n\n<p class=\"wp-block-paragraph\">\u201cLes prometo que no cederemos ni nos doblegaremos\u201d, dijo Johnson despu\u00e9s de las elecciones de noviembre. \u201cNuestros valores seguir\u00e1n siendo fuertes y firmes\u201d.<\/p>\n\n\n\n<p class=\"wp-block-paragraph\">Otras ciudades se enfrentan a retos similares y adoptan enfoques diferentes para el cambio de administraci\u00f3n. El alcalde de Nueva York, Eric Adams, que fue acusado de corrupci\u00f3n federal en septiembre, se reuni\u00f3 con Trump el viernes y un asesor enfatiz\u00f3 la disposici\u00f3n del Ayuntamiento a trabajar con el nuevo presidente.<\/p>\n\n\n\n<p class=\"wp-block-paragraph\">En San Diego, por el contrario, la junta de supervisores aprob\u00f3 el mes pasado una pol\u00edtica para prohibir que las agencias del condado trabajen con las autoridades federales de inmigraci\u00f3n que intentan llevar a cabo deportaciones masivas.<\/p>\n\n\n\n<p class=\"wp-block-paragraph\">\u201cDeber\u00edamos estar deportando a criminales, no a trabajadores agr\u00edcolas\u201d, dijo Terra Lawson-Remer, una de los tres dem\u00f3cratas que votaron a favor de la medida. \u201cEstamos muy preocupados por el espectro de las deportaciones masivas que har\u00e1n que nuestras comunidades sean fundamentalmente menos seguras\u201d.<\/p>\n\n\n\n<p class=\"wp-block-paragraph\">Jim Desmond, un supervisor republicano del condado de San Diego y el \u00fanico disidente en la votaci\u00f3n sobre la propuesta del s\u00faper santuario, predijo que la medida tendr\u00eda poco impacto. La sheriff del condado, Kelly Mart\u00ednez, rest\u00f3 importancia a las nuevas pol\u00edticas y dijo que su oficina seguir\u00e1 cumpliendo la ley estatal de California.<\/p>\n\n\n\n<p class=\"wp-block-paragraph\">El fiscal general de California, Rob Bonta, subray\u00f3 que la ley estatal ya limita cu\u00e1ndo y c\u00f3mo las autoridades locales pueden trabajar con agentes federales de inmigraci\u00f3n.<\/p>\n\n\n\n<p class=\"wp-block-paragraph\">\u201cAqu\u00ed en California no vamos a gastar nuestro tiempo, dinero y recursos en retroceder\u201d, dijo Bonta en una reuni\u00f3n informativa el viernes. \u201cPueden estar seguros de que, como fiscal general de California, si Trump ataca los derechos de nuestros inmigrantes, all\u00ed estar\u00e9. Si Trump viola la ley, lo llevaremos a los tribunales y lo haremos responsable\u201d.<\/p>\n\n\n\n<p class=\"wp-block-paragraph\">Queda por ver exactamente c\u00f3mo se desarrollar\u00e1n en las pr\u00f3ximas semanas y meses las amenazas de Homan y las promesas de protecci\u00f3n de las autoridades locales. Tampoco est\u00e1 claro a qu\u00e9 grupos de inmigrantes dar\u00e1 prioridad la nueva administraci\u00f3n para la deportaci\u00f3n. Y los funcionarios federales se enfrentan a limitaciones de personal, dinero y espacio de detenci\u00f3n temporal.<\/p>\n\n\n\n<p class=\"wp-block-paragraph\">Pero las ciudades se est\u00e1n preparando para un enfrentamiento en medio de la incertidumbre sobre c\u00f3mo se desarrollar\u00e1 la ofensiva de Trump. Los restaurantes desde Texas hasta Colorado est\u00e1n lidiando con la incertidumbre sobre las posibles deportaciones de Donald Trump.<\/p>\n\n\n\n<p class=\"wp-block-paragraph\">En Denver, el alcalde Mike Johnston ha dicho que est\u00e1 dispuesto a ir a la c\u00e1rcel para proteger a los inmigrantes de su comunidad. Homan dijo que est\u00e1 dispuesto a enviarlo all\u00ed si Johnston impide que los agentes del ICE hagan su trabajo.<\/p>\n\n\n\n<p class=\"wp-block-paragraph\">\u201cMira, el alcalde de Denver y yo estamos de acuerdo en una cosa: \u00e9l est\u00e1 dispuesto a ir a la c\u00e1rcel, yo estoy dispuesto a ponerlo en la c\u00e1rcel porque hay una ley al respecto\u201d, dijo Tom Homan en una entrevista con Fox News a finales de noviembre. \u201cY lo que dice es que es un delito grave si se protege y oculta deliberadamente a un extranjero ilegal de las autoridades de inmigraci\u00f3n. Tambi\u00e9n es un delito grave obstaculizar a un agente de la ley federal\u201d.<\/p>\n\n\n\n<p class=\"wp-block-paragraph\"><em>Con informaci\u00f3n de El Financiero<\/em>.<\/p>\n","protected":false},"excerpt":{"rendered":"<p>Tom Homan ha viajado por Estados Unidos de un lado a otro desde que el presidente electo Donald Trump nombr\u00f3 al ex polic\u00eda y funcionario de inmigraci\u00f3n como su zar fronterizo, prometiendo \u201cconmoci\u00f3n y pavor\u201d junto con la mayor deportaci\u00f3n que Estados Unidos haya visto jam\u00e1s. Pero dondequiera que vaya Homan, desde Nueva York hasta [&hellip;]<\/p>\n","protected":false},"author":6,"featured_media":51740,"comment_status":"open","ping_status":"open","sticky":false,"template":"","format":"standard","meta":{"_acf_changed":false,"_monsterinsights_skip_tracking":false,"slim_seo":{"title":"Deportaciones en EU: Tom Homan, \u2018zar de la frontera\u2019, define las primeras ciudades donde buscar\u00e1 migrantes - Opini\u00f3n P\u00fablica","description":"Tom Homan ha viajado por Estados Unidos de un lado a otro desde que el presidente electo Donald Trump nombr\u00f3 al ex polic\u00eda y funcionario de inmigraci\u00f3n como su"},"footnotes":""},"categories":[3],"tags":[],"class_list":["post-51737","post","type-post","status-publish","format-standard","has-post-thumbnail","hentry","category-principal"],"acf":[],"_links":{"self":[{"href":"https:\/\/www.opinionpublica.tv\/portada\/wp-json\/wp\/v2\/posts\/51737","targetHints":{"allow":["GET"]}}],"collection":[{"href":"https:\/\/www.opinionpublica.tv\/portada\/wp-json\/wp\/v2\/posts"}],"about":[{"href":"https:\/\/www.opinionpublica.tv\/portada\/wp-json\/wp\/v2\/types\/post"}],"author":[{"embeddable":true,"href":"https:\/\/www.opinionpublica.tv\/portada\/wp-json\/wp\/v2\/users\/6"}],"replies":[{"embeddable":true,"href":"https:\/\/www.opinionpublica.tv\/portada\/wp-json\/wp\/v2\/comments?post=51737"}],"version-history":[{"count":2,"href":"https:\/\/www.opinionpublica.tv\/portada\/wp-json\/wp\/v2\/posts\/51737\/revisions"}],"predecessor-version":[{"id":51741,"href":"https:\/\/www.opinionpublica.tv\/portada\/wp-json\/wp\/v2\/posts\/51737\/revisions\/51741"}],"wp:featuredmedia":[{"embeddable":true,"href":"https:\/\/www.opinionpublica.tv\/portada\/wp-json\/wp\/v2\/media\/51740"}],"wp:attachment":[{"href":"https:\/\/www.opinionpublica.tv\/portada\/wp-json\/wp\/v2\/media?parent=51737"}],"wp:term":[{"taxonomy":"category","embeddable":true,"href":"https:\/\/www.opinionpublica.tv\/portada\/wp-json\/wp\/v2\/categories?post=51737"},{"taxonomy":"post_tag","embeddable":true,"href":"https:\/\/www.opinionpublica.tv\/portada\/wp-json\/wp\/v2\/tags?post=51737"}],"curies":[{"name":"wp","href":"https:\/\/api.w.org\/{rel}","templated":true}]}}