{"id":51730,"date":"2025-01-20T00:01:00","date_gmt":"2025-01-20T07:01:00","guid":{"rendered":"https:\/\/www.opinionpublica.tv\/portada\/?p=51730"},"modified":"2025-01-19T14:07:05","modified_gmt":"2025-01-19T21:07:05","slug":"mexico-no-es-colonia-de-nadie-sheinbaum-a-connacionales-ante-regreso-de-trump","status":"publish","type":"post","link":"https:\/\/www.opinionpublica.tv\/portada\/mexico-no-es-colonia-de-nadie-sheinbaum-a-connacionales-ante-regreso-de-trump\/","title":{"rendered":"\u00abM\u00e9xico no es colonia de nadie\u00bb, Sheinbaum a paisanos ante regreso de Donald Trump"},"content":{"rendered":"\n<figure class=\"wp-block-image size-full\"><img fetchpriority=\"high\" decoding=\"async\" width=\"1100\" height=\"666\" src=\"https:\/\/www.opinionpublica.tv\/portada\/wp-content\/uploads\/2025\/01\/22Mexico-no-es-colonia-de-nadie22-Sheinbaum-a-paisanos-ante-regreso-de-Donald-Trump.avif\" alt=\"%22me\u0301xico No Es Colonia De Nadie%22, Sheinbaum A Paisanos Ante Regreso De Donald Trump\" class=\"wp-image-51734\"\/><\/figure>\n\n\n\n<p class=\"wp-block-paragraph\"><em>Chinantla, Puebla<\/em>.- A unas horas de que Donald Trump tome protesta como presidente de Estados Unidos, la presidenta Claudia Sheinbaum Pardo reiter\u00f3 que su gobierno defender\u00e1 a los connacionales en ese pa\u00eds, y declar\u00f3 que M\u00e9xico \u201cno es colonia de nadie\u201d.<\/p>\n\n\n\n<p class=\"wp-block-paragraph\">Durante la entrega de tarjetas de las Pensiones de Bienestar en Chinantla, Sheinbaum Pardo se\u00f1al\u00f3 que el gobierno estadounidense sabe que no podr\u00eda avanzar su econom\u00eda sin los paisanos y tampoco llegar\u00eda comida a las mesas, tambi\u00e9n ante la amenaza de una deportaci\u00f3n masiva.<\/p>\n\n\n\n<p class=\"wp-block-paragraph\">\u201cQue se oiga bien, que se oiga lejos, M\u00e9xico no es colonia de nadie, no es protectorado de nadie, M\u00e9xico es un pa\u00eds libre, independiente y soberano.<\/p>\n\n\n\n<p class=\"wp-block-paragraph\">\u201cY siempre vamos a defender al pueblo de M\u00e9xico, a la naci\u00f3n y a nuestra patria (&#8230;) Somos un gran pa\u00eds, somos un gran pueblo y por eso nuestro gobierno siempre estar\u00e1 cerca del pueblo. Nosotros no mentimos, no robamos y nunca vamos a traicionar al pueblo de M\u00e9xico\u201d, expres\u00f3.<\/p>\n\n\n\n<p class=\"wp-block-paragraph\">Al destacar el env\u00edo de remesas y preguntar a mano alzada qui\u00e9n tiene familia en Estados Unidos, la Presidenta destac\u00f3 la presencia de m\u00e1s de 30 millones de mexicanos en territorio estadounidense. Mencion\u00f3 que los mexicanos en Estados Unidos env\u00edan solo el 20% de lo que ganan, mientras que el 80% se queda all\u00e1.<\/p>\n\n\n\n<p class=\"wp-block-paragraph\">\u201c\u00bfQu\u00e9 ser\u00eda de Nueva York sin los mixtecos, sin las mixtecas, por eso le decimos \u00b4Puebla York\u00b4? Porque all\u00e1 trabajan en los servicios, trabajan en la construcci\u00f3n, sacan adelante tambi\u00e9n la econom\u00eda de all\u00e1. F\u00edjense, siete de cada 10 trabajadores del campo de Estados Unidos son trabajadores del campo. \u00bfA poco tendr\u00edan comida en la mesa los estadounidenses si no fuera por los mexicanos y las mexicanas?\u201d, dijo la titular del Ejecutivo federal.<\/p>\n\n\n\n<p class=\"wp-block-paragraph\">Calific\u00f3 a los connacionales en Estados Unidos como buenos trabajadores que aportan a la econom\u00eda de ese pa\u00eds: \u201cEn este periodo nuevo que llega ma\u00f1ana con el presidente Trump, primero vamos a defender a las y los mexicanos all\u00e1. Los consulados ya tienen m\u00e1s abogados para apoyarles\u201d.<\/p>\n\n\n\n<p class=\"wp-block-paragraph\">Refiri\u00f3 que si deciden regresar a nuestro pa\u00eds, ser\u00e1n bien recibidos con los brazos abiertos.<\/p>\n\n\n\n<p class=\"wp-block-paragraph\">Record\u00f3 que con Donald Trump ha tenido conversaciones e incluso hablaron sobre el fentanilo que, dijo, esta droga sint\u00e9tica \u201cno es el principal\u201d problema de M\u00e9xico porque hay valores familiares.<\/p>\n\n\n\n<p class=\"wp-block-paragraph\">Insisti\u00f3 en que habr\u00e1 un buen entendimiento con el gobierno del republicano.<\/p>\n\n\n\n<p class=\"wp-block-paragraph\">Sheinbaum Pardo declar\u00f3 tambi\u00e9n que este 2025 va a quedar marcado por la historia de M\u00e9xico porque se va a elegir por voto popular al Poder Judicial.<\/p>\n\n\n\n<p class=\"wp-block-paragraph\">\u201cAhora juezas, jueces, magistrados, magistradas, ministros y ministras de la Corte los va a elegir por primera vez el pueblo de M\u00e9xico, va a decidir qui\u00e9n quiere que sea su Poder Judicial. Dicen que eso es autoritarismo, imag\u00ednense\u201d, expres\u00f3 al mencionar que \u201ceso se llama democracia\u201d. (El Universal)<\/p>\n","protected":false},"excerpt":{"rendered":"<p>Chinantla, Puebla.- A unas horas de que Donald Trump tome protesta como presidente de Estados Unidos, la presidenta Claudia Sheinbaum Pardo reiter\u00f3 que su gobierno defender\u00e1 a los connacionales en ese pa\u00eds, y declar\u00f3 que M\u00e9xico \u201cno es colonia de nadie\u201d. Durante la entrega de tarjetas de las Pensiones de Bienestar en Chinantla, Sheinbaum Pardo [&hellip;]<\/p>\n","protected":false},"author":6,"featured_media":51734,"comment_status":"open","ping_status":"open","sticky":false,"template":"","format":"standard","meta":{"_acf_changed":false,"_monsterinsights_skip_tracking":false,"slim_seo":{"title":"\"M\u00e9xico no es colonia de nadie\", Sheinbaum a paisanos ante regreso de Donald Trump - Opini\u00f3n P\u00fablica","description":"Chinantla, Puebla .- A unas horas de que Donald Trump tome protesta como presidente de Estados Unidos, la presidenta Claudia Sheinbaum Pardo reiter\u00f3 que su gobi"},"footnotes":""},"categories":[4],"tags":[],"class_list":["post-51730","post","type-post","status-publish","format-standard","has-post-thumbnail","hentry","category-pulsopolitico"],"acf":[],"_links":{"self":[{"href":"https:\/\/www.opinionpublica.tv\/portada\/wp-json\/wp\/v2\/posts\/51730","targetHints":{"allow":["GET"]}}],"collection":[{"href":"https:\/\/www.opinionpublica.tv\/portada\/wp-json\/wp\/v2\/posts"}],"about":[{"href":"https:\/\/www.opinionpublica.tv\/portada\/wp-json\/wp\/v2\/types\/post"}],"author":[{"embeddable":true,"href":"https:\/\/www.opinionpublica.tv\/portada\/wp-json\/wp\/v2\/users\/6"}],"replies":[{"embeddable":true,"href":"https:\/\/www.opinionpublica.tv\/portada\/wp-json\/wp\/v2\/comments?post=51730"}],"version-history":[{"count":3,"href":"https:\/\/www.opinionpublica.tv\/portada\/wp-json\/wp\/v2\/posts\/51730\/revisions"}],"predecessor-version":[{"id":51735,"href":"https:\/\/www.opinionpublica.tv\/portada\/wp-json\/wp\/v2\/posts\/51730\/revisions\/51735"}],"wp:featuredmedia":[{"embeddable":true,"href":"https:\/\/www.opinionpublica.tv\/portada\/wp-json\/wp\/v2\/media\/51734"}],"wp:attachment":[{"href":"https:\/\/www.opinionpublica.tv\/portada\/wp-json\/wp\/v2\/media?parent=51730"}],"wp:term":[{"taxonomy":"category","embeddable":true,"href":"https:\/\/www.opinionpublica.tv\/portada\/wp-json\/wp\/v2\/categories?post=51730"},{"taxonomy":"post_tag","embeddable":true,"href":"https:\/\/www.opinionpublica.tv\/portada\/wp-json\/wp\/v2\/tags?post=51730"}],"curies":[{"name":"wp","href":"https:\/\/api.w.org\/{rel}","templated":true}]}}