{"id":51723,"date":"2025-01-20T00:01:00","date_gmt":"2025-01-20T07:01:00","guid":{"rendered":"https:\/\/www.opinionpublica.tv\/portada\/?p=51723"},"modified":"2025-01-19T13:59:07","modified_gmt":"2025-01-19T20:59:07","slug":"cinco-logros-de-biden-que-pasaron-inadvertidos-e-impactaron-en-la-vida-de-millones-de-personas-en-eu","status":"publish","type":"post","link":"https:\/\/www.opinionpublica.tv\/portada\/cinco-logros-de-biden-que-pasaron-inadvertidos-e-impactaron-en-la-vida-de-millones-de-personas-en-eu\/","title":{"rendered":"Cinco logros de Biden que pasaron inadvertidos entre millones de personas en EU"},"content":{"rendered":"\n<figure class=\"wp-block-image size-full\"><img fetchpriority=\"high\" decoding=\"async\" width=\"973\" height=\"547\" src=\"https:\/\/www.opinionpublica.tv\/portada\/wp-content\/uploads\/2025\/01\/Cinco-logros-de-Biden-que-pasaron-inadvertidos-entre-millones-de-personas-en-EU.webp\" alt=\"Cinco Logros De Biden Que Pasaron Inadvertidos Entre Millones De Personas En Eu\" class=\"wp-image-51728\" srcset=\"https:\/\/www.opinionpublica.tv\/portada\/wp-content\/uploads\/2025\/01\/Cinco-logros-de-Biden-que-pasaron-inadvertidos-entre-millones-de-personas-en-EU.webp 973w, https:\/\/www.opinionpublica.tv\/portada\/wp-content\/uploads\/2025\/01\/Cinco-logros-de-Biden-que-pasaron-inadvertidos-entre-millones-de-personas-en-EU-300x169.webp 300w, https:\/\/www.opinionpublica.tv\/portada\/wp-content\/uploads\/2025\/01\/Cinco-logros-de-Biden-que-pasaron-inadvertidos-entre-millones-de-personas-en-EU-768x432.webp 768w\" sizes=\"(max-width: 973px) 100vw, 973px\" \/><\/figure>\n\n\n\n<p class=\"wp-block-paragraph\">Joe Biden terminar\u00e1 su gobierno cuando Donald Trump asuma la presidencia de Estados Unidos este 20 de enero.<\/p>\n\n\n\n<p class=\"wp-block-paragraph\">En sus cuatros a\u00f1os, acumul\u00f3 una larga lista de logros de los que se enorgullece, que se vieron ensombrecidos por los altos niveles de inflaci\u00f3n, la crisis migratoria en la frontera con M\u00e9xico y su demora en aceptar que hab\u00eda perdido el apoyo necesario para presentarse a la reelecci\u00f3n.<\/p>\n\n\n\n<p class=\"wp-block-paragraph\">Con un \u00edndice de aprobaci\u00f3n del 37%, finaliza un mandato en el que tuvo que sacar adelante a un pa\u00eds golpeado por la pandemia de covid y una crisis del costo de vida que impact\u00f3 a muchas familias estadounidenses.<\/p>\n\n\n\n<p class=\"wp-block-paragraph\">Biden no consigui\u00f3 aplacar las cr\u00edticas a su gesti\u00f3n, en medio de acusaciones de elitismo contra el Partido Dem\u00f3crata y de desconexi\u00f3n con una parte importante de los votantes de la clase trabajadora.<\/p>\n\n\n\n<p class=\"wp-block-paragraph\">A pesar de las dificultades, su gobierno logr\u00f3 impulsar iniciativas en contra del cambio clim\u00e1tico, desarrollar una pol\u00edtica industrial de largo plazo para generar empleos y aprobar un conjunto de medidas que mejoraron el acceso a la salud de los ciudadanos con menores ingresos.<\/p>\n\n\n\n<p class=\"wp-block-paragraph\">Pese a las mejoras en sus cuatro a\u00f1os de gobierno, Biden, de 82 a\u00f1os, vio c\u00f3mo su capital pol\u00edtico fue agot\u00e1ndose.<\/p>\n\n\n\n<p class=\"wp-block-paragraph\">\u00abLlevar\u00e1 tiempo sentir el pleno impacto de todo lo que hemos hecho juntos\u00bb, afirm\u00f3 este mi\u00e9rcoles en su mensaje de despedida.<\/p>\n\n\n\n<p class=\"wp-block-paragraph\">\u00abPero las semillas est\u00e1n plantadas\u00bb, asegur\u00f3 en el discurso que ofreci\u00f3 desde el Despacho Oval, con la esperanza de sellar un legado que se vio te\u00f1ido por el fracaso de los dem\u00f3cratas en impedir que Donald Trump regresara a la Casa Blanca.<\/p>\n\n\n\n<p class=\"wp-block-paragraph\">Pese a todo, muchos reconocen que Biden impuls\u00f3 medidas que tuvieron un impacto positivo en la vida cotidiana de millones de personas y que quiz\u00e1s pasaron inadvertidas. Aqu\u00ed te contamos cinco de ellas.<\/p>\n\n\n\n<p class=\"wp-block-paragraph\"><strong>1. Alta creaci\u00f3n de empleos<\/strong><\/p>\n\n\n\n<p class=\"wp-block-paragraph\">El empleo registr\u00f3 un ritmo r\u00e9cord de crecimiento durante el gobierno de Biden, con la creaci\u00f3n de 16,6 millones de nuevos puestos de trabajo.<\/p>\n\n\n\n<p class=\"wp-block-paragraph\">En un contexto de recuperaci\u00f3n econ\u00f3mica tras la pandemia de covid, una parte de esos empleos se puede atribuir a los efectos de la pol\u00edtica industrial del gobierno de Biden (incluida en la Ley CHIPS, la Ley de Inversi\u00f3n en Infraestructura y Empleo y la Ley de Reducci\u00f3n de la Inflaci\u00f3n).<\/p>\n\n\n\n<p class=\"wp-block-paragraph\">Cuando Biden lleg\u00f3 a la Casa Blanca, en medio de la crisis sanitaria y econ\u00f3mica, el desempleo estaba en el 6,5%.<\/p>\n\n\n\n<p class=\"wp-block-paragraph\">Cuatro a\u00f1os despu\u00e9s, la tasa de desocupaci\u00f3n ha ca\u00eddo hasta un 3,6%, un nivel considerado muy positivo, con una econom\u00eda que se ha recuperado m\u00e1s r\u00e1pido que las otras naciones desarrolladas.<\/p>\n\n\n\n<p class=\"wp-block-paragraph\">Pese a las buenas noticias en materia laboral, el aumento de los salarios que se produjo tuvo un impacto menor de lo esperado debido al r\u00e1pido aumento de la inflaci\u00f3n en la primera parte del gobierno de Biden.<\/p>\n\n\n\n<p class=\"wp-block-paragraph\">Fue precisamente la inflaci\u00f3n uno de los factores que les jug\u00f3 en contra a los dem\u00f3cratas en las presidenciales de noviembre y, aunque baj\u00f3 dr\u00e1sticamente durante el gobierno de Biden (desde un m\u00e1ximo de 9,1% a una tasa actual de 2,9%), el costo de vida sigue siendo mucho mayor que antes de la pandemia.<\/p>\n\n\n\n<p class=\"wp-block-paragraph\"><strong>2. Ca\u00edda de los homicidios<\/strong><\/p>\n\n\n\n<p class=\"wp-block-paragraph\">En el \u00faltimo a\u00f1o del primer gobierno de Donald Trump (2020) y en medio de la pandemia, los homicidios aumentaron un 29% en EE.UU., seg\u00fan datos del FBI.<\/p>\n\n\n\n<p class=\"wp-block-paragraph\">Esa ola de criminalidad disminuy\u00f3 progresivamente durante los \u00faltimos a\u00f1os del gobierno de Biden.<\/p>\n\n\n\n<p class=\"wp-block-paragraph\">En la primera mitad de 2024, la tasa de homicidios cay\u00f3 a un ritmo r\u00e9cord, disminuyendo un 22,7%, mientras que la tasa de delitos violentos se redujo un 10,3%, seg\u00fan datos preliminares del FBI difundidos por la Casa Blanca.<\/p>\n\n\n\n<p class=\"wp-block-paragraph\">Para reflejar los datos de la delincuencia en el pa\u00eds, varios medios estadounidenses utilizan cifras obtenidas directamente de los departamentos de polic\u00eda y compiladas de manera independiente en el \u00cdndice de Delitos en Tiempo Real (Real Time Crime Index) de AH Datalytics.<\/p>\n\n\n\n<p class=\"wp-block-paragraph\">Seg\u00fan este \u00edndice, la disminuci\u00f3n de la tasa de homicidios fue de 18,2% interanual en ese per\u00edodo.<\/p>\n\n\n\n<p class=\"wp-block-paragraph\">Si se mantuviera una tendencia similar el resto del a\u00f1o, 2024 registrar\u00eda la ca\u00edda m\u00e1s profunda de la \u00faltima d\u00e9cada.<\/p>\n\n\n\n<p class=\"wp-block-paragraph\">Pese a las discrepancias, los datos sugieren que la pandemia contribuy\u00f3 a un mayor nivel de delincuencia y que, en la medida que la crisis sanitaria y econ\u00f3mica fue disminuyendo, los cr\u00edmenes tambi\u00e9n bajaron.<\/p>\n\n\n\n<p class=\"wp-block-paragraph\"><strong>3. Tope al precio de los medicamentos<\/strong><\/p>\n\n\n\n<p class=\"wp-block-paragraph\">Su gobierno consigui\u00f3 sacar adelante una bater\u00eda de medidas para reducir el costo de la salud.<\/p>\n\n\n\n<p class=\"wp-block-paragraph\">Una de las iniciativas fue el establecimiento de un tope anual al costo que deben pagar los adultos mayores de bajos ingresos que se benefician del programa de salud Medicare para adquirir 10 medicamentos populares comprados con receta m\u00e9dica.<\/p>\n\n\n\n<p class=\"wp-block-paragraph\">La medida fue posible gracias a un acuerdo con varias farmac\u00e9uticas, en un pa\u00eds en el que los precios de los medicamentos no est\u00e1n regulados a nivel nacional y suelen ser mucho m\u00e1s elevados que en otras naciones desarrolladas.<\/p>\n\n\n\n<p class=\"wp-block-paragraph\">Se trata de la primera pol\u00edtica de este tipo en Estados Unidos, con descuentos que oscilan entre el 38% y el 79% del precio del medicamento, seg\u00fan informaci\u00f3n publicada por los Centros de Medicare y Medicaid (CMS).<\/p>\n\n\n\n<p class=\"wp-block-paragraph\">Medicare es un plan de seguro del gobierno para personas mayores de 65 a\u00f1os.<\/p>\n\n\n\n<p class=\"wp-block-paragraph\">Uno de los grupos de pacientes que se benefici\u00f3 del tope del precio a los medicamentos fue el de los que requieren insulina.<\/p>\n\n\n\n<p class=\"wp-block-paragraph\">El gobierno negoci\u00f3 con tres empresas farmac\u00e9uticas un acuerdo para que las personas de bajos ingresos paguen un m\u00e1ximo de US$35 al mes por el medicamento.<\/p>\n\n\n\n<p class=\"wp-block-paragraph\">Y en relaci\u00f3n a la cobertura m\u00e9dica que existe en el pa\u00eds, en 2023 el n\u00famero de estadounidenses sin seguro de salud se redujo al 7,2%, seg\u00fan la Encuesta Nacional de Entrevistas de Salud.<\/p>\n\n\n\n<p class=\"wp-block-paragraph\">Otro logro que se le atribuye a su administraci\u00f3n es la disminuci\u00f3n de las muertes por sobredosis por el consumo de drogas como el fentanilo, un grave problema de salud p\u00fablica que afecta a una gran parte del pa\u00eds.<\/p>\n\n\n\n<p class=\"wp-block-paragraph\"><strong>4. Disminuci\u00f3n de la deuda estudiantil<\/strong><\/p>\n\n\n\n<p class=\"wp-block-paragraph\">A pesar de que no pudo implementar una amplia condonaci\u00f3n de deudas estudiantiles como deseaba, Biden consigui\u00f3 la cancelaci\u00f3n de pr\u00e9stamos estudiantiles para m\u00e1s de 5 millones de estadounidenses abrumados por esa carga econ\u00f3mica.<\/p>\n\n\n\n<p class=\"wp-block-paragraph\">En total, el gobierno condon\u00f3 m\u00e1s de US$183.000 millones en pr\u00e9stamos estudiantiles, seg\u00fan inform\u00f3 el Departamento de Educaci\u00f3n de Estados Unidos en enero.<\/p>\n\n\n\n<p class=\"wp-block-paragraph\">Pero no fue nada f\u00e1cil. Biden tuvo que enfrentar obst\u00e1culos legales por parte de los republicanos y los tribunales de justicia para implementar sus planes de alivio de la deuda estudiantil, una importante promesa de campa\u00f1a que realiz\u00f3 cuando se postul\u00f3 para la Casa Blanca en 2020.<\/p>\n\n\n\n<p class=\"wp-block-paragraph\">Utilizando los mecanismos legales que ya exist\u00edan, el gobierno busc\u00f3 la manera de ampliar la financiaci\u00f3n, insistiendo incluso despu\u00e9s de que la Corte Suprema rechazara el plan de Biden para una nueva pol\u00edtica de condonaci\u00f3n m\u00e1s generalizada.<\/p>\n\n\n\n<p class=\"wp-block-paragraph\">La reducci\u00f3n de la carga de deuda estudiantil podr\u00eda detenerse cuando Donald Trump asuma el cargo, aunque hasta ahora no ha detallado cu\u00e1les ser\u00e1n sus pol\u00edticas en esta materia.<\/p>\n\n\n\n<p class=\"wp-block-paragraph\">Los republicanos han luchado implacablemente contra estas iniciativas, alegando que la cancelaci\u00f3n recae en \u00faltima instancia sobre los contribuyentes que nunca asistieron a la universidad o que ya pagaron sus pr\u00e9stamos, calificando la medida como elitista.<\/p>\n\n\n\n<p class=\"wp-block-paragraph\">La \u00faltima ronda de alivio para la deuda estudiantil anunciada en enero beneficia a aquellos estudiantes que fueron enga\u00f1ados por centros educativos fraudulentos, mientras que en otras ocasiones algunas de las medidas han estado destinadas a favorecer a deudores con discapacidades o personas que desempe\u00f1an trabajos en el sector p\u00fablico.<\/p>\n\n\n\n<p class=\"wp-block-paragraph\"><strong>5. Medidas migratorias que ayudaron a miles de venezolanos y salvadore\u00f1os<\/strong><\/p>\n\n\n\n<p class=\"wp-block-paragraph\">D\u00edas antes de dejar el poder, el gobierno de Biden extendi\u00f3 la vigencia del programa de protecci\u00f3n temporal para cientos de miles de inmigrantes que les da el derecho a residir temporalmente en Estados Unidos e impide que sean deportados.<\/p>\n\n\n\n<p class=\"wp-block-paragraph\">La medida anunciada por el Departamento de Seguridad Interior beneficiar\u00e1 a los ciudadanos de Venezuela, El Salvador, Sud\u00e1n y Ucrania que se encuentran actualmente en Estados Unidos bajo el programa de Estatus de Protecci\u00f3n Temporal (TPS, por sus siglas en ingl\u00e9s), cuando falta poco para que Donald Trump asuma el poder y ocupe la Casa Blanca con la promesa de llevar a cabo \u00abla mayor deportaci\u00f3n de la historia de Estados Unidos\u00bb.<\/p>\n\n\n\n<p class=\"wp-block-paragraph\">Al TPS pueden acceder personas que enfrentar\u00edan dificultades extremas si se vieran obligadas a regresar a sus pa\u00edses de origen, ya sea por conflictos armados o desastres naturales en ellos.<\/p>\n\n\n\n<p class=\"wp-block-paragraph\">Los beneficiarios del programa de El Salvador, Venezuela, Sud\u00e1n y Ucrania quedan protegidos del riesgo de deportaci\u00f3n por otros 18 meses, a partir del vencimiento de la protecci\u00f3n actual.<\/p>\n\n\n\n<p class=\"wp-block-paragraph\">Con la medida, aproximadamente 230.000 salvadore\u00f1os, 600.000 venezolanos, 1.900 sudaneses y 104.000 ucranianos que cuentan con la protecci\u00f3n TPS ven asegurada su permanencia legal en el pa\u00eds al menos hasta 2026.<\/p>\n\n\n\n<p class=\"wp-block-paragraph\">A pesar de sus logros, Joe Biden no logr\u00f3 darle vuelo a su campa\u00f1a para reelegirse ni impulsar la de Kamala Harris lo suficiente para ganar.<\/p>\n\n\n\n<p class=\"wp-block-paragraph\">Los estadounidenses eligieron a Donald Trump, quien llega a la Casa Blanca con la promesa de endurecer la pol\u00edtica migratoria y aliviar el bolsillo de los estadounidenses de la inflaci\u00f3n.<\/p>\n\n\n\n<p class=\"wp-block-paragraph\"><em>Fuente: Yahoo News<\/em>.<\/p>\n","protected":false},"excerpt":{"rendered":"<p>Joe Biden terminar\u00e1 su gobierno cuando Donald Trump asuma la presidencia de Estados Unidos este 20 de enero. En sus cuatros a\u00f1os, acumul\u00f3 una larga lista de logros de los que se enorgullece, que se vieron ensombrecidos por los altos niveles de inflaci\u00f3n, la crisis migratoria en la frontera con M\u00e9xico y su demora en [&hellip;]<\/p>\n","protected":false},"author":6,"featured_media":51728,"comment_status":"open","ping_status":"open","sticky":false,"template":"","format":"standard","meta":{"_acf_changed":false,"_monsterinsights_skip_tracking":false,"slim_seo":{"title":"Cinco logros de Biden que pasaron inadvertidos entre millones de personas en EU - Opini\u00f3n P\u00fablica","description":"Joe Biden terminar\u00e1 su gobierno cuando Donald Trump asuma la presidencia de Estados Unidos este 20 de enero. En sus cuatros a\u00f1os, acumul\u00f3 una larga lista de log"},"footnotes":""},"categories":[4],"tags":[],"class_list":["post-51723","post","type-post","status-publish","format-standard","has-post-thumbnail","hentry","category-pulsopolitico"],"acf":[],"_links":{"self":[{"href":"https:\/\/www.opinionpublica.tv\/portada\/wp-json\/wp\/v2\/posts\/51723","targetHints":{"allow":["GET"]}}],"collection":[{"href":"https:\/\/www.opinionpublica.tv\/portada\/wp-json\/wp\/v2\/posts"}],"about":[{"href":"https:\/\/www.opinionpublica.tv\/portada\/wp-json\/wp\/v2\/types\/post"}],"author":[{"embeddable":true,"href":"https:\/\/www.opinionpublica.tv\/portada\/wp-json\/wp\/v2\/users\/6"}],"replies":[{"embeddable":true,"href":"https:\/\/www.opinionpublica.tv\/portada\/wp-json\/wp\/v2\/comments?post=51723"}],"version-history":[{"count":3,"href":"https:\/\/www.opinionpublica.tv\/portada\/wp-json\/wp\/v2\/posts\/51723\/revisions"}],"predecessor-version":[{"id":51729,"href":"https:\/\/www.opinionpublica.tv\/portada\/wp-json\/wp\/v2\/posts\/51723\/revisions\/51729"}],"wp:featuredmedia":[{"embeddable":true,"href":"https:\/\/www.opinionpublica.tv\/portada\/wp-json\/wp\/v2\/media\/51728"}],"wp:attachment":[{"href":"https:\/\/www.opinionpublica.tv\/portada\/wp-json\/wp\/v2\/media?parent=51723"}],"wp:term":[{"taxonomy":"category","embeddable":true,"href":"https:\/\/www.opinionpublica.tv\/portada\/wp-json\/wp\/v2\/categories?post=51723"},{"taxonomy":"post_tag","embeddable":true,"href":"https:\/\/www.opinionpublica.tv\/portada\/wp-json\/wp\/v2\/tags?post=51723"}],"curies":[{"name":"wp","href":"https:\/\/api.w.org\/{rel}","templated":true}]}}