{"id":51716,"date":"2025-01-20T00:01:00","date_gmt":"2025-01-20T07:01:00","guid":{"rendered":"https:\/\/www.opinionpublica.tv\/portada\/?p=51716"},"modified":"2025-01-19T13:21:54","modified_gmt":"2025-01-19T20:21:54","slug":"que-significa-woke-y-por-que-el-termino-genera-una-batalla-cultural-y-politica-bbc-mundo","status":"publish","type":"post","link":"https:\/\/www.opinionpublica.tv\/portada\/que-significa-woke-y-por-que-el-termino-genera-una-batalla-cultural-y-politica-bbc-mundo\/","title":{"rendered":"Video: \u00bfQu\u00e9 significa &#8216;woke&#8217; y por qu\u00e9 la batalla cultural y pol\u00edtica? | BBC Mundo"},"content":{"rendered":"\n<figure class=\"wp-block-embed is-type-video is-provider-youtube wp-block-embed-youtube wp-embed-aspect-16-9 wp-has-aspect-ratio\"><div class=\"wp-block-embed__wrapper\">\n<iframe title=\"\u00bfQu\u00e9 significa &#039;woke&#039; y por qu\u00e9 el t\u00e9rmino genera una batalla cultural y pol\u00edtica? | BBC Mundo\" width=\"800\" height=\"450\" src=\"https:\/\/www.youtube.com\/embed\/gNnepwEbh9o?feature=oembed\" frameborder=\"0\" allow=\"accelerometer; autoplay; clipboard-write; encrypted-media; gyroscope; picture-in-picture; web-share\" referrerpolicy=\"strict-origin-when-cross-origin\" allowfullscreen><\/iframe>\n<\/div><\/figure>\n\n\n\n<p class=\"wp-block-paragraph\">Ser \u00abwoke\u00bb puede interpretarse de maneras diferentes, dependiendo de qui\u00e9n lo defina. Para algunos, significa estar consciente de cuestiones sociales y pol\u00edticas, luchando contra privilegios injustos y promoviendo la igualdad.<\/p>\n\n\n\n<p class=\"wp-block-paragraph\">Para otros, el t\u00e9rmino tiene un tono peyorativo, asociado a la imposici\u00f3n de valores progresistas y a la pr\u00e1ctica de la llamada \u00abcultura de la cancelaci\u00f3n\u00bb.<\/p>\n\n\n\n<p class=\"wp-block-paragraph\">El concepto ha adquirido tanta relevancia en los debates sociales y pol\u00edticos que la \u00abcultura woke\u00bb ha sido se\u00f1alada como uno de los posibles factores que influyeron en la derrota de la dem\u00f3crata Kamala Harris frente al republicano Donald Trump.<\/p>\n\n\n\n<p class=\"wp-block-paragraph\">Pero, al final, \u00bfqu\u00e9 significa realmente ser \u00abwoke\u00bb?<\/p>\n\n\n\n<p class=\"wp-block-paragraph\"><em>Cr\u00e9ditos: BBC Mundo<\/em>.<a href=\"https:\/\/www.youtube.com\/@BBCMundo\"><\/a><\/p>\n","protected":false},"excerpt":{"rendered":"<p>Ser \u00abwoke\u00bb puede interpretarse de maneras diferentes, dependiendo de qui\u00e9n lo defina. Para algunos, significa estar consciente de cuestiones sociales y pol\u00edticas, luchando contra privilegios injustos y promoviendo la igualdad. Para otros, el t\u00e9rmino tiene un tono peyorativo, asociado a la imposici\u00f3n de valores progresistas y a la pr\u00e1ctica de la llamada \u00abcultura de la [&hellip;]<\/p>\n","protected":false},"author":6,"featured_media":51722,"comment_status":"open","ping_status":"open","sticky":false,"template":"","format":"standard","meta":{"_acf_changed":false,"_monsterinsights_skip_tracking":false,"slim_seo":{"title":"Video: \u00bfQu\u00e9 significa 'woke' y por qu\u00e9 la batalla cultural y pol\u00edtica? | BBC Mundo - Opini\u00f3n P\u00fablica","description":"https:\/\/youtu.be\/gNnepwEbh9o?si=TYL2Suq8d5ELv2wy Ser \"woke\" puede interpretarse de maneras diferentes, dependiendo de qui\u00e9n lo defina. Para algunos, significa e"},"footnotes":""},"categories":[2,13,8],"tags":[],"class_list":["post-51716","post","type-post","status-publish","format-standard","has-post-thumbnail","hentry","category-videos-destacados","category-videos-destacados-contenido","category-videos"],"acf":[],"_links":{"self":[{"href":"https:\/\/www.opinionpublica.tv\/portada\/wp-json\/wp\/v2\/posts\/51716","targetHints":{"allow":["GET"]}}],"collection":[{"href":"https:\/\/www.opinionpublica.tv\/portada\/wp-json\/wp\/v2\/posts"}],"about":[{"href":"https:\/\/www.opinionpublica.tv\/portada\/wp-json\/wp\/v2\/types\/post"}],"author":[{"embeddable":true,"href":"https:\/\/www.opinionpublica.tv\/portada\/wp-json\/wp\/v2\/users\/6"}],"replies":[{"embeddable":true,"href":"https:\/\/www.opinionpublica.tv\/portada\/wp-json\/wp\/v2\/comments?post=51716"}],"version-history":[{"count":5,"href":"https:\/\/www.opinionpublica.tv\/portada\/wp-json\/wp\/v2\/posts\/51716\/revisions"}],"predecessor-version":[{"id":51721,"href":"https:\/\/www.opinionpublica.tv\/portada\/wp-json\/wp\/v2\/posts\/51716\/revisions\/51721"}],"wp:featuredmedia":[{"embeddable":true,"href":"https:\/\/www.opinionpublica.tv\/portada\/wp-json\/wp\/v2\/media\/51722"}],"wp:attachment":[{"href":"https:\/\/www.opinionpublica.tv\/portada\/wp-json\/wp\/v2\/media?parent=51716"}],"wp:term":[{"taxonomy":"category","embeddable":true,"href":"https:\/\/www.opinionpublica.tv\/portada\/wp-json\/wp\/v2\/categories?post=51716"},{"taxonomy":"post_tag","embeddable":true,"href":"https:\/\/www.opinionpublica.tv\/portada\/wp-json\/wp\/v2\/tags?post=51716"}],"curies":[{"name":"wp","href":"https:\/\/api.w.org\/{rel}","templated":true}]}}