{"id":51669,"date":"2025-01-19T00:01:00","date_gmt":"2025-01-19T07:01:00","guid":{"rendered":"https:\/\/www.opinionpublica.tv\/portada\/?p=51669"},"modified":"2025-01-18T19:57:04","modified_gmt":"2025-01-19T02:57:04","slug":"durante-el-sexenio-de-amlo-se-cometieron-mas-de-30-mil-asesinatos-por-ano-segun-cifra-oficiales","status":"publish","type":"post","link":"https:\/\/www.opinionpublica.tv\/portada\/durante-el-sexenio-de-amlo-se-cometieron-mas-de-30-mil-asesinatos-por-ano-segun-cifra-oficiales\/","title":{"rendered":"Durante sexenio de L\u00f3pez Obrador se cometieron m\u00e1s de 30 mil asesinatos por a\u00f1o: cifras oficiales de SESNSP"},"content":{"rendered":"\n<figure class=\"wp-block-image size-full\"><img fetchpriority=\"high\" decoding=\"async\" width=\"768\" height=\"432\" src=\"https:\/\/www.opinionpublica.tv\/portada\/wp-content\/uploads\/2025\/01\/Durante-el-sexenio-de-AMLO-se-cometieron-mas-de-30-mil-asesinatos-por-ano-cifras-oficiales-de-SESNSP.png\" alt=\"Durante El Sexenio De Amlo Se Cometieron Ma\u0301s De 30 Mil Asesinatos Por An\u0303o Cifras Oficiales De Sesnsp\" class=\"wp-image-51673\" srcset=\"https:\/\/www.opinionpublica.tv\/portada\/wp-content\/uploads\/2025\/01\/Durante-el-sexenio-de-AMLO-se-cometieron-mas-de-30-mil-asesinatos-por-ano-cifras-oficiales-de-SESNSP.png 768w, https:\/\/www.opinionpublica.tv\/portada\/wp-content\/uploads\/2025\/01\/Durante-el-sexenio-de-AMLO-se-cometieron-mas-de-30-mil-asesinatos-por-ano-cifras-oficiales-de-SESNSP-300x169.png 300w\" sizes=\"(max-width: 768px) 100vw, 768px\" \/><\/figure>\n\n\n\n<p class=\"wp-block-paragraph\">Cifras del Secretariado Ejecutivo del Sistema Nacional de Seguridad P\u00fablica (SESNSP) confirman que el a\u00f1o pasado se cometieron 30 mil 057 asesinatos y 829 feminicidios en el pa\u00eds, un promedio de 84 v\u00edctimas diarias.<\/p>\n\n\n\n<p class=\"wp-block-paragraph\">Lo anterior representa un incremento de 1% en la violencia homicida con respecto a los 30 mil 566 homicidios dolosos y feminicidios registrados en 2023.<\/p>\n\n\n\n<p class=\"wp-block-paragraph\">El sexenio m\u00e1s violento de la historia<\/p>\n\n\n\n<p class=\"wp-block-paragraph\">Sin embargo, las estad\u00edsticas dan cuenta que durante el sexenio del expresidente Andr\u00e9s Manuel L\u00f3pez Obrador se cometieron m\u00e1s de 30 mil asesinatos por a\u00f1o, lo que lo convierte en el periodo m\u00e1s violento de la historia reciente, tanto en cifras del Sistema Nacional de Seguridad P\u00fablica como del Instituto Nacional de Estad\u00edstica y Geograf\u00eda (INEGI).<\/p>\n\n\n\n<p class=\"wp-block-paragraph\">Es probable que el informe sobre defunciones por homicidio del INEGI, correspondiente a 2024, rebase los 30 mil 886 asesinatos que reporta el Secretariado Ejecutivo del Sistema Nacional de Seguridad P\u00fablica en 2024, toda vez que el Instituto basa su informe con base en las actas de defunci\u00f3n.<\/p>\n\n\n\n<p class=\"wp-block-paragraph\">Seg\u00fan los datos del SESNSP, durante 2019 se contabilizaron 35 mil 693 v\u00edctimas de homicidio doloso y de feminicidio; 2020, el a\u00f1o del inicio de la pandemia por Covid, 35 mil 545.<\/p>\n\n\n\n<p class=\"wp-block-paragraph\">En 2021, se contabilizaron 34 mil 380; en 2022, 31 mil 957; 2023, 30 mil 566 asesinatos, y en 2024, 30 mil 886 asesinatos.<\/p>\n\n\n\n<p class=\"wp-block-paragraph\">De acuerdo con las cifras oficiales, mayo es el mes m\u00e1s violento de 2023, con 2 mil 749 asesinatos, seguido de junio con 2 mil 747.<\/p>\n\n\n\n<p class=\"wp-block-paragraph\">Guanajuato, el estado m\u00e1s violento<\/p>\n\n\n\n<p class=\"wp-block-paragraph\">En n\u00fameros absolutos, Guanajuato, volvi\u00f3 a superar los 3 mil asesinatos en un a\u00f1o, convirti\u00e9ndose en el estado m\u00e1s violento del pa\u00eds durante el a\u00f1o pasado.<\/p>\n\n\n\n<p class=\"wp-block-paragraph\">Seguido de Baja California, 2 mil 368 v\u00edctimas de homicidio doloso; Estado de M\u00e9xico, 2 mil 258; Chihuahua, 2 mil 004; Jalisco, mil 084; Guerrero, mil 738; Nuevo Le\u00f3n, mil 539, y Morelos, mil 521.<\/p>\n\n\n\n<p class=\"wp-block-paragraph\">En contraste, Colima lidera la lista con siete v\u00edctimas de homicidio doloso por cada 100 mil habitantes, seguido de Sinaloa con una tasa de 5; Morelos, 4, todos estados gobernados por el partido Morena.<\/p>\n\n\n\n<p class=\"wp-block-paragraph\">2019: 35 mil 693<\/p>\n\n\n\n<p class=\"wp-block-paragraph\">2020: 35 mil 545.<\/p>\n\n\n\n<p class=\"wp-block-paragraph\">2021: 34 mil 380<\/p>\n\n\n\n<p class=\"wp-block-paragraph\">2022: 31 mil 957<\/p>\n\n\n\n<p class=\"wp-block-paragraph\">2023: 30 mil 566<\/p>\n\n\n\n<p class=\"wp-block-paragraph\">2024: 30 mil 886<\/p>\n\n\n\n<p class=\"wp-block-paragraph\"><em>Con informaci\u00f3n de El Universal<\/em>.<\/p>\n","protected":false},"excerpt":{"rendered":"<p>Cifras del Secretariado Ejecutivo del Sistema Nacional de Seguridad P\u00fablica (SESNSP) confirman que el a\u00f1o pasado se cometieron 30 mil 057 asesinatos y 829 feminicidios en el pa\u00eds, un promedio de 84 v\u00edctimas diarias. Lo anterior representa un incremento de 1% en la violencia homicida con respecto a los 30 mil 566 homicidios dolosos y [&hellip;]<\/p>\n","protected":false},"author":6,"featured_media":51673,"comment_status":"open","ping_status":"open","sticky":false,"template":"","format":"standard","meta":{"_acf_changed":false,"_monsterinsights_skip_tracking":false,"slim_seo":{"title":"Durante sexenio de L\u00f3pez Obrador se cometieron m\u00e1s de 30 mil asesinatos por a\u00f1o: cifras oficiales de SESNSP - Opini\u00f3n P\u00fablica","description":"Cifras del Secretariado Ejecutivo del Sistema Nacional de Seguridad P\u00fablica (SESNSP) confirman que el a\u00f1o pasado se cometieron 30 mil 057 asesinatos y 829 femin"},"footnotes":""},"categories":[3],"tags":[],"class_list":["post-51669","post","type-post","status-publish","format-standard","has-post-thumbnail","hentry","category-principal"],"acf":[],"_links":{"self":[{"href":"https:\/\/www.opinionpublica.tv\/portada\/wp-json\/wp\/v2\/posts\/51669","targetHints":{"allow":["GET"]}}],"collection":[{"href":"https:\/\/www.opinionpublica.tv\/portada\/wp-json\/wp\/v2\/posts"}],"about":[{"href":"https:\/\/www.opinionpublica.tv\/portada\/wp-json\/wp\/v2\/types\/post"}],"author":[{"embeddable":true,"href":"https:\/\/www.opinionpublica.tv\/portada\/wp-json\/wp\/v2\/users\/6"}],"replies":[{"embeddable":true,"href":"https:\/\/www.opinionpublica.tv\/portada\/wp-json\/wp\/v2\/comments?post=51669"}],"version-history":[{"count":5,"href":"https:\/\/www.opinionpublica.tv\/portada\/wp-json\/wp\/v2\/posts\/51669\/revisions"}],"predecessor-version":[{"id":51677,"href":"https:\/\/www.opinionpublica.tv\/portada\/wp-json\/wp\/v2\/posts\/51669\/revisions\/51677"}],"wp:featuredmedia":[{"embeddable":true,"href":"https:\/\/www.opinionpublica.tv\/portada\/wp-json\/wp\/v2\/media\/51673"}],"wp:attachment":[{"href":"https:\/\/www.opinionpublica.tv\/portada\/wp-json\/wp\/v2\/media?parent=51669"}],"wp:term":[{"taxonomy":"category","embeddable":true,"href":"https:\/\/www.opinionpublica.tv\/portada\/wp-json\/wp\/v2\/categories?post=51669"},{"taxonomy":"post_tag","embeddable":true,"href":"https:\/\/www.opinionpublica.tv\/portada\/wp-json\/wp\/v2\/tags?post=51669"}],"curies":[{"name":"wp","href":"https:\/\/api.w.org\/{rel}","templated":true}]}}