{"id":51650,"date":"2025-01-20T00:01:00","date_gmt":"2025-01-20T07:01:00","guid":{"rendered":"https:\/\/www.opinionpublica.tv\/portada\/?p=51650"},"modified":"2025-01-18T16:56:21","modified_gmt":"2025-01-18T23:56:21","slug":"efemerides-20-de-enero-5","status":"publish","type":"post","link":"https:\/\/www.opinionpublica.tv\/portada\/efemerides-20-de-enero-5\/","title":{"rendered":"Efem\u00e9rides 20 de enero"},"content":{"rendered":"\n<p class=\"wp-block-paragraph\"><em>Un d\u00eda 20 de enero como hoy, pero de 1961, John F. Kennedy toma posesi\u00f3n como presidente de Estados Unidos.<\/em><\/p>\n\n\n\n<figure class=\"wp-block-image size-full\"><img fetchpriority=\"high\" decoding=\"async\" width=\"932\" height=\"535\" src=\"https:\/\/www.opinionpublica.tv\/portada\/wp-content\/uploads\/2025\/01\/1961-John-F.-Kennedy-toma-posesion-como-presidente-de-Estados-Unidos.jpg\" alt=\"1961, John F. Kennedy Toma Posesio\u0301n Como Presidente De Estados Unidos\" class=\"wp-image-51651\" srcset=\"https:\/\/www.opinionpublica.tv\/portada\/wp-content\/uploads\/2025\/01\/1961-John-F.-Kennedy-toma-posesion-como-presidente-de-Estados-Unidos.jpg 932w, https:\/\/www.opinionpublica.tv\/portada\/wp-content\/uploads\/2025\/01\/1961-John-F.-Kennedy-toma-posesion-como-presidente-de-Estados-Unidos-300x172.jpg 300w, https:\/\/www.opinionpublica.tv\/portada\/wp-content\/uploads\/2025\/01\/1961-John-F.-Kennedy-toma-posesion-como-presidente-de-Estados-Unidos-768x441.jpg 768w\" sizes=\"(max-width: 932px) 100vw, 932px\" \/><\/figure>\n\n\n\n<p class=\"wp-block-paragraph\"><strong>Otras efem\u00e9rides<\/strong><\/p>\n\n\n\n<p class=\"wp-block-paragraph\">1486.- Crist\u00f3bal Col\u00f3n se presenta ante los Reyes Cat\u00f3licos en Alcal\u00e1 de Henares y les expone su proyecto de abrir una ruta por el Atl\u00e1ntico para llegar a las Indias Orientales.<\/p>\n\n\n\n<p class=\"wp-block-paragraph\">1817.- Tropas luso-brasile\u00f1as, al mando del general Carlos Federico Lecor, ocupan Montevideo.<\/p>\n\n\n\n<p class=\"wp-block-paragraph\">1836.- Estados Unidos y Venezuela firman un tratado de paz, amistad, comercio y navegaci\u00f3n.<\/p>\n\n\n\n<p class=\"wp-block-paragraph\">1839.- La victoria de las fuerzas chilenas en la batalla de Yungay pone fin a la Confederaci\u00f3n de Per\u00fa y Bolivia.<\/p>\n\n\n\n<p class=\"wp-block-paragraph\">1882.- Comienzan las obras de excavaci\u00f3n del Canal de Panam\u00e1.<\/p>\n\n\n\n<p class=\"wp-block-paragraph\">1929.- Stalin expulsa a Trotsky de la URSS. Fue deportado a Alma-Ata (Kazajist\u00e1n) y despu\u00e9s a Turqu\u00eda.<\/p>\n\n\n\n<p class=\"wp-block-paragraph\">1933.- Inauguraci\u00f3n de la plaza de toros de Maracay (Venezuela), posteriormente denominada maestranza \u00abC\u00e9sar Gir\u00f3n\u00bb.<\/p>\n\n\n\n<p class=\"wp-block-paragraph\">1941.- Franklin D. Roosevelt jura por tercera vez su cargo de presidente de Estados Unidos.<\/p>\n\n\n\n<p class=\"wp-block-paragraph\">1942.- Varios altos dirigentes nazis se re\u00fanen en la Conferencia de Wannsee (a las afueras de Berl\u00edn) y acuerdan la denominada \u00absoluci\u00f3n final del problema jud\u00edo\u00bb, esto es, el exterminio.<\/p>\n\n\n\n<p class=\"wp-block-paragraph\">1944.- Fuerte bombardeo nocturno de la Royal Air Force (RAF) sobre Berl\u00edn. Atacan unos 700 aparatos y lanzan m\u00e1s de dos mil toneladas de explosivos.<\/p>\n\n\n\n<p class=\"wp-block-paragraph\">1972.- Dimite el Gobierno de Chile en pleno para facilitar a Salvador Allende su reorganizaci\u00f3n.<\/p>\n\n\n\n<p class=\"wp-block-paragraph\">1980.- M\u00e1s de 400 muertos y 2.000 heridos al derrumbarse una plaza de toros en Sincelejo (Colombia).<\/p>\n\n\n\n<p class=\"wp-block-paragraph\">1981.- Liberados 52 rehenes estadounidenses capturados en la embajada de su pa\u00eds en Teher\u00e1n.<\/p>\n\n\n\n<p class=\"wp-block-paragraph\">1996.- Yaser Arafat gana por gran mayor\u00eda las elecciones a presidente del Consejo Auton\u00f3mico para Cisjordania y Gaza, convirti\u00e9ndose en el primer l\u00edder elegido democr\u00e1ticamente en Palestina.<\/p>\n\n\n\n<p class=\"wp-block-paragraph\">1997.- El Gobierno de Zaire declara la guerra a los rebeldes tutsis.<\/p>\n\n\n\n<p class=\"wp-block-paragraph\">2006.- Se inaugura en Colombia el T\u00fanel de Occidente, de 4,6 kil\u00f3metros.<\/p>\n\n\n\n<p class=\"wp-block-paragraph\">2009.- Barack Obama jura como presidente de Estados Unidos, convirti\u00e9ndose en el primer negro que ocupa ese cargo en el pa\u00eds.<\/p>\n\n\n\n<p class=\"wp-block-paragraph\">2014.- Ir\u00e1n suspende el enriquecimiento de uranio en cumplimiento del Acuerdo nuclear de Ginebra. EE. UU. alivia las sanciones y la UE las suspende.<\/p>\n\n\n\n<p class=\"wp-block-paragraph\">2015.- Rebeldes hut\u00edes ocupan el palacio presidencial de Yemen.<\/p>\n\n\n\n<p class=\"wp-block-paragraph\">2017.- Donald Trump jura el cargo y se convierte en el presidente n\u00famero 45 de Estados Unidos.<\/p>\n\n\n\n<p class=\"wp-block-paragraph\">2017.- El grupo terrorista Estado Isl\u00e1mico (EI) dinamita parte del teatro romano y el Tetrapil\u00f3n de la ciudad siria de Palmira.<\/p>\n\n\n\n<p class=\"wp-block-paragraph\">2021.- Joe Biden jura como presidente de Estados Unidos.<\/p>\n\n\n\n<p class=\"wp-block-paragraph\">2022.- La piloto belga Zara Rutherford, de 19 a\u00f1os, se convierte en la mujer m\u00e1s joven en dar la vuelta al mundo en solitario con su avi\u00f3n ultraligero Shark de dos plazas.<\/p>\n\n\n\n<p class=\"wp-block-paragraph\"><strong>Nacimientos<\/strong><\/p>\n\n\n\n<p class=\"wp-block-paragraph\">1758.- Marie-Anne Pierrette, conocida como Marie Lavoisier, qu\u00edmica francesa.<\/p>\n\n\n\n<p class=\"wp-block-paragraph\">1775.- Andr\u00e9-Marie Amp\u00e9re, matem\u00e1tico y f\u00edsico franc\u00e9s.<\/p>\n\n\n\n<p class=\"wp-block-paragraph\">1910.- Joy Adamson, naturalista austr\u00edaca.<\/p>\n\n\n\n<p class=\"wp-block-paragraph\">1920.- Federico Fellini, cineasta italiano.<\/p>\n\n\n\n<p class=\"wp-block-paragraph\">1925.- Ernesto Cardenal, poeta y sacerdote nicarag\u00fcense, defensor de la Teolog\u00eda de la Liberaci\u00f3n.<\/p>\n\n\n\n<p class=\"wp-block-paragraph\">1930.- Edwin Aldrin, astronauta estadounidense.<\/p>\n\n\n\n<p class=\"wp-block-paragraph\">1943.- Valent\u00edn Fuster, cardi\u00f3logo espa\u00f1ol.<\/p>\n\n\n\n<p class=\"wp-block-paragraph\">1943.- Armando Guebuza, expresidente de Mozambique (2005-2015).<\/p>\n\n\n\n<p class=\"wp-block-paragraph\">1944.- Jos\u00e9 Luis Garci, cineasta espa\u00f1ol. Oscar 1982.<\/p>\n\n\n\n<p class=\"wp-block-paragraph\">1946.- David Lynch, director estadounidense de cine.<\/p>\n\n\n\n<p class=\"wp-block-paragraph\">1958.- Lorenzo Lamas, actor estadounidense.<\/p>\n\n\n\n<p class=\"wp-block-paragraph\">1965.- Sophie Rhys-Jones, condesa de Wessex y esposa del pr\u00edncipe Eduardo de Inglaterra.<\/p>\n\n\n\n<p class=\"wp-block-paragraph\">1973.- Mathilde D&#8217;Udekem D&#8217;Acoz, Reina de B\u00e9lgica.<\/p>\n\n\n\n<p class=\"wp-block-paragraph\">1987.- Evan Peters, actor estadounidense.<\/p>\n\n\n\n<p class=\"wp-block-paragraph\"><strong>Defunciones<\/strong><\/p>\n\n\n\n<p class=\"wp-block-paragraph\">1875.- Jean-Francois Millet, pintor franc\u00e9s.<\/p>\n\n\n\n<p class=\"wp-block-paragraph\">1936.- Jorge V, rey del Reino Unido.<\/p>\n\n\n\n<p class=\"wp-block-paragraph\">1983.- Manuel Francisco Dos Santos, \u00abGarrincha\u00bb, futbolista brasile\u00f1o.<\/p>\n\n\n\n<p class=\"wp-block-paragraph\">1984.- Johnny Weissmuller, \u00abTarz\u00e1n\u00bb, deportista y actor estadounidense de origen austr\u00edaco.<\/p>\n\n\n\n<p class=\"wp-block-paragraph\">1989.- Josef Cyrankiewic, expresidente de Polonia.<\/p>\n\n\n\n<p class=\"wp-block-paragraph\">1990.- B\u00e1rbara Stanwyck, actriz estadounidense.<\/p>\n\n\n\n<p class=\"wp-block-paragraph\">1993.- Audrey Hepburn, actriz estadounidense de origen belga.<\/p>\n\n\n\n<p class=\"wp-block-paragraph\">2005.- Jan Nowak-Jezioranski, periodista polaco, s\u00edmbolo de la lucha contra el poder comunista.<\/p>\n\n\n\n<p class=\"wp-block-paragraph\">2007.- Alfredo Ripstein, productor de cine mexicano.<\/p>\n\n\n\n<p class=\"wp-block-paragraph\">2009.- David \u00abFathead\u00bb Newman, saxofonista estadounidense.<\/p>\n\n\n\n<p class=\"wp-block-paragraph\">2012.- Etta James, cantante estadounidense de blues y jazz.<\/p>\n\n\n\n<p class=\"wp-block-paragraph\">2014.- Claudio Abbado, director de orquesta italiano.<\/p>\n\n\n\n<p class=\"wp-block-paragraph\">2016.- Edmonde Charles-Roux, escritora francesa.<\/p>\n\n\n\n<p class=\"wp-block-paragraph\">2018.- Paul Bocuse, cocinero franc\u00e9s, fundador de la \u00abnouvelle cuisine\u00bb.<\/p>\n\n\n\n<p class=\"wp-block-paragraph\">2018.- Jim Rodford, m\u00fasico brit\u00e1nico.<\/p>\n\n\n\n<p class=\"wp-block-paragraph\">2022.- David Bramwell, naturalista brit\u00e1nico.<\/p>\n\n\n\n<p class=\"wp-block-paragraph\">2022.- Elza Soares, cantante brasile\u00f1a.<\/p>\n\n\n\n<p class=\"wp-block-paragraph\">2022.- Marvin Lee Aday, \u00abMeat Loaf\u00bb, cantante de rock y actor estadounidense.<\/p>\n","protected":false},"excerpt":{"rendered":"<p>Un d\u00eda 20 de enero como hoy, pero de 1961, John F. Kennedy toma posesi\u00f3n como presidente de Estados Unidos. Otras efem\u00e9rides 1486.- Crist\u00f3bal Col\u00f3n se presenta ante los Reyes Cat\u00f3licos en Alcal\u00e1 de Henares y les expone su proyecto de abrir una ruta por el Atl\u00e1ntico para llegar a las Indias Orientales. 1817.- Tropas [&hellip;]<\/p>\n","protected":false},"author":6,"featured_media":51651,"comment_status":"open","ping_status":"open","sticky":false,"template":"","format":"standard","meta":{"_acf_changed":false,"_monsterinsights_skip_tracking":false,"slim_seo":{"title":"Efem\u00e9rides 20 de enero - Opini\u00f3n P\u00fablica","description":"Un d\u00eda 20 de enero como hoy, pero de 1961, John F. Kennedy toma posesi\u00f3n como presidente de Estados Unidos. Otras efem\u00e9rides 1486.- Crist\u00f3bal Col\u00f3n se presenta"},"footnotes":""},"categories":[27],"tags":[],"class_list":["post-51650","post","type-post","status-publish","format-standard","has-post-thumbnail","hentry","category-un-dia-como-hoy"],"acf":[],"_links":{"self":[{"href":"https:\/\/www.opinionpublica.tv\/portada\/wp-json\/wp\/v2\/posts\/51650","targetHints":{"allow":["GET"]}}],"collection":[{"href":"https:\/\/www.opinionpublica.tv\/portada\/wp-json\/wp\/v2\/posts"}],"about":[{"href":"https:\/\/www.opinionpublica.tv\/portada\/wp-json\/wp\/v2\/types\/post"}],"author":[{"embeddable":true,"href":"https:\/\/www.opinionpublica.tv\/portada\/wp-json\/wp\/v2\/users\/6"}],"replies":[{"embeddable":true,"href":"https:\/\/www.opinionpublica.tv\/portada\/wp-json\/wp\/v2\/comments?post=51650"}],"version-history":[{"count":1,"href":"https:\/\/www.opinionpublica.tv\/portada\/wp-json\/wp\/v2\/posts\/51650\/revisions"}],"predecessor-version":[{"id":51652,"href":"https:\/\/www.opinionpublica.tv\/portada\/wp-json\/wp\/v2\/posts\/51650\/revisions\/51652"}],"wp:featuredmedia":[{"embeddable":true,"href":"https:\/\/www.opinionpublica.tv\/portada\/wp-json\/wp\/v2\/media\/51651"}],"wp:attachment":[{"href":"https:\/\/www.opinionpublica.tv\/portada\/wp-json\/wp\/v2\/media?parent=51650"}],"wp:term":[{"taxonomy":"category","embeddable":true,"href":"https:\/\/www.opinionpublica.tv\/portada\/wp-json\/wp\/v2\/categories?post=51650"},{"taxonomy":"post_tag","embeddable":true,"href":"https:\/\/www.opinionpublica.tv\/portada\/wp-json\/wp\/v2\/tags?post=51650"}],"curies":[{"name":"wp","href":"https:\/\/api.w.org\/{rel}","templated":true}]}}