{"id":51628,"date":"2025-01-18T00:01:00","date_gmt":"2025-01-18T07:01:00","guid":{"rendered":"https:\/\/www.opinionpublica.tv\/portada\/?p=51628"},"modified":"2025-01-17T21:42:05","modified_gmt":"2025-01-18T04:42:05","slug":"emite-proteccion-civil-alerta-preventiva-por-ingreso-del-frente-frio-numero-24","status":"publish","type":"post","link":"https:\/\/www.opinionpublica.tv\/portada\/emite-proteccion-civil-alerta-preventiva-por-ingreso-del-frente-frio-numero-24\/","title":{"rendered":"Emite Protecci\u00f3n Civil alerta preventiva por ingreso del frente fr\u00edo n\u00famero 24"},"content":{"rendered":"\n<figure class=\"wp-block-image size-large\"><img fetchpriority=\"high\" decoding=\"async\" width=\"1024\" height=\"576\" src=\"https:\/\/www.opinionpublica.tv\/portada\/wp-content\/uploads\/2025\/01\/Emite-Proteccion-Civil-alerta-preventiva-por-ingreso-del-frente-frio-numero-24-1024x576.jpeg\" alt=\"Emite Proteccio\u0301n Civil Alerta Preventiva Por Ingreso Del Frente Fri\u0301o Nu\u0301mero 24\" class=\"wp-image-51631\" srcset=\"https:\/\/www.opinionpublica.tv\/portada\/wp-content\/uploads\/2025\/01\/Emite-Proteccion-Civil-alerta-preventiva-por-ingreso-del-frente-frio-numero-24-1024x576.jpeg 1024w, https:\/\/www.opinionpublica.tv\/portada\/wp-content\/uploads\/2025\/01\/Emite-Proteccion-Civil-alerta-preventiva-por-ingreso-del-frente-frio-numero-24-300x169.jpeg 300w, https:\/\/www.opinionpublica.tv\/portada\/wp-content\/uploads\/2025\/01\/Emite-Proteccion-Civil-alerta-preventiva-por-ingreso-del-frente-frio-numero-24-768x432.jpeg 768w, https:\/\/www.opinionpublica.tv\/portada\/wp-content\/uploads\/2025\/01\/Emite-Proteccion-Civil-alerta-preventiva-por-ingreso-del-frente-frio-numero-24-1536x864.jpeg 1536w, https:\/\/www.opinionpublica.tv\/portada\/wp-content\/uploads\/2025\/01\/Emite-Proteccion-Civil-alerta-preventiva-por-ingreso-del-frente-frio-numero-24.jpeg 1599w\" sizes=\"(max-width: 1024px) 100vw, 1024px\" \/><\/figure>\n\n\n\n<p class=\"wp-block-paragraph\"><em>Chihuahua, Chih<\/em>.- La Coordinaci\u00f3n Estatal de Protecci\u00f3n Civil (CEPC), emiti\u00f3 una alerta preventiva ante el descenso de temperaturas que se espera durante el fin de esta semana y primeros d\u00edas de la pr\u00f3xima, debido a la entrada del frente fr\u00edo n\u00famero 24 y su masa de aire \u00e1rtico asociada que afectar\u00e1 al estado.<\/p>\n\n\n\n<p class=\"wp-block-paragraph\">Se prev\u00e9n lluvias aisladas a dispersas en Bocoyna, Carich\u00ed, Guachochi, Guadalupe y Calvo, Balleza, Madera, Bach\u00edniva, Guerrero, Ocampo, Uruachi, Maguarichi, Guazapares, Urique, Batopilas, Morelos, Nonoava, San Francisco de Borja, Cusihuiriachi y Cuauht\u00e9moc.<\/p>\n\n\n\n<p class=\"wp-block-paragraph\">Estas precipitaciones podr\u00edan estar acompa\u00f1adas de aguanieve o nieve en las partes altas de la zona serrana, como Basaseachi, Bocoyna, Guachochi y El Vergel.<\/p>\n\n\n\n<p class=\"wp-block-paragraph\">En cuanto a las temperaturas, se espera que el s\u00e1bado oscilen entre los 19 y 4 grados cent\u00edgrados (\u00b0C) en la ciudad de Chihuahua,&nbsp; mientras que el domingo las&nbsp; m\u00e1ximas ser\u00e1n de 15 y las m\u00ednimas de 3\u00b0C.<\/p>\n\n\n\n<p class=\"wp-block-paragraph\">El lunes se pronostica una m\u00e1xima de 19 y una m\u00ednima de 1, con un marcado descenso a 5\u00b0C\/-3\u00b0C para el martes, y 13\u00b0C\/-4\u00b0C durante el mi\u00e9rcoles.<\/p>\n\n\n\n<p class=\"wp-block-paragraph\">En Ciudad Ju\u00e1rez las temperaturas ser\u00e1n de 16\u00b0C\/5\u00b0C el s\u00e1bado, 10\u00b0C\/-1\u00b0C el domingo y lunes, 4\u00b0C\/-4\u00b0C el martes y 9\u00b0C\/-2\u00b0C el mi\u00e9rcoles.<\/p>\n\n\n\n<p class=\"wp-block-paragraph\">En Madera el term\u00f3metro registrar\u00e1 m\u00e1ximas y m\u00ednimas de 8\u00b0C\/2\u00b0C el viernes, 10\u00b0C\/-4\u00b0C el s\u00e1bado, 13\u00b0C\/-5\u00b0C el domingo, 11\u00b0C\/-3\u00b0C el lunes, 7\u00b0C\/-6\u00b0C el martes y 12\u00b0C\/-6\u00b0C el mi\u00e9rcoles.<\/p>\n\n\n\n<p class=\"wp-block-paragraph\">Para Tem\u00f3sachic los pron\u00f3sticos indican 10\u00b0C\/0\u00b0C el viernes, 12\u00b0C\/-6\u00b0C el s\u00e1bado, 15\u00b0C\/-7\u00b0C el domingo, 13\u00b0C\/-5\u00b0C el lunes, 9\u00b0C\/-8\u00b0C el martes y 14\u00b0C\/-8\u00b0C el mi\u00e9rcoles.<\/p>\n\n\n\n<p class=\"wp-block-paragraph\">En Cuauht\u00e9moc los valores ser\u00e1n 12\u00b0C\/7\u00b0C para el viernes, 14\u00b0C\/0\u00b0C el s\u00e1bado, 14\u00b0C\/-2\u00b0C el domingo, 16\u00b0C\/-2\u00b0C el lunes, 5\u00b0C\/-3\u00b0C el martes y 13\u00b0C\/-6\u00b0C el mi\u00e9rcoles.<\/p>\n\n\n\n<p class=\"wp-block-paragraph\">Mientras que en Delicias se prev\u00e9n temperaturas de 21\u00b0C\/13\u00b0C el viernes, 20\u00b0C\/4\u00b0C el s\u00e1bado, 17\u00b0C\/2\u00b0C el domingo, 22\u00b0C\/1\u00b0C el lunes, 7\u00b0C\/-2\u00b0C el martes y 13\u00b0C\/-4\u00b0C el mi\u00e9rcoles.<\/p>\n\n\n\n<p class=\"wp-block-paragraph\">La CEPC recomienda a la poblaci\u00f3n tomar las precauciones necesarias, mantenerse abrigada, evitar la exposici\u00f3n prolongada al fr\u00edo extremo y tener especial cuidado con el uso de calentones en el hogar.<\/p>\n","protected":false},"excerpt":{"rendered":"<p>Chihuahua, Chih.- La Coordinaci\u00f3n Estatal de Protecci\u00f3n Civil (CEPC), emiti\u00f3 una alerta preventiva ante el descenso de temperaturas que se espera durante el fin de esta semana y primeros d\u00edas de la pr\u00f3xima, debido a la entrada del frente fr\u00edo n\u00famero 24 y su masa de aire \u00e1rtico asociada que afectar\u00e1 al estado. Se prev\u00e9n [&hellip;]<\/p>\n","protected":false},"author":6,"featured_media":51631,"comment_status":"open","ping_status":"open","sticky":false,"template":"","format":"standard","meta":{"_acf_changed":false,"_monsterinsights_skip_tracking":false,"slim_seo":{"title":"Emite Protecci\u00f3n Civil alerta preventiva por ingreso del frente fr\u00edo n\u00famero 24 - Opini\u00f3n P\u00fablica","description":"Chihuahua, Chih .- La Coordinaci\u00f3n Estatal de Protecci\u00f3n Civil (CEPC), emiti\u00f3 una alerta preventiva ante el descenso de temperaturas que se espera durante el fi"},"footnotes":""},"categories":[11],"tags":[],"class_list":["post-51628","post","type-post","status-publish","format-standard","has-post-thumbnail","hentry","category-tendencias"],"acf":[],"_links":{"self":[{"href":"https:\/\/www.opinionpublica.tv\/portada\/wp-json\/wp\/v2\/posts\/51628","targetHints":{"allow":["GET"]}}],"collection":[{"href":"https:\/\/www.opinionpublica.tv\/portada\/wp-json\/wp\/v2\/posts"}],"about":[{"href":"https:\/\/www.opinionpublica.tv\/portada\/wp-json\/wp\/v2\/types\/post"}],"author":[{"embeddable":true,"href":"https:\/\/www.opinionpublica.tv\/portada\/wp-json\/wp\/v2\/users\/6"}],"replies":[{"embeddable":true,"href":"https:\/\/www.opinionpublica.tv\/portada\/wp-json\/wp\/v2\/comments?post=51628"}],"version-history":[{"count":2,"href":"https:\/\/www.opinionpublica.tv\/portada\/wp-json\/wp\/v2\/posts\/51628\/revisions"}],"predecessor-version":[{"id":51632,"href":"https:\/\/www.opinionpublica.tv\/portada\/wp-json\/wp\/v2\/posts\/51628\/revisions\/51632"}],"wp:featuredmedia":[{"embeddable":true,"href":"https:\/\/www.opinionpublica.tv\/portada\/wp-json\/wp\/v2\/media\/51631"}],"wp:attachment":[{"href":"https:\/\/www.opinionpublica.tv\/portada\/wp-json\/wp\/v2\/media?parent=51628"}],"wp:term":[{"taxonomy":"category","embeddable":true,"href":"https:\/\/www.opinionpublica.tv\/portada\/wp-json\/wp\/v2\/categories?post=51628"},{"taxonomy":"post_tag","embeddable":true,"href":"https:\/\/www.opinionpublica.tv\/portada\/wp-json\/wp\/v2\/tags?post=51628"}],"curies":[{"name":"wp","href":"https:\/\/api.w.org\/{rel}","templated":true}]}}