{"id":51605,"date":"2025-01-18T00:01:00","date_gmt":"2025-01-18T07:01:00","guid":{"rendered":"https:\/\/www.opinionpublica.tv\/portada\/?p=51605"},"modified":"2025-01-17T21:12:14","modified_gmt":"2025-01-18T04:12:14","slug":"peso-acumula-cuatro-semanas-de-perdidas-ante-al-dolar-genera-nerviosismo-toma-de-protesta-de-donald-trump","status":"publish","type":"post","link":"https:\/\/www.opinionpublica.tv\/portada\/peso-acumula-cuatro-semanas-de-perdidas-ante-al-dolar-genera-nerviosismo-toma-de-protesta-de-donald-trump\/","title":{"rendered":"Peso acumula cuatro semanas de p\u00e9rdidas ante al d\u00f3lar; genera nerviosismo por llegada de Trump"},"content":{"rendered":"\n<figure class=\"wp-block-image size-full\"><img fetchpriority=\"high\" decoding=\"async\" width=\"1100\" height=\"666\" src=\"https:\/\/www.opinionpublica.tv\/portada\/wp-content\/uploads\/2025\/01\/Peso-acumula-cuatro-semanas-de-perdidas-ante-al-dolar-genera-nerviosismo-por-llegada-de-Trump.avif\" alt=\"Peso Acumula Cuatro Semanas De Pe\u0301rdidas Ante Al Do\u0301lar; Genera Nerviosismo Por Llegada De Trump\" class=\"wp-image-51609\"\/><\/figure>\n\n\n\n<p class=\"wp-block-paragraph\">La divisa mexicana en los mercados internacionales concluy\u00f3 alrededor de 20.78 pesos por d\u00f3lar, lo que signific\u00f3 una depreciaci\u00f3n de 0.35% o 7 centavos respecto a la jornada del viernes anterior, con lo que acumula cuatro semanas de p\u00e9rdidas de acuerdo con informaci\u00f3n de Bloomberg.<\/p>\n\n\n\n<p class=\"wp-block-paragraph\">Por su parte, el d\u00f3lar al menudeo termin\u00f3 este viernes en 21.29 pesos a la venta en las ventanillas de las sucursales de Banamex, 0.28% o 6 centavos por arriba del cierre de la semana pasada.<\/p>\n\n\n\n<p class=\"wp-block-paragraph\">La depreciaci\u00f3n semanal del peso se debi\u00f3 principalmente al nerviosismo del mercado en anticipaci\u00f3n a la toma de protesta de Donald Trump como presidente de Estados Unidos el lunes 20 de enero. Se espera que Trump firme \u00f3rdenes ejecutivas en su primer d\u00eda en la presidencia y no se descarta que anuncie la imposici\u00f3n de aranceles a las importaciones de M\u00e9xico, comentaron especialistas de grupo financiero Base.<\/p>\n\n\n\n<p class=\"wp-block-paragraph\">En la semana que termina, las presiones al alza para el tipo de cambio tambi\u00e9n se debieron a que en Estados Unidos el pr\u00f3ximo lunes los mercados financieros y los bancos estar\u00e1n cerrados, por la conmemoraci\u00f3n del d\u00eda de Martin Luther King Jr. Por este motivo no se puede descartar que el lunes se incremente la volatilidad del tipo de cambio, agregaron los analistas.<\/p>\n\n\n\n<p class=\"wp-block-paragraph\">El mercado de capitales cerr\u00f3 la semana con ganancias generalizadas a nivel global. Las ganancias se debieron a datos positivos de la inflaci\u00f3n al productor y consumidor en Estados Unidos, alimentando la especulaci\u00f3n de que la Fed no tendr\u00e1 que ser tan restrictiva en 2025.<\/p>\n\n\n\n<p class=\"wp-block-paragraph\">El Dow Jones registr\u00f3 una ganancia semanal de 3.69%, cortando una racha de dos semanas de p\u00e9rdidas. El Nasdaq Composite mostr\u00f3 un avance de 2.45% y el S&amp;P 500 gan\u00f3 2.91% respecto al viernes anterior.<\/p>\n\n\n\n<p class=\"wp-block-paragraph\">En M\u00e9xico, el \u00cdndice de Precios y Cotizaciones de la BMV cerr\u00f3 la semana con una ganancia de 0.69%, ligando dos semanas al alza. Al interior, resaltaron las alzas de las emisoras: Gentera, 9.4%; Banco del Baj\u00edo, 8.6%; Grupo Aeroportuario del Centro, 7.5%; Grupo Aeroportuario del Sureste, 6.4%; y Banregio, 5.1%.<\/p>\n\n\n\n<p class=\"wp-block-paragraph\"><em>Con informaci\u00f3n de El Universal<\/em>.<\/p>\n","protected":false},"excerpt":{"rendered":"<p>La divisa mexicana en los mercados internacionales concluy\u00f3 alrededor de 20.78 pesos por d\u00f3lar, lo que signific\u00f3 una depreciaci\u00f3n de 0.35% o 7 centavos respecto a la jornada del viernes anterior, con lo que acumula cuatro semanas de p\u00e9rdidas de acuerdo con informaci\u00f3n de Bloomberg. Por su parte, el d\u00f3lar al menudeo termin\u00f3 este viernes [&hellip;]<\/p>\n","protected":false},"author":6,"featured_media":51609,"comment_status":"open","ping_status":"open","sticky":false,"template":"","format":"standard","meta":{"_acf_changed":false,"_monsterinsights_skip_tracking":false,"slim_seo":{"title":"Peso acumula cuatro semanas de p\u00e9rdidas ante al d\u00f3lar; genera nerviosismo por llegada de Trump - Opini\u00f3n P\u00fablica","description":"La divisa mexicana en los mercados internacionales concluy\u00f3 alrededor de 20.78 pesos por d\u00f3lar, lo que signific\u00f3 una depreciaci\u00f3n de 0.35% o 7 centavos respecto"},"footnotes":""},"categories":[3],"tags":[],"class_list":["post-51605","post","type-post","status-publish","format-standard","has-post-thumbnail","hentry","category-principal"],"acf":[],"_links":{"self":[{"href":"https:\/\/www.opinionpublica.tv\/portada\/wp-json\/wp\/v2\/posts\/51605","targetHints":{"allow":["GET"]}}],"collection":[{"href":"https:\/\/www.opinionpublica.tv\/portada\/wp-json\/wp\/v2\/posts"}],"about":[{"href":"https:\/\/www.opinionpublica.tv\/portada\/wp-json\/wp\/v2\/types\/post"}],"author":[{"embeddable":true,"href":"https:\/\/www.opinionpublica.tv\/portada\/wp-json\/wp\/v2\/users\/6"}],"replies":[{"embeddable":true,"href":"https:\/\/www.opinionpublica.tv\/portada\/wp-json\/wp\/v2\/comments?post=51605"}],"version-history":[{"count":3,"href":"https:\/\/www.opinionpublica.tv\/portada\/wp-json\/wp\/v2\/posts\/51605\/revisions"}],"predecessor-version":[{"id":51610,"href":"https:\/\/www.opinionpublica.tv\/portada\/wp-json\/wp\/v2\/posts\/51605\/revisions\/51610"}],"wp:featuredmedia":[{"embeddable":true,"href":"https:\/\/www.opinionpublica.tv\/portada\/wp-json\/wp\/v2\/media\/51609"}],"wp:attachment":[{"href":"https:\/\/www.opinionpublica.tv\/portada\/wp-json\/wp\/v2\/media?parent=51605"}],"wp:term":[{"taxonomy":"category","embeddable":true,"href":"https:\/\/www.opinionpublica.tv\/portada\/wp-json\/wp\/v2\/categories?post=51605"},{"taxonomy":"post_tag","embeddable":true,"href":"https:\/\/www.opinionpublica.tv\/portada\/wp-json\/wp\/v2\/tags?post=51605"}],"curies":[{"name":"wp","href":"https:\/\/api.w.org\/{rel}","templated":true}]}}