{"id":51595,"date":"2025-01-18T00:01:00","date_gmt":"2025-01-18T07:01:00","guid":{"rendered":"https:\/\/www.opinionpublica.tv\/portada\/?p=51595"},"modified":"2025-01-17T20:39:46","modified_gmt":"2025-01-18T03:39:46","slug":"efemerides-18-de-enero-8","status":"publish","type":"post","link":"https:\/\/www.opinionpublica.tv\/portada\/efemerides-18-de-enero-8\/","title":{"rendered":"Efem\u00e9rides 18 de enero"},"content":{"rendered":"\n<p class=\"wp-block-paragraph\"><em>Un d\u00eda 18 de enero como hoy, pero de 2005, se presenta en Toulouse, Francia, el Airbus A380, el avi\u00f3n de pasajeros m\u00e1s grande del mundo.<\/em><\/p>\n\n\n\n<figure class=\"wp-block-image size-large\"><img fetchpriority=\"high\" decoding=\"async\" width=\"1024\" height=\"683\" src=\"https:\/\/www.opinionpublica.tv\/portada\/wp-content\/uploads\/2025\/01\/2005-se-presenta-en-Toulouse-Francia-el-Airbus-A380-el-avion-de-pasajeros-mas-grande-del-mundo-1024x683.jpg\" alt=\"2005, Se Presenta En Toulouse, Francia, El Airbus A380, El Avio\u0301n De Pasajeros Ma\u0301s Grande Del Mundo\" class=\"wp-image-51596\" srcset=\"https:\/\/www.opinionpublica.tv\/portada\/wp-content\/uploads\/2025\/01\/2005-se-presenta-en-Toulouse-Francia-el-Airbus-A380-el-avion-de-pasajeros-mas-grande-del-mundo-1024x683.jpg 1024w, https:\/\/www.opinionpublica.tv\/portada\/wp-content\/uploads\/2025\/01\/2005-se-presenta-en-Toulouse-Francia-el-Airbus-A380-el-avion-de-pasajeros-mas-grande-del-mundo-300x200.jpg 300w, https:\/\/www.opinionpublica.tv\/portada\/wp-content\/uploads\/2025\/01\/2005-se-presenta-en-Toulouse-Francia-el-Airbus-A380-el-avion-de-pasajeros-mas-grande-del-mundo-768x512.jpg 768w, https:\/\/www.opinionpublica.tv\/portada\/wp-content\/uploads\/2025\/01\/2005-se-presenta-en-Toulouse-Francia-el-Airbus-A380-el-avion-de-pasajeros-mas-grande-del-mundo.jpg 1500w\" sizes=\"(max-width: 1024px) 100vw, 1024px\" \/><\/figure>\n\n\n\n<p class=\"wp-block-paragraph\"><strong>Otras efem\u00e9rides<\/strong><\/p>\n\n\n\n<p class=\"wp-block-paragraph\">1535.- Francisco Pizarro funda la ciudad de Lima, a la que entonces bautiz\u00f3 como Ciudad de los Reyes.<\/p>\n\n\n\n<p class=\"wp-block-paragraph\">1871.- Otto von Bismarck proclama el Imperio alem\u00e1n.<\/p>\n\n\n\n<p class=\"wp-block-paragraph\">1915.- El Endurance, el barco con el que el explorador anglo-irland\u00e9s Ernest Shackleton pretend\u00eda atravesar la Ant\u00e1rtida, queda atrapado en el hielo en el Mar de Weddell, donde permanece diez meses antes de hundirse. Tras una larga odisea, los 28 miembros de la tripulaci\u00f3n lograron sobrevivir.<\/p>\n\n\n\n<p class=\"wp-block-paragraph\">1915.- Pancho Villa se proclama presidente de M\u00e9xico y asume poderes militares y civiles.<\/p>\n\n\n\n<p class=\"wp-block-paragraph\">1919.- Comienza la Conferencia de Paz de Par\u00eds, encargada de liquidar las cuestiones planteadas por la Primera Guerra Mundial (1914-1918).<\/p>\n\n\n\n<p class=\"wp-block-paragraph\">1974.- Egipto e Israel firman el Acuerdo de Separaci\u00f3n de Fuerzas que pone fin a las hostilidades entre ambos pa\u00edses.<\/p>\n\n\n\n<p class=\"wp-block-paragraph\">1986.- Mueren 88 personas al estrellarse un avi\u00f3n en Santa Elena (Guatemala).<\/p>\n\n\n\n<p class=\"wp-block-paragraph\">1988.- Es sofocada una sublevaci\u00f3n militar en Argentina, encabezada por el teniente coronel Aldo Rico.<\/p>\n\n\n\n<p class=\"wp-block-paragraph\">1994.- Escisi\u00f3n de la Democracia Cristiana italiana en el Partido Popular Italiano (PPI) y el Centro Cristiano Democr\u00e1tico (CCD).<\/p>\n\n\n\n<p class=\"wp-block-paragraph\">1995.- Se registra el dominio \u00abyahoo.com\u00bb.<\/p>\n\n\n\n<p class=\"wp-block-paragraph\">2002.- La multinacional alemana Bayer reconoce la existencia de un centenar de fallecimientos relacionados con su f\u00e1rmaco contra el colesterol Lipobay.<\/p>\n\n\n\n<p class=\"wp-block-paragraph\">2003.- Miles de personas se manifiestan en todo el mundo contra una guerra en Irak.<\/p>\n\n\n\n<p class=\"wp-block-paragraph\">2009.- Concluye la operaci\u00f3n \u00abPlomo Fundido\u00bb, lanzada por el Ej\u00e9rcito israel\u00ed contra Gaza, y en la que murieron 1 mil 400 palestinos.<\/p>\n\n\n\n<p class=\"wp-block-paragraph\">2009.- El Frente Farabundo Mart\u00ed para la Liberaci\u00f3n Nacional (FMLN) gana las elecciones legislativas en El Salvador y se convierte en la primera fuerza pol\u00edtica del pa\u00eds.<\/p>\n\n\n\n<p class=\"wp-block-paragraph\">2010.- Sale de la c\u00e1rcel Ali Agca, el terrorista turco que atent\u00f3 contra el Papa Juan Pablo II en 1981.<\/p>\n\n\n\n<p class=\"wp-block-paragraph\">2012.- La versi\u00f3n de Wikipedia en ingl\u00e9s se apaga en protesta por el proyecto de ley antipirater\u00eda de EEUU.<\/p>\n\n\n\n<p class=\"wp-block-paragraph\">2015.- Hallan muerto al fiscal argentino Alberto Nisman, quien denunci\u00f3 a la presidenta Cristina Fern\u00e1ndez (2007-2015) y a parte de su gobierno de usar un acuerdo comercial con Ir\u00e1n para encubrir a presuntos terroristas implicados en el atentado perpetrado 1994 contra la mutua AMIA de Buenos Aires, que dej\u00f3 85 muertos y cuya autor\u00eda est\u00e1 atribuida al grupo Hizbul\u00e1 y ex altos cargos iran\u00edes.<\/p>\n\n\n\n<p class=\"wp-block-paragraph\">2017.- Un alud de nieve sepulta un hotel en Farindola (Italia), causando 29 muertos.<\/p>\n\n\n\n<p class=\"wp-block-paragraph\">2017.- M\u00e1s de 70 muertos en un atentado suicida perpetrado por Al Qaeda contra una base militar en Gao, en el norte de Mali.<\/p>\n\n\n\n<p class=\"wp-block-paragraph\">2019.- Explota un oleoducto saboteado para la toma ilegal de gasolina en Tlahuelilpan, M\u00e9xico, causando 135 muertos.<\/p>\n\n\n\n<p class=\"wp-block-paragraph\">2020.- El Palacio de Buckingham anuncia que el pr\u00edncipe Enrique y su esposa, Meghan Markle, perder\u00e1n sus t\u00edtulos reales y no recibir\u00e1n fondos p\u00fablicos a partir de la primavera.<\/p>\n\n\n\n<p class=\"wp-block-paragraph\"><strong>Nacimientos<\/strong><\/p>\n\n\n\n<p class=\"wp-block-paragraph\">1867.- Rub\u00e9n Dar\u00edo, poeta nicarag\u00fcense.<\/p>\n\n\n\n<p class=\"wp-block-paragraph\">1893.- Jorge Guill\u00e9n, poeta espa\u00f1ol.<\/p>\n\n\n\n<p class=\"wp-block-paragraph\">1904.- Cary Grant, actor estadounidense nacido en Gran Breta\u00f1a.<\/p>\n\n\n\n<p class=\"wp-block-paragraph\">1915.- Santiago Carrillo, exdirigente comunista espa\u00f1ol.<\/p>\n\n\n\n<p class=\"wp-block-paragraph\">1937.- John Hume, pol\u00edtico irland\u00e9s, Nobel de la Paz en 1998.<\/p>\n\n\n\n<p class=\"wp-block-paragraph\">1938.- Anthony Giddens, soci\u00f3logo brit\u00e1nico.<\/p>\n\n\n\n<p class=\"wp-block-paragraph\">1940.- Iva Zanicchi, cantante italiana.<\/p>\n\n\n\n<p class=\"wp-block-paragraph\">1945.- Jos\u00e9 Luis Perales, cantante y compositor espa\u00f1ol.<\/p>\n\n\n\n<p class=\"wp-block-paragraph\">1955.- Fernando Trueba, director espa\u00f1ol de cine.<\/p>\n\n\n\n<p class=\"wp-block-paragraph\">1955.- Kevin Costner, actor estadounidense.<\/p>\n\n\n\n<p class=\"wp-block-paragraph\">1960.- Mark Rylance, actor, director de teatro y dramaturgo brit\u00e1nico.<\/p>\n\n\n\n<p class=\"wp-block-paragraph\">1967.- Iv\u00e1n Zamorano, exfutbolista chileno.<\/p>\n\n\n\n<p class=\"wp-block-paragraph\">1980.- Jason Segel, actor estadounidense.<\/p>\n\n\n\n<p class=\"wp-block-paragraph\"><strong>Defunciones<\/strong><\/p>\n\n\n\n<p class=\"wp-block-paragraph\">1906.- Bartolom\u00e9 Mitre, general y pol\u00edtico argentino.<\/p>\n\n\n\n<p class=\"wp-block-paragraph\">1936.- Rudyard Kipling, escritor brit\u00e1nico, Nobel Literatura.<\/p>\n\n\n\n<p class=\"wp-block-paragraph\">1978.- Nicanor Pi\u00f1ole, pintor espa\u00f1ol.<\/p>\n\n\n\n<p class=\"wp-block-paragraph\">2016.- Michel Tournier, escritor franc\u00e9s.<\/p>\n\n\n\n<p class=\"wp-block-paragraph\">2016.- Glenn Frey, m\u00fasico estadounidense, fundador y guitarrista de Eagles.<\/p>\n\n\n\n<p class=\"wp-block-paragraph\">2019.- Marcelo Yuka, m\u00fasico y compositor brasile\u00f1o.<\/p>\n\n\n\n<p class=\"wp-block-paragraph\">2021.- Juan Carlos Tab\u00edo, cineasta cubano.<\/p>\n\n\n\n<p class=\"wp-block-paragraph\">2022.- Andr\u00e9 Leon Talley, editor de moda estadounidense.<\/p>\n","protected":false},"excerpt":{"rendered":"<p>Un d\u00eda 18 de enero como hoy, pero de 2005, se presenta en Toulouse, Francia, el Airbus A380, el avi\u00f3n de pasajeros m\u00e1s grande del mundo. Otras efem\u00e9rides 1535.- Francisco Pizarro funda la ciudad de Lima, a la que entonces bautiz\u00f3 como Ciudad de los Reyes. 1871.- Otto von Bismarck proclama el Imperio alem\u00e1n. 1915.- [&hellip;]<\/p>\n","protected":false},"author":6,"featured_media":51596,"comment_status":"open","ping_status":"open","sticky":false,"template":"","format":"standard","meta":{"_acf_changed":false,"_monsterinsights_skip_tracking":false,"slim_seo":{"title":"Efem\u00e9rides 18 de enero - Opini\u00f3n P\u00fablica","description":"Un d\u00eda 18 de enero como hoy, pero de 2005, se presenta en Toulouse, Francia, el Airbus A380, el avi\u00f3n de pasajeros m\u00e1s grande del mundo. Otras efem\u00e9rides 1535.-"},"footnotes":""},"categories":[27],"tags":[],"class_list":["post-51595","post","type-post","status-publish","format-standard","has-post-thumbnail","hentry","category-un-dia-como-hoy"],"acf":[],"_links":{"self":[{"href":"https:\/\/www.opinionpublica.tv\/portada\/wp-json\/wp\/v2\/posts\/51595","targetHints":{"allow":["GET"]}}],"collection":[{"href":"https:\/\/www.opinionpublica.tv\/portada\/wp-json\/wp\/v2\/posts"}],"about":[{"href":"https:\/\/www.opinionpublica.tv\/portada\/wp-json\/wp\/v2\/types\/post"}],"author":[{"embeddable":true,"href":"https:\/\/www.opinionpublica.tv\/portada\/wp-json\/wp\/v2\/users\/6"}],"replies":[{"embeddable":true,"href":"https:\/\/www.opinionpublica.tv\/portada\/wp-json\/wp\/v2\/comments?post=51595"}],"version-history":[{"count":2,"href":"https:\/\/www.opinionpublica.tv\/portada\/wp-json\/wp\/v2\/posts\/51595\/revisions"}],"predecessor-version":[{"id":51598,"href":"https:\/\/www.opinionpublica.tv\/portada\/wp-json\/wp\/v2\/posts\/51595\/revisions\/51598"}],"wp:featuredmedia":[{"embeddable":true,"href":"https:\/\/www.opinionpublica.tv\/portada\/wp-json\/wp\/v2\/media\/51596"}],"wp:attachment":[{"href":"https:\/\/www.opinionpublica.tv\/portada\/wp-json\/wp\/v2\/media?parent=51595"}],"wp:term":[{"taxonomy":"category","embeddable":true,"href":"https:\/\/www.opinionpublica.tv\/portada\/wp-json\/wp\/v2\/categories?post=51595"},{"taxonomy":"post_tag","embeddable":true,"href":"https:\/\/www.opinionpublica.tv\/portada\/wp-json\/wp\/v2\/tags?post=51595"}],"curies":[{"name":"wp","href":"https:\/\/api.w.org\/{rel}","templated":true}]}}