{"id":51573,"date":"2025-01-17T08:25:32","date_gmt":"2025-01-17T15:25:32","guid":{"rendered":"https:\/\/www.opinionpublica.tv\/portada\/?p=51573"},"modified":"2025-01-17T08:27:24","modified_gmt":"2025-01-17T15:27:24","slug":"mantiene-proteccion-civil-campana-de-informacion-preventiva-por-bajas-temperaturas","status":"publish","type":"post","link":"https:\/\/www.opinionpublica.tv\/portada\/mantiene-proteccion-civil-campana-de-informacion-preventiva-por-bajas-temperaturas\/","title":{"rendered":"Mantiene Protecci\u00f3n Civil campa\u00f1a preventiva por bajas temperaturas en Ju\u00e1rez"},"content":{"rendered":"\n<figure class=\"wp-block-image size-large\"><img fetchpriority=\"high\" decoding=\"async\" width=\"1024\" height=\"879\" src=\"https:\/\/www.opinionpublica.tv\/portada\/wp-content\/uploads\/2025\/01\/Mantiene-Proteccion-Civil-campana-preventiva-por-bajas-temperaturas-en-Juarez-1024x879.png\" alt=\"Mantiene Proteccio\u0301n Civil Campan\u0303a Preventiva Por Bajas Temperaturas En Jua\u0301rez\" class=\"wp-image-51577\" srcset=\"https:\/\/www.opinionpublica.tv\/portada\/wp-content\/uploads\/2025\/01\/Mantiene-Proteccion-Civil-campana-preventiva-por-bajas-temperaturas-en-Juarez-1024x879.png 1024w, https:\/\/www.opinionpublica.tv\/portada\/wp-content\/uploads\/2025\/01\/Mantiene-Proteccion-Civil-campana-preventiva-por-bajas-temperaturas-en-Juarez-300x258.png 300w, https:\/\/www.opinionpublica.tv\/portada\/wp-content\/uploads\/2025\/01\/Mantiene-Proteccion-Civil-campana-preventiva-por-bajas-temperaturas-en-Juarez-768x659.png 768w, https:\/\/www.opinionpublica.tv\/portada\/wp-content\/uploads\/2025\/01\/Mantiene-Proteccion-Civil-campana-preventiva-por-bajas-temperaturas-en-Juarez.png 1116w\" sizes=\"(max-width: 1024px) 100vw, 1024px\" \/><\/figure>\n\n\n\n<p class=\"wp-block-paragraph\"><em>Ciudad Ju\u00e1rez, Chih<\/em>.- La Direcci\u00f3n General de Protecci\u00f3n Civil contin\u00faa con su campa\u00f1a de entrega de volantes con recomendaciones para la temporada invernal, con el objetivo de sensibilizar a la ciudadan\u00eda sobre las medidas necesarias para prevenir accidentes t\u00edpicos de la \u00e9poca, como intoxicaciones por mon\u00f3xido de carbono, fugas de gas y cortos el\u00e9ctricos.<\/p>\n\n\n\n<p class=\"wp-block-paragraph\">Como parte de esta estrategia, el 10 de enero se distribuyeron volantes en el cruce de la avenida De las Torres y el boulevard Independencia, mientras que el d\u00eda 13 se replic\u00f3 en el cruce de las avenidas Plutarco El\u00edas Calles y Ej\u00e9rcito Nacional, dio a conocer el titular de la dependencia, Sergio Rodr\u00edguez.<\/p>\n\n\n\n<p class=\"wp-block-paragraph\">Estas acciones reflejan el compromiso de Protecci\u00f3n Civil por llegar a diferentes puntos del municipio para garantizar la seguridad de los ciudadanos, indic\u00f3.<\/p>\n\n\n\n<p class=\"wp-block-paragraph\">Coment\u00f3 que durante estas actividades el personal utiliz\u00f3 herramientas din\u00e1micas como bocinas y botargas para captar la atenci\u00f3n de los transe\u00fantes, reforzando la importancia de las recomendaciones preventivas.<\/p>\n\n\n\n<p class=\"wp-block-paragraph\">Destac\u00f3 que la campa\u00f1a tiene como prop\u00f3sito continuar recorriendo diversos sectores de la ciudad para alcanzar a un mayor n\u00famero de personas.<\/p>\n\n\n\n<p class=\"wp-block-paragraph\">Adicionalmente invit\u00f3 a la poblaci\u00f3n a llevar sus calefactores a las estaciones de bomberos para ser revisados de manera gratuita, garantizando as\u00ed su correcto funcionamiento y seguridad.<\/p>\n\n\n\n<p class=\"wp-block-paragraph\">Protecci\u00f3n Civil tambi\u00e9n informa que a partir de la noche del pr\u00f3ximo lunes estar\u00e1 activa una alerta preventiva debido al descenso de temperaturas, dijo Rodr\u00edguez.<\/p>\n\n\n\n<p class=\"wp-block-paragraph\">Exhort\u00f3 a la comunidad a mantenerse informada y seguir las indicaciones oficiales para proteger su bienestar y el de sus familias durante esta temporada invernal.<\/p>\n","protected":false},"excerpt":{"rendered":"<p>Ciudad Ju\u00e1rez, Chih.- La Direcci\u00f3n General de Protecci\u00f3n Civil contin\u00faa con su campa\u00f1a de entrega de volantes con recomendaciones para la temporada invernal, con el objetivo de sensibilizar a la ciudadan\u00eda sobre las medidas necesarias para prevenir accidentes t\u00edpicos de la \u00e9poca, como intoxicaciones por mon\u00f3xido de carbono, fugas de gas y cortos el\u00e9ctricos. Como [&hellip;]<\/p>\n","protected":false},"author":6,"featured_media":51577,"comment_status":"open","ping_status":"open","sticky":false,"template":"","format":"standard","meta":{"_acf_changed":false,"_monsterinsights_skip_tracking":false,"slim_seo":{"title":"Mantiene Protecci\u00f3n Civil campa\u00f1a preventiva por bajas temperaturas en Ju\u00e1rez - Opini\u00f3n P\u00fablica","description":"Ciudad Ju\u00e1rez, Chih .- La Direcci\u00f3n General de Protecci\u00f3n Civil contin\u00faa con su campa\u00f1a de entrega de volantes con recomendaciones para la temporada invernal, c"},"footnotes":""},"categories":[41],"tags":[],"class_list":["post-51573","post","type-post","status-publish","format-standard","has-post-thumbnail","hentry","category-juarez"],"acf":[],"_links":{"self":[{"href":"https:\/\/www.opinionpublica.tv\/portada\/wp-json\/wp\/v2\/posts\/51573","targetHints":{"allow":["GET"]}}],"collection":[{"href":"https:\/\/www.opinionpublica.tv\/portada\/wp-json\/wp\/v2\/posts"}],"about":[{"href":"https:\/\/www.opinionpublica.tv\/portada\/wp-json\/wp\/v2\/types\/post"}],"author":[{"embeddable":true,"href":"https:\/\/www.opinionpublica.tv\/portada\/wp-json\/wp\/v2\/users\/6"}],"replies":[{"embeddable":true,"href":"https:\/\/www.opinionpublica.tv\/portada\/wp-json\/wp\/v2\/comments?post=51573"}],"version-history":[{"count":3,"href":"https:\/\/www.opinionpublica.tv\/portada\/wp-json\/wp\/v2\/posts\/51573\/revisions"}],"predecessor-version":[{"id":51578,"href":"https:\/\/www.opinionpublica.tv\/portada\/wp-json\/wp\/v2\/posts\/51573\/revisions\/51578"}],"wp:featuredmedia":[{"embeddable":true,"href":"https:\/\/www.opinionpublica.tv\/portada\/wp-json\/wp\/v2\/media\/51577"}],"wp:attachment":[{"href":"https:\/\/www.opinionpublica.tv\/portada\/wp-json\/wp\/v2\/media?parent=51573"}],"wp:term":[{"taxonomy":"category","embeddable":true,"href":"https:\/\/www.opinionpublica.tv\/portada\/wp-json\/wp\/v2\/categories?post=51573"},{"taxonomy":"post_tag","embeddable":true,"href":"https:\/\/www.opinionpublica.tv\/portada\/wp-json\/wp\/v2\/tags?post=51573"}],"curies":[{"name":"wp","href":"https:\/\/api.w.org\/{rel}","templated":true}]}}