{"id":51568,"date":"2025-01-17T08:22:21","date_gmt":"2025-01-17T15:22:21","guid":{"rendered":"https:\/\/www.opinionpublica.tv\/portada\/?p=51568"},"modified":"2025-01-17T08:23:10","modified_gmt":"2025-01-17T15:23:10","slug":"invitan-a-la-inauguracion-de-la-exposicion-pictorica-laberintica-ii-en-el-mahch","status":"publish","type":"post","link":"https:\/\/www.opinionpublica.tv\/portada\/invitan-a-la-inauguracion-de-la-exposicion-pictorica-laberintica-ii-en-el-mahch\/","title":{"rendered":"Invitan a la inauguraci\u00f3n de la nueva exposici\u00f3n pict\u00f3rica \u201cLaber\u00edntica II\u201d en el MAHCH"},"content":{"rendered":"\n<figure class=\"wp-block-image size-large\"><img fetchpriority=\"high\" decoding=\"async\" width=\"652\" height=\"1024\" src=\"https:\/\/www.opinionpublica.tv\/portada\/wp-content\/uploads\/2025\/01\/Invitan-a-la-inauguracion-de-la-nueva-exposicion-pictorica-Laberintica-II-en-el-MAHCH-652x1024.jpeg\" alt=\"Invitan A La Inauguracio\u0301n De La Nueva Exposicio\u0301n Picto\u0301rica \u201claberi\u0301ntica Ii\u201d En El Mahch\" class=\"wp-image-51571\" srcset=\"https:\/\/www.opinionpublica.tv\/portada\/wp-content\/uploads\/2025\/01\/Invitan-a-la-inauguracion-de-la-nueva-exposicion-pictorica-Laberintica-II-en-el-MAHCH-652x1024.jpeg 652w, https:\/\/www.opinionpublica.tv\/portada\/wp-content\/uploads\/2025\/01\/Invitan-a-la-inauguracion-de-la-nueva-exposicion-pictorica-Laberintica-II-en-el-MAHCH-191x300.jpeg 191w, https:\/\/www.opinionpublica.tv\/portada\/wp-content\/uploads\/2025\/01\/Invitan-a-la-inauguracion-de-la-nueva-exposicion-pictorica-Laberintica-II-en-el-MAHCH-768x1207.jpeg 768w, https:\/\/www.opinionpublica.tv\/portada\/wp-content\/uploads\/2025\/01\/Invitan-a-la-inauguracion-de-la-nueva-exposicion-pictorica-Laberintica-II-en-el-MAHCH-977x1536.jpeg 977w, https:\/\/www.opinionpublica.tv\/portada\/wp-content\/uploads\/2025\/01\/Invitan-a-la-inauguracion-de-la-nueva-exposicion-pictorica-Laberintica-II-en-el-MAHCH.jpeg 1018w\" sizes=\"(max-width: 652px) 100vw, 652px\" \/><\/figure>\n\n\n\n<p class=\"wp-block-paragraph\"><em>Ciudad Ju\u00e1rez, Chih<\/em>.- El Instituto para la Cultura del Municipio de Ju\u00e1rez (IPACULT) invita al p\u00fablico en general a la inauguraci\u00f3n de la exposici\u00f3n pict\u00f3rica \u201cLaber\u00edntica II\u201d, una colecci\u00f3n del artista Nagib Bassil, que se presentar\u00e1 en el Museo de Arqueolog\u00eda e Historia de El Chamizal (MAHCH).<\/p>\n\n\n\n<p class=\"wp-block-paragraph\">El evento se llevar\u00e1 a cabo el pr\u00f3ximo 24 de enero a las 7:00 de la tarde, con entrada gratuita.<\/p>\n\n\n\n<p class=\"wp-block-paragraph\">La muestra estar\u00e1 abierta al p\u00fablico hasta el 16 de febrero, ofreciendo a los visitantes una experiencia \u00fanica a trav\u00e9s de las obras en blanco y negro del artista, quien define su arte como un reflejo de su memoria visual y su b\u00fasqueda constante de paz interior.<\/p>\n\n\n\n<p class=\"wp-block-paragraph\">Nagib Bassil, nacido en el L\u00edbano, encuentra en su obra una catarsis personal, donde su proceso creativo est\u00e1 marcado por la influencia de su abuelo, Germ\u00e1n Ricardo Sarav\u00ed, cuya pasi\u00f3n por la pintura dej\u00f3 una huella imborrable.<\/p>\n\n\n\n<p class=\"wp-block-paragraph\">Dos de los \u00f3leos rescatados por su madre desde Argentina, datados en 1959, estar\u00e1n presentes en esta exposici\u00f3n.<\/p>\n\n\n\n<p class=\"wp-block-paragraph\">Aunque las im\u00e1genes que imagina son en color, Bassil prefiere plasmarlas en blanco y negro, llenando cada espacio para reflejar su vida \u00ablaber\u00edntica\u00bb.<\/p>\n\n\n\n<p class=\"wp-block-paragraph\">El evento tiene como objetivo promover la difusi\u00f3n de obras de artistas locales, nacionales e internacionales, as\u00ed como impulsar los espacios culturales de la ciudad mediante una agenda art\u00edstica y cultural accesible y gratuita.<\/p>\n\n\n\n<p class=\"wp-block-paragraph\">La directora del IPACULT, Myrna Judith Barajas Mart\u00ednez, destac\u00f3 que esta exposici\u00f3n es parte de un esfuerzo por fomentar la colaboraci\u00f3n entre empresas, creadores art\u00edsticos, promotores y gestores culturales para el uso de los espacios culturales, generando oportunidades para que las familias juarenses y los vecinos de El Paso disfruten de presentaciones, conversatorios y exhibiciones que fortalezcan las redes de colaboraci\u00f3n cultural.<\/p>\n\n\n\n<p class=\"wp-block-paragraph\">El Museo de Arqueolog\u00eda e Historia de El Chamizal (MAHCH) abre sus puertas de martes a viernes en un horario de 9:00 de la ma\u00f1ana. a 5:00 de la tarde, y los s\u00e1bados y domingos de 11:00 de la ma\u00f1ana. a 5:00 de la tarde; los lunes permanece cerrado.<\/p>\n","protected":false},"excerpt":{"rendered":"<p>Ciudad Ju\u00e1rez, Chih.- El Instituto para la Cultura del Municipio de Ju\u00e1rez (IPACULT) invita al p\u00fablico en general a la inauguraci\u00f3n de la exposici\u00f3n pict\u00f3rica \u201cLaber\u00edntica II\u201d, una colecci\u00f3n del artista Nagib Bassil, que se presentar\u00e1 en el Museo de Arqueolog\u00eda e Historia de El Chamizal (MAHCH). El evento se llevar\u00e1 a cabo el pr\u00f3ximo [&hellip;]<\/p>\n","protected":false},"author":6,"featured_media":51571,"comment_status":"open","ping_status":"open","sticky":false,"template":"","format":"standard","meta":{"_acf_changed":false,"_monsterinsights_skip_tracking":false,"slim_seo":{"title":"Invitan a la inauguraci\u00f3n de la nueva exposici\u00f3n pict\u00f3rica \u201cLaber\u00edntica II\u201d en el MAHCH - Opini\u00f3n P\u00fablica","description":"Ciudad Ju\u00e1rez, Chih .- El Instituto para la Cultura del Municipio de Ju\u00e1rez (IPACULT) invita al p\u00fablico en general a la inauguraci\u00f3n de la exposici\u00f3n pict\u00f3rica"},"footnotes":""},"categories":[41],"tags":[],"class_list":["post-51568","post","type-post","status-publish","format-standard","has-post-thumbnail","hentry","category-juarez"],"acf":[],"_links":{"self":[{"href":"https:\/\/www.opinionpublica.tv\/portada\/wp-json\/wp\/v2\/posts\/51568","targetHints":{"allow":["GET"]}}],"collection":[{"href":"https:\/\/www.opinionpublica.tv\/portada\/wp-json\/wp\/v2\/posts"}],"about":[{"href":"https:\/\/www.opinionpublica.tv\/portada\/wp-json\/wp\/v2\/types\/post"}],"author":[{"embeddable":true,"href":"https:\/\/www.opinionpublica.tv\/portada\/wp-json\/wp\/v2\/users\/6"}],"replies":[{"embeddable":true,"href":"https:\/\/www.opinionpublica.tv\/portada\/wp-json\/wp\/v2\/comments?post=51568"}],"version-history":[{"count":2,"href":"https:\/\/www.opinionpublica.tv\/portada\/wp-json\/wp\/v2\/posts\/51568\/revisions"}],"predecessor-version":[{"id":51572,"href":"https:\/\/www.opinionpublica.tv\/portada\/wp-json\/wp\/v2\/posts\/51568\/revisions\/51572"}],"wp:featuredmedia":[{"embeddable":true,"href":"https:\/\/www.opinionpublica.tv\/portada\/wp-json\/wp\/v2\/media\/51571"}],"wp:attachment":[{"href":"https:\/\/www.opinionpublica.tv\/portada\/wp-json\/wp\/v2\/media?parent=51568"}],"wp:term":[{"taxonomy":"category","embeddable":true,"href":"https:\/\/www.opinionpublica.tv\/portada\/wp-json\/wp\/v2\/categories?post=51568"},{"taxonomy":"post_tag","embeddable":true,"href":"https:\/\/www.opinionpublica.tv\/portada\/wp-json\/wp\/v2\/tags?post=51568"}],"curies":[{"name":"wp","href":"https:\/\/api.w.org\/{rel}","templated":true}]}}