{"id":51550,"date":"2025-01-17T08:01:30","date_gmt":"2025-01-17T15:01:30","guid":{"rendered":"https:\/\/www.opinionpublica.tv\/portada\/?p=51550"},"modified":"2025-01-17T08:02:25","modified_gmt":"2025-01-17T15:02:25","slug":"nos-asaremos-este-ano-2024-rompe-record-como-el-mas-caluroso-expertos-exigen-politicas-para-cambio-climatico","status":"publish","type":"post","link":"https:\/\/www.opinionpublica.tv\/portada\/nos-asaremos-este-ano-2024-rompe-record-como-el-mas-caluroso-expertos-exigen-politicas-para-cambio-climatico\/","title":{"rendered":"\u00bfNos asaremos este a\u00f1o? 2024 rompi\u00f3 r\u00e9cord como el m\u00e1s caluroso; expertos exigen pol\u00edticas para cambio clim\u00e1tico"},"content":{"rendered":"\n<figure class=\"wp-block-image size-full\"><img fetchpriority=\"high\" decoding=\"async\" width=\"1100\" height=\"666\" src=\"https:\/\/www.opinionpublica.tv\/portada\/wp-content\/uploads\/2025\/01\/\u00bfNos-asaremos-este-ano-2024-rompio-record-como-el-mas-caluroso-expertos-exigen-politicas-para-cambio-climatico.avif\" alt=\"\u00bfnos Asaremos Este An\u0303o? 2024 Rompio\u0301 Re\u0301cord Como El Ma\u0301s Caluroso; Expertos Exigen Poli\u0301ticas Para Cambio Clima\u0301tico\" class=\"wp-image-51553\"\/><\/figure>\n\n\n\n<p class=\"wp-block-paragraph\">Un grupo de cient\u00edficos de la Universidad Nacional Aut\u00f3noma de M\u00e9xico (UNAM) explic\u00f3 que 2024 fue el a\u00f1o m\u00e1s caluroso en M\u00e9xico y en 103 pa\u00edses, con un amplio margen desde que se tienen registros confiables de la temperatura, es decir, desde 1850.<\/p>\n\n\n\n<p class=\"wp-block-paragraph\">Los acad\u00e9micos Jorge Zavala Hidalgo, Francisco Estrada Porr\u00faa y Amparo Mart\u00ednez Arroyo basaron estos resultados en datos y an\u00e1lisis de los principales centros de informaci\u00f3n clim\u00e1tica del mundo.<\/p>\n\n\n\n<p class=\"wp-block-paragraph\">Recordaron el Acuerdo de Par\u00eds sobre el Cambio Clim\u00e1tico, donde se establec\u00eda una meta fija no superar el 1.5\u00b0C de incremento en la temperatura global. Sin embargo, dicho estatuto fue quebrantado tras presentarse una anomal\u00eda que rebas\u00f3 temporalmente aquel umbral el a\u00f1o anterior con un valor promedio de 1.55\u00b0C.<\/p>\n\n\n\n<p class=\"wp-block-paragraph\">Los especialistas subrayaron que este fen\u00f3meno de aumento de temperatura at\u00edpico se detect\u00f3 en M\u00e9xico y en 103 pa\u00edses m\u00e1s, los cuales tuvieron los climas promedio anuales m\u00e1s altos de la historia.<\/p>\n\n\n\n<p class=\"wp-block-paragraph\">Por lo tanto, aproximadamente 40% de la poblaci\u00f3n global experiment\u00f3 el a\u00f1o m\u00e1s c\u00e1lido en el sitio que habita. En total, se estima que m\u00e1s de 3 mil 300 millones de personas sintieron este incremento.<\/p>\n\n\n\n<p class=\"wp-block-paragraph\">Subrayaron que con base en estimaciones recientes es previsible que el umbral de 1.5\u00b0C mundial sea superado a finales de la d\u00e9cada y el de 2.0\u00b0C en la d\u00e9cada de 2050.<\/p>\n\n\n\n<p class=\"wp-block-paragraph\">\u201cEl planeta se est\u00e1 calentando y por supuesto esto afecta a nuestro pa\u00eds, por lo que todas las actividades referentes a cualquier \u00e1mbito: salud, educaci\u00f3n, econom\u00eda, deben hacerse con perspectiva de cambio clim\u00e1tico\u201d, instaron.<\/p>\n\n\n\n<p class=\"wp-block-paragraph\">Estrada Porr\u00faa, coordinador del Programa de Investigaci\u00f3n en Cambio Clim\u00e1tico, alert\u00f3 que \u201cestamos viviendo un momento cr\u00edtico\u201d.<\/p>\n\n\n\n<p class=\"wp-block-paragraph\">Adem\u00e1s, prev\u00e9 que con la llegada de Donald Trump por segunda vez a la Casa Blanca podr\u00edan aumentar en 4 mil millones de toneladas las emisiones de di\u00f3xido de carbono.<\/p>\n\n\n\n<p class=\"wp-block-paragraph\">Los cient\u00edficos argumentaron que \u00abson evidentes las manifestaciones del cambio clim\u00e1tico\u00bb porque no se han podido reducir las emisiones de CO\u00b2, por lo que recomendaron fomentar \u00abuna pol\u00edtica de bienestar con cuestiones ambientales\u00bb.<\/p>\n\n\n\n<p class=\"wp-block-paragraph\"><em>Con informaci\u00f3n de El Universal<\/em>.<\/p>\n","protected":false},"excerpt":{"rendered":"<p>Un grupo de cient\u00edficos de la Universidad Nacional Aut\u00f3noma de M\u00e9xico (UNAM) explic\u00f3 que 2024 fue el a\u00f1o m\u00e1s caluroso en M\u00e9xico y en 103 pa\u00edses, con un amplio margen desde que se tienen registros confiables de la temperatura, es decir, desde 1850. Los acad\u00e9micos Jorge Zavala Hidalgo, Francisco Estrada Porr\u00faa y Amparo Mart\u00ednez Arroyo [&hellip;]<\/p>\n","protected":false},"author":6,"featured_media":51553,"comment_status":"open","ping_status":"open","sticky":false,"template":"","format":"standard","meta":{"_acf_changed":false,"_monsterinsights_skip_tracking":false,"slim_seo":{"title":"\u00bfNos asaremos este a\u00f1o? 2024 rompi\u00f3 r\u00e9cord como el m\u00e1s caluroso; expertos exigen pol\u00edticas para cambio clim\u00e1tico - Opini\u00f3n P\u00fablica","description":"Un grupo de cient\u00edficos de la Universidad Nacional Aut\u00f3noma de M\u00e9xico (UNAM) explic\u00f3 que 2024 fue el a\u00f1o m\u00e1s caluroso en M\u00e9xico y en 103 pa\u00edses, con un amplio m"},"footnotes":""},"categories":[3],"tags":[],"class_list":["post-51550","post","type-post","status-publish","format-standard","has-post-thumbnail","hentry","category-principal"],"acf":[],"_links":{"self":[{"href":"https:\/\/www.opinionpublica.tv\/portada\/wp-json\/wp\/v2\/posts\/51550","targetHints":{"allow":["GET"]}}],"collection":[{"href":"https:\/\/www.opinionpublica.tv\/portada\/wp-json\/wp\/v2\/posts"}],"about":[{"href":"https:\/\/www.opinionpublica.tv\/portada\/wp-json\/wp\/v2\/types\/post"}],"author":[{"embeddable":true,"href":"https:\/\/www.opinionpublica.tv\/portada\/wp-json\/wp\/v2\/users\/6"}],"replies":[{"embeddable":true,"href":"https:\/\/www.opinionpublica.tv\/portada\/wp-json\/wp\/v2\/comments?post=51550"}],"version-history":[{"count":2,"href":"https:\/\/www.opinionpublica.tv\/portada\/wp-json\/wp\/v2\/posts\/51550\/revisions"}],"predecessor-version":[{"id":51554,"href":"https:\/\/www.opinionpublica.tv\/portada\/wp-json\/wp\/v2\/posts\/51550\/revisions\/51554"}],"wp:featuredmedia":[{"embeddable":true,"href":"https:\/\/www.opinionpublica.tv\/portada\/wp-json\/wp\/v2\/media\/51553"}],"wp:attachment":[{"href":"https:\/\/www.opinionpublica.tv\/portada\/wp-json\/wp\/v2\/media?parent=51550"}],"wp:term":[{"taxonomy":"category","embeddable":true,"href":"https:\/\/www.opinionpublica.tv\/portada\/wp-json\/wp\/v2\/categories?post=51550"},{"taxonomy":"post_tag","embeddable":true,"href":"https:\/\/www.opinionpublica.tv\/portada\/wp-json\/wp\/v2\/tags?post=51550"}],"curies":[{"name":"wp","href":"https:\/\/api.w.org\/{rel}","templated":true}]}}