{"id":5154,"date":"2016-09-29T06:00:00","date_gmt":"2016-09-29T04:00:00","guid":{"rendered":"https:\/\/www.opinionpublica.tv\/portada\/2016\/09\/29\/vitalii-sediuk-acosa-a-kim-kardashian\/"},"modified":"2016-09-29T06:00:00","modified_gmt":"2016-09-29T04:00:00","slug":"vitalii-sediuk-acosa-a-kim-kardashian","status":"publish","type":"post","link":"https:\/\/www.opinionpublica.tv\/portada\/vitalii-sediuk-acosa-a-kim-kardashian\/","title":{"rendered":"Vitalii Sediuk acosa a Kim Kardashian"},"content":{"rendered":"<p><img fetchpriority=\"high\" decoding=\"async\" class=\" size-full wp-image-5151\" src=\"https:\/\/www.opinionpublica.tv\/portada\/wp-content\/uploads\/2016\/09\/ee1fa3b7e8d99d3fa79180b33789e25c.jpg\" alt=\"\" width=\"293\" height=\"213\" \/><\/p>\n<p style=\"text-align: justify;\">Vitalii Sediuk , el mismo hombre que atac\u00f3 a Gigi Hadid en la Semana de la Moda de Mil\u00e1n, volvi\u00f3 al ruedo. Esta vez para tratar de besar los gl\u00fateos de Kim Kardashian, aunque sin \u00e9xito.<\/p>\n<p><!--more--><\/p>\n<p style=\"text-align: justify;\">Todo ocurri\u00f3 afuera\u00a0de un famoso restaurante en\u00a0Par\u00eds y como hab\u00eda una lluvia de paparazzi en el lugar,\u00a0las fotos del casi beso del hombre a los gl\u00fateos de Kim Kardashian le dieron la vuelta al mundo en pocos minutos.<\/p>\n<p style=\"text-align: justify;\">De algo puede estar orgulloso el \u00abasaltante de gl\u00fateos\u00bb:\u00a0pocos son los mortales que han logrado tener tan cerca la admirada retaguardia de la hermana de Khlo\u00e9 Kardashian .<\/p>\n<p style=\"text-align: justify;\">El incidente culmin\u00f3 con una Kim Kardashian despeinada y el atacante tirado en el suelo, luego de haber sido neutralizado por el equipo de seguridad de Kim.ioioioioioi<\/p>\n<p style=\"text-align: justify;\"><img decoding=\"async\" class=\" size-full wp-image-5152\" src=\"https:\/\/www.opinionpublica.tv\/portada\/wp-content\/uploads\/2016\/09\/afdafdaf.png\" width=\"296\" height=\"404\" srcset=\"https:\/\/www.opinionpublica.tv\/portada\/wp-content\/uploads\/2016\/09\/afdafdaf.png 296w, https:\/\/www.opinionpublica.tv\/portada\/wp-content\/uploads\/2016\/09\/afdafdaf-220x300.png 220w\" sizes=\"(max-width: 296px) 100vw, 296px\" \/><img decoding=\"async\" class=\" size-full wp-image-5153\" src=\"https:\/\/www.opinionpublica.tv\/portada\/wp-content\/uploads\/2016\/09\/popopop.png\" width=\"292\" height=\"395\" srcset=\"https:\/\/www.opinionpublica.tv\/portada\/wp-content\/uploads\/2016\/09\/popopop.png 292w, https:\/\/www.opinionpublica.tv\/portada\/wp-content\/uploads\/2016\/09\/popopop-222x300.png 222w\" sizes=\"(max-width: 292px) 100vw, 292px\" \/><\/p>\n","protected":false},"excerpt":{"rendered":"<p>Vitalii Sediuk , el mismo hombre que atac\u00f3 a Gigi Hadid en la Semana de la Moda de Mil\u00e1n, volvi\u00f3 al ruedo. Esta vez para tratar de besar los gl\u00fateos de Kim Kardashian, aunque sin \u00e9xito.<\/p>\n","protected":false},"author":1,"featured_media":5151,"comment_status":"open","ping_status":"open","sticky":false,"template":"","format":"standard","meta":{"_acf_changed":false,"_monsterinsights_skip_tracking":false,"slim_seo":{"title":"Vitalii Sediuk acosa a Kim Kardashian - Opini\u00f3n P\u00fablica","description":"Vitalii Sediuk , el mismo hombre que atac\u00f3 a Gigi Hadid en la Semana de la Moda de Mil\u00e1n, volvi\u00f3 al ruedo. Esta vez para tratar de besar los gl\u00fateos de Kim Kard"},"footnotes":""},"categories":[15],"tags":[],"class_list":["post-5154","post","type-post","status-publish","format-standard","has-post-thumbnail","hentry","category-galerias"],"acf":[],"_links":{"self":[{"href":"https:\/\/www.opinionpublica.tv\/portada\/wp-json\/wp\/v2\/posts\/5154","targetHints":{"allow":["GET"]}}],"collection":[{"href":"https:\/\/www.opinionpublica.tv\/portada\/wp-json\/wp\/v2\/posts"}],"about":[{"href":"https:\/\/www.opinionpublica.tv\/portada\/wp-json\/wp\/v2\/types\/post"}],"author":[{"embeddable":true,"href":"https:\/\/www.opinionpublica.tv\/portada\/wp-json\/wp\/v2\/users\/1"}],"replies":[{"embeddable":true,"href":"https:\/\/www.opinionpublica.tv\/portada\/wp-json\/wp\/v2\/comments?post=5154"}],"version-history":[{"count":0,"href":"https:\/\/www.opinionpublica.tv\/portada\/wp-json\/wp\/v2\/posts\/5154\/revisions"}],"wp:featuredmedia":[{"embeddable":true,"href":"https:\/\/www.opinionpublica.tv\/portada\/wp-json\/wp\/v2\/media\/5151"}],"wp:attachment":[{"href":"https:\/\/www.opinionpublica.tv\/portada\/wp-json\/wp\/v2\/media?parent=5154"}],"wp:term":[{"taxonomy":"category","embeddable":true,"href":"https:\/\/www.opinionpublica.tv\/portada\/wp-json\/wp\/v2\/categories?post=5154"},{"taxonomy":"post_tag","embeddable":true,"href":"https:\/\/www.opinionpublica.tv\/portada\/wp-json\/wp\/v2\/tags?post=5154"}],"curies":[{"name":"wp","href":"https:\/\/api.w.org\/{rel}","templated":true}]}}