{"id":51465,"date":"2025-01-17T00:01:00","date_gmt":"2025-01-17T07:01:00","guid":{"rendered":"https:\/\/www.opinionpublica.tv\/portada\/?p=51465"},"modified":"2025-01-15T21:51:54","modified_gmt":"2025-01-16T04:51:54","slug":"51465-2","status":"publish","type":"post","link":"https:\/\/www.opinionpublica.tv\/portada\/51465-2\/","title":{"rendered":"Efem\u00e9rides 17 de enero"},"content":{"rendered":"\n<p class=\"wp-block-paragraph\"><em>Un d\u00eda 17 de enero como hoy, pero de 1991, comienza la operaci\u00f3n Tormenta del Desierto para obligar a Irak a retirarse de Kuwait. Aviones estadounidenses, en colaboraci\u00f3n con otros aparatos de la fuerza multinacional, bombardean Bagdad.<\/em><\/p>\n\n\n\n<figure class=\"wp-block-image size-full\"><img fetchpriority=\"high\" decoding=\"async\" width=\"600\" height=\"383\" src=\"https:\/\/www.opinionpublica.tv\/portada\/wp-content\/uploads\/2025\/01\/1991-comienza-la-operacion-Tormenta-del-Desierto.jpg\" alt=\"1991, Comienza La Operacio\u0301n Tormenta Del Desierto\" class=\"wp-image-51466\" srcset=\"https:\/\/www.opinionpublica.tv\/portada\/wp-content\/uploads\/2025\/01\/1991-comienza-la-operacion-Tormenta-del-Desierto.jpg 600w, https:\/\/www.opinionpublica.tv\/portada\/wp-content\/uploads\/2025\/01\/1991-comienza-la-operacion-Tormenta-del-Desierto-300x192.jpg 300w\" sizes=\"(max-width: 600px) 100vw, 600px\" \/><\/figure>\n\n\n\n<p class=\"wp-block-paragraph\"><strong>Otras efem\u00e9rides<\/strong><\/p>\n\n\n\n<p class=\"wp-block-paragraph\">1811.- Las tropas realistas vencen a los insurgentes mexicanos en la batalla del Puente de Calder\u00f3n, durante la Guerra de Independencia de M\u00e9xico.<\/p>\n\n\n\n<p class=\"wp-block-paragraph\">1912.- Llega al Polo Sur el explorador brit\u00e1nico Robert Scott, un mes despu\u00e9s de haberlo hecho el noruego Roald Amundsen.<\/p>\n\n\n\n<p class=\"wp-block-paragraph\">1917.- Estados Unidos compra a Dinamarca las Islas V\u00edrgenes por 25 millones de d\u00f3lares. La toma de posesi\u00f3n tuvo lugar el 31 de marzo.<\/p>\n\n\n\n<p class=\"wp-block-paragraph\">1929.- Un violento terremoto destruye la ciudad de Cuman\u00e1, en Venezuela.<\/p>\n\n\n\n<p class=\"wp-block-paragraph\">1935.- El Consejo de la Sociedad de Naciones acuerda la reincorporaci\u00f3n de la cuenca del Sarre a Alemania.<\/p>\n\n\n\n<p class=\"wp-block-paragraph\">1945.- Fuerzas sovi\u00e9ticas entran en Varsovia.<\/p>\n\n\n\n<p class=\"wp-block-paragraph\">1961.- Patricio Lumumba, l\u00edder congole\u00f1o e impulsor de la independencia del Congo, es asesinado en Katanga.<\/p>\n\n\n\n<p class=\"wp-block-paragraph\">1966.- Dos aviones de Estados Unidos colisionan en vuelo sobre la provincia espa\u00f1ola de Almer\u00eda (sureste) y caen cuatro bombas at\u00f3micas, tres en las cercan\u00edas de Palomares y otra en las proximidades de Almer\u00eda capital. Se tard\u00f3 tres meses en encontrarlas.<\/p>\n\n\n\n<p class=\"wp-block-paragraph\">1974.- La guerrilla colombiana Movimiento 19 de abril (M-19), roba la espada de Bol\u00edvar de la casa-museo Quinta de Bol\u00edvar, en Bogot\u00e1.<\/p>\n\n\n\n<p class=\"wp-block-paragraph\">1994.- Un terremoto en Los \u00c1ngeles (California, EEUU) causa 68 muertos y da\u00f1os materiales por 35 mil millones de d\u00f3lares.<\/p>\n\n\n\n<p class=\"wp-block-paragraph\">1995.- Un terremoto sacude la ciudad japonesa de Kobe causando m\u00e1s de 6.400 muertos.<\/p>\n\n\n\n<p class=\"wp-block-paragraph\">1997.- La ciudad b\u00edblica de Hebr\u00f3n, sagrada para jud\u00edos y musulmanes, queda en manos palestinas tras casi treinta a\u00f1os de ocupaci\u00f3n israel\u00ed.<\/p>\n\n\n\n<p class=\"wp-block-paragraph\">2000.- Las compa\u00f1\u00edas Glaxo Wellcome y SmithKline Beecham acuerdan formar el nuevo grupo Glaxo SmithKline, la mayor farmac\u00e9utica del mundo.<\/p>\n\n\n\n<p class=\"wp-block-paragraph\">2010.- El derechista Sebasti\u00e1n Pi\u00f1era gana las elecciones presidenciales en Chile, poniendo fin a veinte a\u00f1os de gobiernos de la Concertaci\u00f3n, formada por partidos de centro e izquierda.<\/p>\n\n\n\n<p class=\"wp-block-paragraph\">2014.- El presidente estadounidense Barack Obama ordena poner fin al espionaje a mandatarios de pa\u00edses aliados y reformar la vigilancia telef\u00f3nica de la Agencia de Seguridad Nacional (NSA).<\/p>\n\n\n\n<p class=\"wp-block-paragraph\">2017.- Obama conmuta la pena a ex soldado Chelsea Manning, que filtr\u00f3 documentos secretos a Wikileaks en 2010 cuando era analista de inteligencia militar.<\/p>\n\n\n\n<p class=\"wp-block-paragraph\">2018.- La socialdem\u00f3crata Viorica Dancila se convierte en la primera mujer al frente del Gobierno de Ruman\u00eda.<\/p>\n\n\n\n<p class=\"wp-block-paragraph\">2019.- Un atentado del Ej\u00e9rcito de Liberaci\u00f3n Nacional (ELN) contra la Escuela de la Polic\u00eda en Bogot\u00e1 causa 21 muertos.<\/p>\n\n\n\n<p class=\"wp-block-paragraph\">2021.- El opositor ruso Alex\u00e9i Navalni es detenido al regresar a Rusia, cinco meses despu\u00e9s de ser envenenado.<\/p>\n\n\n\n<p class=\"wp-block-paragraph\"><strong>Nacimientos<\/strong><\/p>\n\n\n\n<p class=\"wp-block-paragraph\">1600.- Pedro Calder\u00f3n de la Barca, dramaturgo espa\u00f1ol.<\/p>\n\n\n\n<p class=\"wp-block-paragraph\">1706.- Benjam\u00edn Franklin, cient\u00edfico y diplom\u00e1tico estadounidense.<\/p>\n\n\n\n<p class=\"wp-block-paragraph\">1863.- David Lloyd George, pol\u00edtico brit\u00e1nico.<\/p>\n\n\n\n<p class=\"wp-block-paragraph\">1897.- Caroline Emilie \u00abLili\u00bb Bleeker, f\u00edsica y empresaria holandesa.<\/p>\n\n\n\n<p class=\"wp-block-paragraph\">1911.- George Stigler, economista estadounidense, premio Nobel de Econom\u00eda en 1982.<\/p>\n\n\n\n<p class=\"wp-block-paragraph\">1922.- Betty White, actriz estadounidense.<\/p>\n\n\n\n<p class=\"wp-block-paragraph\">1933.- Dalida, cantante italo-francesa nacida en Egipto.<\/p>\n\n\n\n<p class=\"wp-block-paragraph\">1940.- Tabar\u00e9 V\u00e1zquez, expresidente de Uruguay.<\/p>\n\n\n\n<p class=\"wp-block-paragraph\">1942.- Cassius Clay (Mohamed Al\u00ed), boxeador estadounidense.<\/p>\n\n\n\n<p class=\"wp-block-paragraph\">1943.- Ren\u00e9 Garc\u00eda Pr\u00e9val, expresidente de Hait\u00ed.<\/p>\n\n\n\n<p class=\"wp-block-paragraph\">1952.- Ryuichi Sakamoto, m\u00fasico japon\u00e9s.<\/p>\n\n\n\n<p class=\"wp-block-paragraph\">1955.- Pietro Parolin, cardenal italiano, secretario de Estado del Vaticano.<\/p>\n\n\n\n<p class=\"wp-block-paragraph\">1956.- Paul Young, m\u00fasico brit\u00e1nico.<\/p>\n\n\n\n<p class=\"wp-block-paragraph\">1962.- Jim Carrey, actor canadiense-estadounidense.<\/p>\n\n\n\n<p class=\"wp-block-paragraph\">1964.- Michelle Obama, abogada y exprimera dama de EEUU.<\/p>\n\n\n\n<p class=\"wp-block-paragraph\">1984.- Calvin Harris, m\u00fasico y productor brit\u00e1nico.<\/p>\n\n\n\n<p class=\"wp-block-paragraph\">1988.- FKA twigs (Tahliah Debrett Barnett), cantante, bailarina, compositora y productora brit\u00e1nica.<\/p>\n\n\n\n<p class=\"wp-block-paragraph\">1990.- Esteban Chaves, ciclista colombiano.<\/p>\n\n\n\n<p class=\"wp-block-paragraph\"><strong>Defunciones<\/strong><\/p>\n\n\n\n<p class=\"wp-block-paragraph\">1910.- Joaquim Nabuco de Araujo, escritor y pol\u00edtico brasile\u00f1o opuesto a la esclavitud.<\/p>\n\n\n\n<p class=\"wp-block-paragraph\">1975.- Gustavo Rojas Pinilla, militar y pol\u00edtico colombiano.<\/p>\n\n\n\n<p class=\"wp-block-paragraph\">1989.- Alfredo Zitarrosa, cantautor uruguayo.<\/p>\n\n\n\n<p class=\"wp-block-paragraph\">1991.- Olav V, rey de Noruega.<\/p>\n\n\n\n<p class=\"wp-block-paragraph\">2002.- Camilo Jos\u00e9 Cela, escritor espa\u00f1ol, Premio Nobel de Literatura.<\/p>\n\n\n\n<p class=\"wp-block-paragraph\">2005.- Virginia Mayo, actriz estadounidense.<\/p>\n\n\n\n<p class=\"wp-block-paragraph\">2008.- Bobby Fischer, ajedrecista estadounidense, campe\u00f3n del mundo.<\/p>\n\n\n\n<p class=\"wp-block-paragraph\">2015.- Faten Hamama, actriz egipcia.<\/p>\n\n\n\n<p class=\"wp-block-paragraph\">2018.- Augusto Polo Campos, compositor peruano.<\/p>\n\n\n\n<p class=\"wp-block-paragraph\">2019.- Mary Oliver, poetisa estadounidense.<\/p>\n","protected":false},"excerpt":{"rendered":"<p>Un d\u00eda 17 de enero como hoy, pero de 1991, comienza la operaci\u00f3n Tormenta del Desierto para obligar a Irak a retirarse de Kuwait. Aviones estadounidenses, en colaboraci\u00f3n con otros aparatos de la fuerza multinacional, bombardean Bagdad. Otras efem\u00e9rides 1811.- Las tropas realistas vencen a los insurgentes mexicanos en la batalla del Puente de Calder\u00f3n, [&hellip;]<\/p>\n","protected":false},"author":6,"featured_media":51466,"comment_status":"open","ping_status":"open","sticky":false,"template":"","format":"standard","meta":{"_acf_changed":false,"_monsterinsights_skip_tracking":false,"slim_seo":{"title":"Efem\u00e9rides 17 de enero - Opini\u00f3n P\u00fablica","description":"Un d\u00eda 17 de enero como hoy, pero de 1991, comienza la operaci\u00f3n Tormenta del Desierto para obligar a Irak a retirarse de Kuwait. Aviones estadounidenses, en co"},"footnotes":""},"categories":[27],"tags":[],"class_list":["post-51465","post","type-post","status-publish","format-standard","has-post-thumbnail","hentry","category-un-dia-como-hoy"],"acf":[],"_links":{"self":[{"href":"https:\/\/www.opinionpublica.tv\/portada\/wp-json\/wp\/v2\/posts\/51465","targetHints":{"allow":["GET"]}}],"collection":[{"href":"https:\/\/www.opinionpublica.tv\/portada\/wp-json\/wp\/v2\/posts"}],"about":[{"href":"https:\/\/www.opinionpublica.tv\/portada\/wp-json\/wp\/v2\/types\/post"}],"author":[{"embeddable":true,"href":"https:\/\/www.opinionpublica.tv\/portada\/wp-json\/wp\/v2\/users\/6"}],"replies":[{"embeddable":true,"href":"https:\/\/www.opinionpublica.tv\/portada\/wp-json\/wp\/v2\/comments?post=51465"}],"version-history":[{"count":2,"href":"https:\/\/www.opinionpublica.tv\/portada\/wp-json\/wp\/v2\/posts\/51465\/revisions"}],"predecessor-version":[{"id":51468,"href":"https:\/\/www.opinionpublica.tv\/portada\/wp-json\/wp\/v2\/posts\/51465\/revisions\/51468"}],"wp:featuredmedia":[{"embeddable":true,"href":"https:\/\/www.opinionpublica.tv\/portada\/wp-json\/wp\/v2\/media\/51466"}],"wp:attachment":[{"href":"https:\/\/www.opinionpublica.tv\/portada\/wp-json\/wp\/v2\/media?parent=51465"}],"wp:term":[{"taxonomy":"category","embeddable":true,"href":"https:\/\/www.opinionpublica.tv\/portada\/wp-json\/wp\/v2\/categories?post=51465"},{"taxonomy":"post_tag","embeddable":true,"href":"https:\/\/www.opinionpublica.tv\/portada\/wp-json\/wp\/v2\/tags?post=51465"}],"curies":[{"name":"wp","href":"https:\/\/api.w.org\/{rel}","templated":true}]}}