{"id":51438,"date":"2025-01-15T00:01:00","date_gmt":"2025-01-15T07:01:00","guid":{"rendered":"https:\/\/www.opinionpublica.tv\/portada\/?p=51438"},"modified":"2025-01-14T20:47:56","modified_gmt":"2025-01-15T03:47:56","slug":"publica-gaceta-municipal-el-plan-municipal-de-desarrollo-2024-2027","status":"publish","type":"post","link":"https:\/\/www.opinionpublica.tv\/portada\/publica-gaceta-municipal-el-plan-municipal-de-desarrollo-2024-2027\/","title":{"rendered":"Publica Gaceta Municipal el Plan Municipal de Desarrollo 2024-2027 de Ciudad Ju\u00e1rez"},"content":{"rendered":"\n<figure class=\"wp-block-image size-large\"><img fetchpriority=\"high\" decoding=\"async\" width=\"1024\" height=\"682\" src=\"https:\/\/www.opinionpublica.tv\/portada\/wp-content\/uploads\/2025\/01\/Publica-Gaceta-Municipal-el-Plan-Municipal-de-Desarrollo-2024-2027-de-Ciudad-Juarez-1024x682.jpeg\" alt=\"Publica Gaceta Municipal El Plan Municipal De Desarrollo 2024 2027 De Ciudad Jua\u0301rez\" class=\"wp-image-51442\" srcset=\"https:\/\/www.opinionpublica.tv\/portada\/wp-content\/uploads\/2025\/01\/Publica-Gaceta-Municipal-el-Plan-Municipal-de-Desarrollo-2024-2027-de-Ciudad-Juarez-1024x682.jpeg 1024w, https:\/\/www.opinionpublica.tv\/portada\/wp-content\/uploads\/2025\/01\/Publica-Gaceta-Municipal-el-Plan-Municipal-de-Desarrollo-2024-2027-de-Ciudad-Juarez-300x200.jpeg 300w, https:\/\/www.opinionpublica.tv\/portada\/wp-content\/uploads\/2025\/01\/Publica-Gaceta-Municipal-el-Plan-Municipal-de-Desarrollo-2024-2027-de-Ciudad-Juarez-768x512.jpeg 768w, https:\/\/www.opinionpublica.tv\/portada\/wp-content\/uploads\/2025\/01\/Publica-Gaceta-Municipal-el-Plan-Municipal-de-Desarrollo-2024-2027-de-Ciudad-Juarez-1536x1023.jpeg 1536w, https:\/\/www.opinionpublica.tv\/portada\/wp-content\/uploads\/2025\/01\/Publica-Gaceta-Municipal-el-Plan-Municipal-de-Desarrollo-2024-2027-de-Ciudad-Juarez.jpeg 1600w\" sizes=\"(max-width: 1024px) 100vw, 1024px\" \/><\/figure>\n\n\n\n<p class=\"wp-block-paragraph\"><em>Ciudad Ju\u00e1rez, Chih<\/em>.- La Gaceta Municipal public\u00f3 el Plan Municipal de Desarrollo (PMD) que se implementar\u00e1 en la presente administraci\u00f3n durante los pr\u00f3ximos tres a\u00f1os, dio a conocer Emilio Flores Dom\u00ednguez, director general de Planeaci\u00f3n y Evaluaci\u00f3n.<\/p>\n\n\n\n<p class=\"wp-block-paragraph\">El PMD es el documento que tiene mayor legitimidad en la historia de Ju\u00e1rez por ser la consulta ciudadana en la que m\u00e1s personas participan, adem\u00e1s es el documento rector que traza los objetivos, las estrategias y las l\u00edneas de acci\u00f3n con las cuales se busca atender las problem\u00e1ticas p\u00fablicas de esta ciudad durante los pr\u00f3ximos tres a\u00f1os, explic\u00f3.<\/p>\n\n\n\n<p class=\"wp-block-paragraph\">Destac\u00f3 que para la creaci\u00f3n del plan se llevaron a cabo los \u201cDi\u00e1logos por el cambio de Ju\u00e1rez\u201d, a trav\u00e9s del cual se recibieron y analizaron 65 mil 605 encuestas, as\u00ed como 3 mil 314 propuestas ciudadanas, coordinado por la dependencia a su cargo.<\/p>\n\n\n\n<p class=\"wp-block-paragraph\">Adem\u00e1s se desarrollaron cinco foros denominados \u201cEncuentros Ciudadanos\u201d, donde participaron 13 exponentes expertos, quienes compartieron sus conocimientos con 2 mil 234 ciudadanos.<\/p>\n\n\n\n<p class=\"wp-block-paragraph\">Para dise\u00f1ar el Plan Municipal de Desarrollo se tomaron en cuenta los 100 Pasos para la Transformaci\u00f3n de la Presidenta de M\u00e9xico, Claudia Sheinbaum, as\u00ed como las propuestas emitidas por el alcalde Cruz P\u00e9rez Cu\u00e9llar.<\/p>\n\n\n\n<p class=\"wp-block-paragraph\">Tambi\u00e9n se analiz\u00f3 la agenda 2030 de la Organizaci\u00f3n de las Naciones Unidas y la Visi\u00f3n Ciudad Ju\u00e1rez 2040 (ONU-H\u00c1BITAT), detall\u00f3.<\/p>\n\n\n\n<p class=\"wp-block-paragraph\">Mencion\u00f3 que el PMD contiene 10 cap\u00edtulos, tres ejes transversales, cinco ejes de Gobierno y 29 programas de Gobierno, los cuales contemplan 19 objetivos, 62 estrategias y 190 l\u00edneas de acci\u00f3n, as\u00ed como 33 indicadores que miden sus resultados.<\/p>\n","protected":false},"excerpt":{"rendered":"<p>Ciudad Ju\u00e1rez, Chih.- La Gaceta Municipal public\u00f3 el Plan Municipal de Desarrollo (PMD) que se implementar\u00e1 en la presente administraci\u00f3n durante los pr\u00f3ximos tres a\u00f1os, dio a conocer Emilio Flores Dom\u00ednguez, director general de Planeaci\u00f3n y Evaluaci\u00f3n. El PMD es el documento que tiene mayor legitimidad en la historia de Ju\u00e1rez por ser la consulta [&hellip;]<\/p>\n","protected":false},"author":6,"featured_media":51442,"comment_status":"open","ping_status":"open","sticky":false,"template":"","format":"standard","meta":{"_acf_changed":false,"_monsterinsights_skip_tracking":false,"slim_seo":{"title":"Publica Gaceta Municipal el Plan Municipal de Desarrollo 2024-2027 de Ciudad Ju\u00e1rez - Opini\u00f3n P\u00fablica","description":"Ciudad Ju\u00e1rez, Chih .- La Gaceta Municipal public\u00f3 el Plan Municipal de Desarrollo (PMD) que se implementar\u00e1 en la presente administraci\u00f3n durante los pr\u00f3ximos"},"footnotes":""},"categories":[41],"tags":[],"class_list":["post-51438","post","type-post","status-publish","format-standard","has-post-thumbnail","hentry","category-juarez"],"acf":[],"_links":{"self":[{"href":"https:\/\/www.opinionpublica.tv\/portada\/wp-json\/wp\/v2\/posts\/51438","targetHints":{"allow":["GET"]}}],"collection":[{"href":"https:\/\/www.opinionpublica.tv\/portada\/wp-json\/wp\/v2\/posts"}],"about":[{"href":"https:\/\/www.opinionpublica.tv\/portada\/wp-json\/wp\/v2\/types\/post"}],"author":[{"embeddable":true,"href":"https:\/\/www.opinionpublica.tv\/portada\/wp-json\/wp\/v2\/users\/6"}],"replies":[{"embeddable":true,"href":"https:\/\/www.opinionpublica.tv\/portada\/wp-json\/wp\/v2\/comments?post=51438"}],"version-history":[{"count":3,"href":"https:\/\/www.opinionpublica.tv\/portada\/wp-json\/wp\/v2\/posts\/51438\/revisions"}],"predecessor-version":[{"id":51443,"href":"https:\/\/www.opinionpublica.tv\/portada\/wp-json\/wp\/v2\/posts\/51438\/revisions\/51443"}],"wp:featuredmedia":[{"embeddable":true,"href":"https:\/\/www.opinionpublica.tv\/portada\/wp-json\/wp\/v2\/media\/51442"}],"wp:attachment":[{"href":"https:\/\/www.opinionpublica.tv\/portada\/wp-json\/wp\/v2\/media?parent=51438"}],"wp:term":[{"taxonomy":"category","embeddable":true,"href":"https:\/\/www.opinionpublica.tv\/portada\/wp-json\/wp\/v2\/categories?post=51438"},{"taxonomy":"post_tag","embeddable":true,"href":"https:\/\/www.opinionpublica.tv\/portada\/wp-json\/wp\/v2\/tags?post=51438"}],"curies":[{"name":"wp","href":"https:\/\/api.w.org\/{rel}","templated":true}]}}