{"id":51425,"date":"2025-01-15T00:01:00","date_gmt":"2025-01-15T07:01:00","guid":{"rendered":"https:\/\/www.opinionpublica.tv\/portada\/?p=51425"},"modified":"2025-01-14T20:36:57","modified_gmt":"2025-01-15T03:36:57","slug":"incorpora-maru-a-la-cientifica-nadia-zenteno-al-instituto-de-desarrollo-tecnologico","status":"publish","type":"post","link":"https:\/\/www.opinionpublica.tv\/portada\/incorpora-maru-a-la-cientifica-nadia-zenteno-al-instituto-de-desarrollo-tecnologico\/","title":{"rendered":"Incorpora gobernadora a la cient\u00edfica juarense Nadia Zenteno al Cenaltec"},"content":{"rendered":"\n<figure class=\"wp-block-image size-large\"><img fetchpriority=\"high\" decoding=\"async\" width=\"1024\" height=\"682\" src=\"https:\/\/www.opinionpublica.tv\/portada\/wp-content\/uploads\/2025\/01\/Incorpora-gobernadora-a-la-cientifica-juarense-Nadia-Zenteno-al-Cenaltec-1024x682.jpeg\" alt=\"Incorpora Gobernadora A La Cienti\u0301fica Juarense Nadia Zenteno Al Cenaltec\" class=\"wp-image-51430\" srcset=\"https:\/\/www.opinionpublica.tv\/portada\/wp-content\/uploads\/2025\/01\/Incorpora-gobernadora-a-la-cientifica-juarense-Nadia-Zenteno-al-Cenaltec-1024x682.jpeg 1024w, https:\/\/www.opinionpublica.tv\/portada\/wp-content\/uploads\/2025\/01\/Incorpora-gobernadora-a-la-cientifica-juarense-Nadia-Zenteno-al-Cenaltec-300x200.jpeg 300w, https:\/\/www.opinionpublica.tv\/portada\/wp-content\/uploads\/2025\/01\/Incorpora-gobernadora-a-la-cientifica-juarense-Nadia-Zenteno-al-Cenaltec-768x511.jpeg 768w, https:\/\/www.opinionpublica.tv\/portada\/wp-content\/uploads\/2025\/01\/Incorpora-gobernadora-a-la-cientifica-juarense-Nadia-Zenteno-al-Cenaltec-1536x1022.jpeg 1536w, https:\/\/www.opinionpublica.tv\/portada\/wp-content\/uploads\/2025\/01\/Incorpora-gobernadora-a-la-cientifica-juarense-Nadia-Zenteno-al-Cenaltec.jpeg 1600w\" sizes=\"(max-width: 1024px) 100vw, 1024px\" \/><\/figure>\n\n\n\n<p class=\"wp-block-paragraph\"><em>Chihuahua, Chih<\/em>.- La gobernadora Maru Campos, dio la bienvenida al Gobierno del Estado a la cient\u00edfica chihuahuense Nadia Zenteno, quien fungir\u00e1 como colaboradora en el Centro de Entrenamiento en Alta Tecnolog\u00eda (Cenaltec).<\/p>\n\n\n\n<p class=\"wp-block-paragraph\">Tras recibirla en su despacho, la mandataria expres\u00f3 su felicitaci\u00f3n a la juarense de 28 a\u00f1os de edad, a quien el mes octubre de 2024, la Administraci\u00f3n Nacional de Aeron\u00e1utica y el Espacio (NASA, por sus siglas en ingl\u00e9s) le envi\u00f3 al espacio su proyecto, que consiste en una aleaci\u00f3n avanzada de materiales.<\/p>\n\n\n\n<p class=\"wp-block-paragraph\">Dicha aleaci\u00f3n est\u00e1 dise\u00f1ada para soportar las extremas condiciones espaciales de radiaci\u00f3n, microgravedad y temperaturas variables, y es probada en el m\u00f3dulo de experimentos MISSE (Materials International Space Station Experiment), que permite evaluar materiales en el ambiente espacial sin los efectos de la atm\u00f3sfera terrestre.<\/p>\n\n\n\n<p class=\"wp-block-paragraph\">\u201cBienvenida a este gran equipo de Gobierno del Estado, pero sobre todo, muy bienvenida a tu estado, a este estado grande, donde se hacen posibles los sue\u00f1os cuando le echamos verano. Somos grandes los chihuahuenses\u201d, le expres\u00f3 la mandataria.<\/p>\n\n\n\n<p class=\"wp-block-paragraph\">Durante el encuentro, que tuvo lugar en el despacho del Ejecutivo, en Palacio de Gobierno, hablaron sobre los avances y retos del sector aeroespacial, la ciencia, as\u00ed como las oportunidades de crecimiento e innovaci\u00f3n para Chihuahua, uno de los estados m\u00e1s din\u00e1micos en el desarrollo de esta industria en M\u00e9xico.<\/p>\n\n\n\n<p class=\"wp-block-paragraph\">\u201cChihuahua ha sido promotor as\u00ed como l\u00edder del pa\u00eds y tenemos que seguir invirtiendo en investigaci\u00f3n, que es fundamental. Yo creo mucho en la investigaci\u00f3n como insumo y como diagn\u00f3stico para todo\u201d, abund\u00f3 Maru Campos.<\/p>\n\n\n\n<p class=\"wp-block-paragraph\">Expres\u00f3 que el logro de Nadia Zenteno, no solo pone a Chihuahua en el mapa mundial, sino que tambi\u00e9n abre nuevas oportunidades para el desarrollo de la ciencia y la tecnolog\u00eda en el estado.<\/p>\n\n\n\n<p class=\"wp-block-paragraph\">Asegur\u00f3 que el Gobierno del Estado continuar\u00e1 trabajando para fomentar la educaci\u00f3n y la investigaci\u00f3n cient\u00edfica, con el apoyo a talentos locales que como Zenteno, impulsan el progreso de la humanidad.<\/p>\n\n\n\n<p class=\"wp-block-paragraph\">\u201cNos da mucho orgullo, porque habla mucho de la historia de Chihuahua y donde quiera que est\u00e9s en el mundo recuerda siempre a Chihuahua, tu cultura, tu historia, tu estado\u201d, enfatiz\u00f3 Maru Campos.<\/p>\n\n\n\n<p class=\"wp-block-paragraph\">Por su parte, Zenteno agradeci\u00f3 a la gobernadora por el impulso brindado.<\/p>\n","protected":false},"excerpt":{"rendered":"<p>Chihuahua, Chih.- La gobernadora Maru Campos, dio la bienvenida al Gobierno del Estado a la cient\u00edfica chihuahuense Nadia Zenteno, quien fungir\u00e1 como colaboradora en el Centro de Entrenamiento en Alta Tecnolog\u00eda (Cenaltec). Tras recibirla en su despacho, la mandataria expres\u00f3 su felicitaci\u00f3n a la juarense de 28 a\u00f1os de edad, a quien el mes octubre [&hellip;]<\/p>\n","protected":false},"author":6,"featured_media":51430,"comment_status":"open","ping_status":"open","sticky":false,"template":"","format":"standard","meta":{"_acf_changed":false,"_monsterinsights_skip_tracking":false,"slim_seo":{"title":"Incorpora gobernadora a la cient\u00edfica juarense Nadia Zenteno al Cenaltec - Opini\u00f3n P\u00fablica","description":"Chihuahua, Chih .- La gobernadora Maru Campos, dio la bienvenida al Gobierno del Estado a la cient\u00edfica chihuahuense Nadia Zenteno, quien fungir\u00e1 como colaborad"},"footnotes":""},"categories":[11],"tags":[],"class_list":["post-51425","post","type-post","status-publish","format-standard","has-post-thumbnail","hentry","category-tendencias"],"acf":[],"_links":{"self":[{"href":"https:\/\/www.opinionpublica.tv\/portada\/wp-json\/wp\/v2\/posts\/51425","targetHints":{"allow":["GET"]}}],"collection":[{"href":"https:\/\/www.opinionpublica.tv\/portada\/wp-json\/wp\/v2\/posts"}],"about":[{"href":"https:\/\/www.opinionpublica.tv\/portada\/wp-json\/wp\/v2\/types\/post"}],"author":[{"embeddable":true,"href":"https:\/\/www.opinionpublica.tv\/portada\/wp-json\/wp\/v2\/users\/6"}],"replies":[{"embeddable":true,"href":"https:\/\/www.opinionpublica.tv\/portada\/wp-json\/wp\/v2\/comments?post=51425"}],"version-history":[{"count":3,"href":"https:\/\/www.opinionpublica.tv\/portada\/wp-json\/wp\/v2\/posts\/51425\/revisions"}],"predecessor-version":[{"id":51431,"href":"https:\/\/www.opinionpublica.tv\/portada\/wp-json\/wp\/v2\/posts\/51425\/revisions\/51431"}],"wp:featuredmedia":[{"embeddable":true,"href":"https:\/\/www.opinionpublica.tv\/portada\/wp-json\/wp\/v2\/media\/51430"}],"wp:attachment":[{"href":"https:\/\/www.opinionpublica.tv\/portada\/wp-json\/wp\/v2\/media?parent=51425"}],"wp:term":[{"taxonomy":"category","embeddable":true,"href":"https:\/\/www.opinionpublica.tv\/portada\/wp-json\/wp\/v2\/categories?post=51425"},{"taxonomy":"post_tag","embeddable":true,"href":"https:\/\/www.opinionpublica.tv\/portada\/wp-json\/wp\/v2\/tags?post=51425"}],"curies":[{"name":"wp","href":"https:\/\/api.w.org\/{rel}","templated":true}]}}