{"id":51411,"date":"2025-01-15T00:01:00","date_gmt":"2025-01-15T07:01:00","guid":{"rendered":"https:\/\/www.opinionpublica.tv\/portada\/?p=51411"},"modified":"2025-01-14T19:51:21","modified_gmt":"2025-01-15T02:51:21","slug":"video-evangelio-de-hoy-miercoles-15-de-enero-de-2025","status":"publish","type":"post","link":"https:\/\/www.opinionpublica.tv\/portada\/video-evangelio-de-hoy-miercoles-15-de-enero-de-2025\/","title":{"rendered":"Video: Evangelio de hoy, mi\u00e9rcoles 15 de enero de 2025"},"content":{"rendered":"\n<figure class=\"wp-block-embed is-type-video is-provider-youtube wp-block-embed-youtube wp-embed-aspect-16-9 wp-has-aspect-ratio\"><div class=\"wp-block-embed__wrapper\">\n<iframe title=\"Evangelio de Hoy Miercoles 15 de Enero de 2025 | REFLEXI\u00d3N | Red Catolica\" width=\"800\" height=\"450\" src=\"https:\/\/www.youtube.com\/embed\/qmCq1pGbQX0?feature=oembed\" frameborder=\"0\" allow=\"accelerometer; autoplay; clipboard-write; encrypted-media; gyroscope; picture-in-picture; web-share\" referrerpolicy=\"strict-origin-when-cross-origin\" allowfullscreen><\/iframe>\n<\/div><\/figure>\n\n\n\n<p class=\"wp-block-paragraph\"><em>\u201cDar\u00e1 a luz un hijo, y t\u00fa le pondr\u00e1s por nombre Jes\u00fas.\u201d Mt 1, 18-24.<\/em><\/p>\n\n\n\n<p class=\"wp-block-paragraph\"><strong>Reflexiones para este mi\u00e9rcoles<\/strong><\/p>\n\n\n\n<p class=\"wp-block-paragraph\">1. Se\u00f1or, dame el esp\u00edritu generoso y obediente de san Jos\u00e9 para vivir mi vocaci\u00f3n cristiana con esa misma magnanimidad.<\/p>\n\n\n\n<p class=\"wp-block-paragraph\">2. Con una brevedad telegr\u00e1fica, San Mateo nos cuenta en diez vers\u00edculos lo que ocurri\u00f3 desde la concepci\u00f3n al nacimiento de Jes\u00fas.<\/p>\n\n\n\n<p class=\"wp-block-paragraph\">3. Llama la atenci\u00f3n que lo que resalta de este per\u00edodo, a diferencia de San Lucas, es la dif\u00edcil situaci\u00f3n en que se encontr\u00f3 Jos\u00e9.<\/p>\n","protected":false},"excerpt":{"rendered":"<p>\u201cDar\u00e1 a luz un hijo, y t\u00fa le pondr\u00e1s por nombre Jes\u00fas.\u201d Mt 1, 18-24. Reflexiones para este mi\u00e9rcoles 1. Se\u00f1or, dame el esp\u00edritu generoso y obediente de san Jos\u00e9 para vivir mi vocaci\u00f3n cristiana con esa misma magnanimidad. 2. Con una brevedad telegr\u00e1fica, San Mateo nos cuenta en diez vers\u00edculos lo que ocurri\u00f3 desde [&hellip;]<\/p>\n","protected":false},"author":6,"featured_media":51412,"comment_status":"open","ping_status":"open","sticky":false,"template":"","format":"standard","meta":{"_acf_changed":false,"_monsterinsights_skip_tracking":false,"slim_seo":{"title":"Video: Evangelio de hoy, mi\u00e9rcoles 15 de enero de 2025 - Opini\u00f3n P\u00fablica","description":"https:\/\/youtu.be\/qmCq1pGbQX0?si=ar1y-v8sd1c4EFE8 \u201cDar\u00e1 a luz un hijo, y t\u00fa le pondr\u00e1s por nombre Jes\u00fas.\u201d Mt 1, 18-24. Reflexiones para este mi\u00e9rcoles 1. Se\u00f1or,"},"footnotes":""},"categories":[2,13,8],"tags":[],"class_list":["post-51411","post","type-post","status-publish","format-standard","has-post-thumbnail","hentry","category-videos-destacados","category-videos-destacados-contenido","category-videos"],"acf":[],"_links":{"self":[{"href":"https:\/\/www.opinionpublica.tv\/portada\/wp-json\/wp\/v2\/posts\/51411","targetHints":{"allow":["GET"]}}],"collection":[{"href":"https:\/\/www.opinionpublica.tv\/portada\/wp-json\/wp\/v2\/posts"}],"about":[{"href":"https:\/\/www.opinionpublica.tv\/portada\/wp-json\/wp\/v2\/types\/post"}],"author":[{"embeddable":true,"href":"https:\/\/www.opinionpublica.tv\/portada\/wp-json\/wp\/v2\/users\/6"}],"replies":[{"embeddable":true,"href":"https:\/\/www.opinionpublica.tv\/portada\/wp-json\/wp\/v2\/comments?post=51411"}],"version-history":[{"count":1,"href":"https:\/\/www.opinionpublica.tv\/portada\/wp-json\/wp\/v2\/posts\/51411\/revisions"}],"predecessor-version":[{"id":51413,"href":"https:\/\/www.opinionpublica.tv\/portada\/wp-json\/wp\/v2\/posts\/51411\/revisions\/51413"}],"wp:featuredmedia":[{"embeddable":true,"href":"https:\/\/www.opinionpublica.tv\/portada\/wp-json\/wp\/v2\/media\/51412"}],"wp:attachment":[{"href":"https:\/\/www.opinionpublica.tv\/portada\/wp-json\/wp\/v2\/media?parent=51411"}],"wp:term":[{"taxonomy":"category","embeddable":true,"href":"https:\/\/www.opinionpublica.tv\/portada\/wp-json\/wp\/v2\/categories?post=51411"},{"taxonomy":"post_tag","embeddable":true,"href":"https:\/\/www.opinionpublica.tv\/portada\/wp-json\/wp\/v2\/tags?post=51411"}],"curies":[{"name":"wp","href":"https:\/\/api.w.org\/{rel}","templated":true}]}}