{"id":51395,"date":"2025-01-15T00:01:00","date_gmt":"2025-01-15T07:01:00","guid":{"rendered":"https:\/\/www.opinionpublica.tv\/portada\/?p=51395"},"modified":"2025-01-14T19:28:35","modified_gmt":"2025-01-15T02:28:35","slug":"embajador-representara-a-mexico-en-toma-de-protesta-de-trump-sheinbaum","status":"publish","type":"post","link":"https:\/\/www.opinionpublica.tv\/portada\/embajador-representara-a-mexico-en-toma-de-protesta-de-trump-sheinbaum\/","title":{"rendered":"&#8216;Embajador representar\u00e1 a M\u00e9xico en toma de protesta de Trump&#8217;; se\u00f1ala Sheinbaum"},"content":{"rendered":"\n<figure class=\"wp-block-image size-large\"><img fetchpriority=\"high\" decoding=\"async\" width=\"1024\" height=\"683\" src=\"https:\/\/www.opinionpublica.tv\/portada\/wp-content\/uploads\/2025\/01\/Embajador-representara-a-Mexico-en-toma-de-protesta-de-Trump-senala-Sheinbaum-1024x683.jpg\" alt=\"'embajador Representara\u0301 A Me\u0301xico En Toma De Protesta De Trump'; Sen\u0303ala Sheinbaum\" class=\"wp-image-51399\" srcset=\"https:\/\/www.opinionpublica.tv\/portada\/wp-content\/uploads\/2025\/01\/Embajador-representara-a-Mexico-en-toma-de-protesta-de-Trump-senala-Sheinbaum-1024x683.jpg 1024w, https:\/\/www.opinionpublica.tv\/portada\/wp-content\/uploads\/2025\/01\/Embajador-representara-a-Mexico-en-toma-de-protesta-de-Trump-senala-Sheinbaum-300x200.jpg 300w, https:\/\/www.opinionpublica.tv\/portada\/wp-content\/uploads\/2025\/01\/Embajador-representara-a-Mexico-en-toma-de-protesta-de-Trump-senala-Sheinbaum-768x512.jpg 768w, https:\/\/www.opinionpublica.tv\/portada\/wp-content\/uploads\/2025\/01\/Embajador-representara-a-Mexico-en-toma-de-protesta-de-Trump-senala-Sheinbaum.jpg 1200w\" sizes=\"(max-width: 1024px) 100vw, 1024px\" \/><\/figure>\n\n\n\n<p class=\"wp-block-paragraph\">La presidenta de M\u00e9xico, Claudia Sheinbaum Pardo confirm\u00f3 que ser\u00e1 el embajador de M\u00e9xico en Estados Unidos, Esteban Moctezuma quien asista el pr\u00f3ximo 20 de enero a la toma de protesta de Donald Trump como presidente de los Estados Unidos.<\/p>\n\n\n\n<p class=\"wp-block-paragraph\">Cuestionada al final de la rueda de prensa matutina, Sheinbaum minimiz\u00f3 que no se haya recibido a\u00fan una invitaci\u00f3n personal para acudir al acto protocolario que se desarrollar\u00e1 en Washington.<\/p>\n\n\n\n<p class=\"wp-block-paragraph\">No, no pasa nada. No pasa nada, est\u00e1 ah\u00ed el embajador de M\u00e9xico en Estados Unidos, no hay problema\u201d, expuso Sheinbaum.<\/p>\n\n\n\n<p class=\"wp-block-paragraph\">\u00bfCu\u00e1ndo y por donde ver la toma de protesta de Donald Trump?<\/p>\n\n\n\n<p class=\"wp-block-paragraph\">Este nuevo mandato que estar\u00e1 por asumir Donald Trump como presidente de Estados Unidos tendr\u00e1 como sede el Capitolio de Washington DC, el pr\u00f3ximo 20 de enero a las 12:00 pm, hora del este, en M\u00e9xico, la transmisi\u00f3n iniciar\u00e1 una hora antes a las 11:00 de la ma\u00f1ana.<\/p>\n\n\n\n<p class=\"wp-block-paragraph\">La ceremonia, a la que se le conoce oficialmente como el D\u00eda de la Inauguraci\u00f3n Presidencial, ser\u00e1 transmitida en vivo a trav\u00e9s de la p\u00e1gina oficial de la Casa Blanca en el siguiente enlace: https:\/\/www.whitehouse.gov\/live\/. El republicano estar\u00e1 al frente de EU durante cuatro a\u00f1os m\u00e1s, luego de haberlo estado de enero de 2017 a enero de 2021. Ser\u00e1 el presidente n\u00famero 47 y el de mayor edad en la historia de ese pa\u00eds. (Exc\u00e9lsior)<\/p>\n","protected":false},"excerpt":{"rendered":"<p>La presidenta de M\u00e9xico, Claudia Sheinbaum Pardo confirm\u00f3 que ser\u00e1 el embajador de M\u00e9xico en Estados Unidos, Esteban Moctezuma quien asista el pr\u00f3ximo 20 de enero a la toma de protesta de Donald Trump como presidente de los Estados Unidos. Cuestionada al final de la rueda de prensa matutina, Sheinbaum minimiz\u00f3 que no se haya [&hellip;]<\/p>\n","protected":false},"author":6,"featured_media":51399,"comment_status":"open","ping_status":"open","sticky":false,"template":"","format":"standard","meta":{"_acf_changed":false,"_monsterinsights_skip_tracking":false,"slim_seo":{"title":"'Embajador representar\u00e1 a M\u00e9xico en toma de protesta de Trump'; se\u00f1ala Sheinbaum - Opini\u00f3n P\u00fablica","description":"La presidenta de M\u00e9xico, Claudia Sheinbaum Pardo confirm\u00f3 que ser\u00e1 el embajador de M\u00e9xico en Estados Unidos, Esteban Moctezuma quien asista el pr\u00f3ximo 20 de ene"},"footnotes":""},"categories":[4],"tags":[],"class_list":["post-51395","post","type-post","status-publish","format-standard","has-post-thumbnail","hentry","category-pulsopolitico"],"acf":[],"_links":{"self":[{"href":"https:\/\/www.opinionpublica.tv\/portada\/wp-json\/wp\/v2\/posts\/51395","targetHints":{"allow":["GET"]}}],"collection":[{"href":"https:\/\/www.opinionpublica.tv\/portada\/wp-json\/wp\/v2\/posts"}],"about":[{"href":"https:\/\/www.opinionpublica.tv\/portada\/wp-json\/wp\/v2\/types\/post"}],"author":[{"embeddable":true,"href":"https:\/\/www.opinionpublica.tv\/portada\/wp-json\/wp\/v2\/users\/6"}],"replies":[{"embeddable":true,"href":"https:\/\/www.opinionpublica.tv\/portada\/wp-json\/wp\/v2\/comments?post=51395"}],"version-history":[{"count":4,"href":"https:\/\/www.opinionpublica.tv\/portada\/wp-json\/wp\/v2\/posts\/51395\/revisions"}],"predecessor-version":[{"id":51400,"href":"https:\/\/www.opinionpublica.tv\/portada\/wp-json\/wp\/v2\/posts\/51395\/revisions\/51400"}],"wp:featuredmedia":[{"embeddable":true,"href":"https:\/\/www.opinionpublica.tv\/portada\/wp-json\/wp\/v2\/media\/51399"}],"wp:attachment":[{"href":"https:\/\/www.opinionpublica.tv\/portada\/wp-json\/wp\/v2\/media?parent=51395"}],"wp:term":[{"taxonomy":"category","embeddable":true,"href":"https:\/\/www.opinionpublica.tv\/portada\/wp-json\/wp\/v2\/categories?post=51395"},{"taxonomy":"post_tag","embeddable":true,"href":"https:\/\/www.opinionpublica.tv\/portada\/wp-json\/wp\/v2\/tags?post=51395"}],"curies":[{"name":"wp","href":"https:\/\/api.w.org\/{rel}","templated":true}]}}