{"id":51353,"date":"2025-01-14T00:01:00","date_gmt":"2025-01-14T07:01:00","guid":{"rendered":"https:\/\/www.opinionpublica.tv\/portada\/?p=51353"},"modified":"2025-01-13T19:45:32","modified_gmt":"2025-01-14T02:45:32","slug":"este-miercoles-se-realizara-el-foro-de-consulta-del-plan-nacional-de-desarrollo","status":"publish","type":"post","link":"https:\/\/www.opinionpublica.tv\/portada\/este-miercoles-se-realizara-el-foro-de-consulta-del-plan-nacional-de-desarrollo\/","title":{"rendered":"Este mi\u00e9rcoles ser\u00e1 en Ju\u00e1rez el Foro de Consulta del Plan Nacional de Desarrollo"},"content":{"rendered":"\n<figure class=\"wp-block-image size-large\"><img fetchpriority=\"high\" decoding=\"async\" width=\"1024\" height=\"799\" src=\"https:\/\/www.opinionpublica.tv\/portada\/wp-content\/uploads\/2025\/01\/Este-miercoles-sera-en-Juarez-el-Foro-de-Consulta-del-Plan-Nacional-de-Desarrollo-1024x799.png\" alt=\"Este Mie\u0301rcoles Sera\u0301 En Jua\u0301rez El Foro De Consulta Del Plan Nacional De Desarrollo\" class=\"wp-image-51358\" srcset=\"https:\/\/www.opinionpublica.tv\/portada\/wp-content\/uploads\/2025\/01\/Este-miercoles-sera-en-Juarez-el-Foro-de-Consulta-del-Plan-Nacional-de-Desarrollo-1024x799.png 1024w, https:\/\/www.opinionpublica.tv\/portada\/wp-content\/uploads\/2025\/01\/Este-miercoles-sera-en-Juarez-el-Foro-de-Consulta-del-Plan-Nacional-de-Desarrollo-300x234.png 300w, https:\/\/www.opinionpublica.tv\/portada\/wp-content\/uploads\/2025\/01\/Este-miercoles-sera-en-Juarez-el-Foro-de-Consulta-del-Plan-Nacional-de-Desarrollo-768x599.png 768w, https:\/\/www.opinionpublica.tv\/portada\/wp-content\/uploads\/2025\/01\/Este-miercoles-sera-en-Juarez-el-Foro-de-Consulta-del-Plan-Nacional-de-Desarrollo.png 1038w\" sizes=\"(max-width: 1024px) 100vw, 1024px\" \/><\/figure>\n\n\n\n<p class=\"wp-block-paragraph\"><em>Ciudad Ju\u00e1rez, Chih<\/em>.- Este mi\u00e9rcoles 15 de enero se llevar\u00e1 a cabo en Ciudad Ju\u00e1rez el Foro de Consulta del Plan Nacional de Desarrollo \u201cRep\u00fablica de para las Mujeres\u201d que forma parte del dise\u00f1o que aplicar\u00e1 la Presidenta Claudia Sheinbaum Pardo.<\/p>\n\n\n\n<p class=\"wp-block-paragraph\">El evento se llevar\u00e1 a cabo en el Centro de Convenciones Cibeles y ser\u00e1 encabezado por el presidente municipal, Cruz P\u00e9rez Cu\u00e9llar; la secretaria de las Mujeres, Citlalli Hern\u00e1ndez Mora, as\u00ed como otras autoridades nacionales, estatales y representantes de organismos no gubernamentales.<\/p>\n\n\n\n<p class=\"wp-block-paragraph\">El foro dar\u00e1 inicio a las 10:00 de la ma\u00f1ana y concluir\u00e1 aproximadamente a la 1:00 de la tarde, tiempo en que se realizar\u00e1n cuatro mesas de trabajo simult\u00e1neas.<\/p>\n\n\n\n<p class=\"wp-block-paragraph\">En esta se abordar\u00e1n los temas: \u201cDerecho a una vida libre de violencia\u201d, \u201cSistema progresivo de cuidados\u201d, \u201cAutonom\u00eda econ\u00f3mica y brecha salarial\u201d, as\u00ed como \u201cLas mujeres y el territorio\u201d.<\/p>\n\n\n\n<p class=\"wp-block-paragraph\">Algunos consisten en la infraestructura y servicios del sistema de cuidados, divisi\u00f3n sexual del trabajo y la atenci\u00f3n efectiva a las causas.<\/p>\n\n\n\n<p class=\"wp-block-paragraph\">De acuerdo con el programa, los ponentes ser\u00e1n Ingrid G\u00f3mez, de la Secretar\u00eda de la Mujer; Marcela Figueroa, secretaria ejecutiva del Sistema Nacional de Seguridad P\u00fablica; Imelda Marrufo, coordinadora de Red Mesa de Mujeres y Zo\u00e9 Robledo, director general del Instituto Mexicano del Seguro Social (IMSS).<\/p>\n\n\n\n<p class=\"wp-block-paragraph\">Tambi\u00e9n participar\u00e1n como ponentes Mariana Perla Rojas, jefa de la Unidad de Atenci\u00f3n a Poblaci\u00f3n Vulnerable; Mar\u00eda Elvira Concheiro, de la Secretar\u00eda de las Mujeres; Norma Yadira Lozano, coordinadora de la Fundaci\u00f3n del Empresariado Chihuahuense; as\u00ed como Yanet Sof\u00eda Herrera, directora de Derechos de las Mujeres Ind\u00edgenas y Afromexicanas del Instituto Nacional de los Pueblos Ind\u00edgenas, adem\u00e1s de Luisa Ortiz, magistrada numeraria del Tribunal Superior Agrario.<\/p>\n","protected":false},"excerpt":{"rendered":"<p>Ciudad Ju\u00e1rez, Chih.- Este mi\u00e9rcoles 15 de enero se llevar\u00e1 a cabo en Ciudad Ju\u00e1rez el Foro de Consulta del Plan Nacional de Desarrollo \u201cRep\u00fablica de para las Mujeres\u201d que forma parte del dise\u00f1o que aplicar\u00e1 la Presidenta Claudia Sheinbaum Pardo. El evento se llevar\u00e1 a cabo en el Centro de Convenciones Cibeles y ser\u00e1 [&hellip;]<\/p>\n","protected":false},"author":6,"featured_media":51358,"comment_status":"open","ping_status":"open","sticky":false,"template":"","format":"standard","meta":{"_acf_changed":false,"_monsterinsights_skip_tracking":false,"slim_seo":{"title":"Este mi\u00e9rcoles ser\u00e1 en Ju\u00e1rez el Foro de Consulta del Plan Nacional de Desarrollo - Opini\u00f3n P\u00fablica","description":"Ciudad Ju\u00e1rez, Chih .- Este mi\u00e9rcoles 15 de enero se llevar\u00e1 a cabo en Ciudad Ju\u00e1rez el Foro de Consulta del Plan Nacional de Desarrollo \u201cRep\u00fablica de para las"},"footnotes":""},"categories":[41],"tags":[],"class_list":["post-51353","post","type-post","status-publish","format-standard","has-post-thumbnail","hentry","category-juarez"],"acf":[],"_links":{"self":[{"href":"https:\/\/www.opinionpublica.tv\/portada\/wp-json\/wp\/v2\/posts\/51353","targetHints":{"allow":["GET"]}}],"collection":[{"href":"https:\/\/www.opinionpublica.tv\/portada\/wp-json\/wp\/v2\/posts"}],"about":[{"href":"https:\/\/www.opinionpublica.tv\/portada\/wp-json\/wp\/v2\/types\/post"}],"author":[{"embeddable":true,"href":"https:\/\/www.opinionpublica.tv\/portada\/wp-json\/wp\/v2\/users\/6"}],"replies":[{"embeddable":true,"href":"https:\/\/www.opinionpublica.tv\/portada\/wp-json\/wp\/v2\/comments?post=51353"}],"version-history":[{"count":3,"href":"https:\/\/www.opinionpublica.tv\/portada\/wp-json\/wp\/v2\/posts\/51353\/revisions"}],"predecessor-version":[{"id":51359,"href":"https:\/\/www.opinionpublica.tv\/portada\/wp-json\/wp\/v2\/posts\/51353\/revisions\/51359"}],"wp:featuredmedia":[{"embeddable":true,"href":"https:\/\/www.opinionpublica.tv\/portada\/wp-json\/wp\/v2\/media\/51358"}],"wp:attachment":[{"href":"https:\/\/www.opinionpublica.tv\/portada\/wp-json\/wp\/v2\/media?parent=51353"}],"wp:term":[{"taxonomy":"category","embeddable":true,"href":"https:\/\/www.opinionpublica.tv\/portada\/wp-json\/wp\/v2\/categories?post=51353"},{"taxonomy":"post_tag","embeddable":true,"href":"https:\/\/www.opinionpublica.tv\/portada\/wp-json\/wp\/v2\/tags?post=51353"}],"curies":[{"name":"wp","href":"https:\/\/api.w.org\/{rel}","templated":true}]}}