{"id":51331,"date":"2025-01-14T00:01:00","date_gmt":"2025-01-14T07:01:00","guid":{"rendered":"https:\/\/www.opinionpublica.tv\/portada\/?p=51331"},"modified":"2025-01-13T19:27:57","modified_gmt":"2025-01-14T02:27:57","slug":"sheinbaum-presenta-el-plan-mexico-el-objetivo-es-seguir-haciendo-de-mexico-el-mejor-pais-del-mundo-dice","status":"publish","type":"post","link":"https:\/\/www.opinionpublica.tv\/portada\/sheinbaum-presenta-el-plan-mexico-el-objetivo-es-seguir-haciendo-de-mexico-el-mejor-pais-del-mundo-dice\/","title":{"rendered":"Presidenta Sheinbaum presenta el Plan M\u00e9xico: &#8216;El objetivo es seguir haciendo de M\u00e9xico el mejor pa\u00eds del mundo&#8217;"},"content":{"rendered":"\n<figure class=\"wp-block-image size-full\"><img fetchpriority=\"high\" decoding=\"async\" width=\"1100\" height=\"666\" src=\"https:\/\/www.opinionpublica.tv\/portada\/wp-content\/uploads\/2025\/01\/Presidenta-Sheinbaum-presenta-el-Plan-Mexico-El-objetivo-es-seguir-haciendo-de-Mexico-el-mejor-pais-del-mundo.avif\" alt=\"Presidenta Sheinbaum Presenta El Plan Me\u0301xico 'el Objetivo Es Seguir Haciendo De Me\u0301xico El Mejor Pai\u0301s Del Mundo'\" class=\"wp-image-51335\"\/><\/figure>\n\n\n\n<p class=\"wp-block-paragraph\"><em>Ciudad de M\u00e9xico<\/em>.- La presidenta Claudia Sheinbaum Pardo present\u00f3 este lunes 23 de enero el Plan M\u00e9xico que, dijo, \u201cla idea es que todas y todos seamos parte de esta visi\u00f3n del M\u00e9xico del presente y del M\u00e9xico del futuro\u201d.<\/p>\n\n\n\n<p class=\"wp-block-paragraph\">En el Museo Nacional de Antropolog\u00eda, Sheinbaum Pardo refiri\u00f3 que los objetivos del Plan M\u00e9xico son elevar contenido nacional y regional en sectores estrat\u00e9gicos; incrementar el valor agregado en proveedur\u00eda local y cadenas globales; desarrollo de vocaciones regionales en los polos de bienestar y corredores industriales.<\/p>\n\n\n\n<p class=\"wp-block-paragraph\">Ante integrantes de su gabinete, empresarios y representantes de los estados, la Presidenta mencion\u00f3 entre los objetivos tambi\u00e9n determinar prioridades nacionales locales y extranjeras que respondan a necesidades de competitividad y bienestar del pa\u00eds; e integraci\u00f3n del continente.<\/p>\n\n\n\n<p class=\"wp-block-paragraph\">\u201cEl objetivo es seguir haciendo de M\u00e9xico el mejor pa\u00eds del mundo\u201d, se\u00f1al\u00f3.<\/p>\n\n\n\n<p class=\"wp-block-paragraph\">La misi\u00f3n, mencion\u00f3 la Presidenta, es tener un plan de largo plazo para los pr\u00f3ximos seis a\u00f1os. \u201cEl plan est\u00e1 bastante aterrizado\u201d, expres\u00f3 al mencionar que otro objetivo con el Plan es reducir las importaciones, que se produzca m\u00e1s en M\u00e9xico, \u201cno solamente para nuestro mercado sino para el regional\u201d.<\/p>\n\n\n\n<p class=\"wp-block-paragraph\">La misi\u00f3n, mencion\u00f3 la Presidenta, es tener un plan de largo plazo para los pr\u00f3ximos seis a\u00f1os. \u201cEl plan est\u00e1 bastante aterrizado\u201d, expres\u00f3 al mencionar que otro objetivo con el Plan es reducir las importaciones, que se produzca m\u00e1s en M\u00e9xico, \u201cno solamente para nuestro mercado, sino para el regional\u201d.<\/p>\n\n\n\n<p class=\"wp-block-paragraph\">\u201cNuestro objetivo es disminuir la pobreza, pero que cada uno de los mexicanos y mexicanas sepa que hay plan, hay desarrollo, que frente a cualquier incertidumbre que venga en el futuro pr\u00f3ximo, M\u00e9xico tiene un plan y est\u00e1 unido hacia adelante\u201d, declar\u00f3.<\/p>\n\n\n\n<p class=\"wp-block-paragraph\">En lo que calific\u00f3 como \u201cmetas ambiciosas\u201d, la presidenta Claudia Sheinbaum mencion\u00f3 que se busca ser la econom\u00eda 10 a nivel mundial, elevar la proporci\u00f3n de inversi\u00f3n respecto al PIB; tener 1.5 millones de pesos adicionales en manufactura especializada y en sectores estrat\u00e9gicos; 50 % de la proveedur\u00eda y el consumo nacional ser\u00e1n hechos en M\u00e9xico en los sectores textil, calzado, mobiliario y juguetes; y m\u00e1s de 15% de contenido nacional en cadenas globales de valor en los sectores automotriz, aeroespacial, electr\u00f3nico, semiconductores, farmac\u00e9utico, y qu\u00edmico, entre otros.<\/p>\n\n\n\n<p class=\"wp-block-paragraph\">Tambi\u00e9n dijo que 50% de las compras p\u00fablicas ser\u00e1n de producci\u00f3n nacional y una herramienta de desarrollo; vacunas hechas en M\u00e9xico; de 2.6 a un a\u00f1o se reducir\u00e1 el tiempo total para concretar una inversi\u00f3n, 50% menos tr\u00e1mites y requisitos en una sola ventanilla \u00fanica de inversiones digital; 150 profesionistas y t\u00e9cnicos anuales con formaci\u00f3n continua alineada a sectores estrat\u00e9gicos y 100% de educaci\u00f3n dual en media superior t\u00e9cnica; sostenibilidad ambiental empresarial; 30% de PYMES con acceso a financiamiento; y ser uno de los 5 pa\u00edses m\u00e1s visitados a nivel mundial.<\/p>\n\n\n\n<p class=\"wp-block-paragraph\">Destac\u00f3 que 2024 cerr\u00f3 con buenos indicadores, unas reservas internacionales del Banco de M\u00e9xico hist\u00f3ricas, reducci\u00f3n de la pobreza, aumento del salario m\u00ednimo y una recaudaci\u00f3n fiscal hist\u00f3rica que aument\u00f3 4.5% en t\u00e9rminos reales.<\/p>\n\n\n\n<p class=\"wp-block-paragraph\">Agreg\u00f3 que el pa\u00eds pas\u00f3 a ser la econom\u00eda n\u00famero 12 a nivel mundial y que somos el principal socio comercial de Estados Unidos: \u201cEl T-MEC se va a mantener porque ha demostrado ser uno de los mejores tratados de la historia, ha beneficiado a los tres pa\u00edses\u201d.<\/p>\n\n\n\n<p class=\"wp-block-paragraph\">Entre las estrategias de fomento industrial, la titular del Ejecutivo mencion\u00f3 decretos en materia de nearshoring, polos de bienestar y reglas de operaci\u00f3n de programas de banca de desarrollo.<\/p>\n\n\n\n<p class=\"wp-block-paragraph\">Tambi\u00e9n mencion\u00f3 inversi\u00f3n p\u00fablica en energ\u00eda, agua, transporte, formaci\u00f3n profesional y vivienda p\u00fablica.<\/p>\n\n\n\n<p class=\"wp-block-paragraph\">Anunci\u00f3 un calendario para los pr\u00f3ximos meses \u201cy queremos tener cada mes una presentaci\u00f3n\u201d. Incluye, para el 17 de enero, la presentaci\u00f3n de la iniciativa de Ley Nacional de Simplificaci\u00f3n y Digitalizaci\u00f3n.<\/p>\n\n\n\n<p class=\"wp-block-paragraph\">Altagracia G\u00f3mez Sierra, coordinadora del Consejo Asesor de Desarrollo Econ\u00f3mico, hizo una invitaci\u00f3n a la creaci\u00f3n de empleo, valorar el comercio justo, fortalecer la resiliencia de las cadenas de valor, ayudar a mejorar el est\u00e1ndar de vida de los j\u00f3venes y aportar por la seguridad y sostenibilidad dentro de las inversiones.<\/p>\n\n\n\n<p class=\"wp-block-paragraph\">G\u00f3mez Sierra se dijo optimista para este 2025 en el crecimiento del pa\u00eds, pese a diversas complejidades como las pol\u00edticas arancelarias de Estados Unidos: \u201cLas empresas de M\u00e9xico son resilientes\u201d.<\/p>\n\n\n\n<p class=\"wp-block-paragraph\">Para aterrizar el Plan M\u00e9xico, G\u00f3mez Sierra le dijo a los empresarios que \u201clos necesitamos\u201d y les pidi\u00f3 que piensen y act\u00faen en grande, trabajar en conjunto para concretar la estrategia nacional de industrializaci\u00f3n y confiar en M\u00e9xico.<\/p>\n\n\n\n<p class=\"wp-block-paragraph\">\u201cLa invitaci\u00f3n es a que elijan M\u00e9xico\u201d, dijo.<\/p>\n\n\n\n<p class=\"wp-block-paragraph\">En pol\u00edtica exterior, el Plan se\u00f1ala tratados comerciales, pol\u00edtica arancelaria e inteligencia aduanal.<\/p>\n\n\n\n<p class=\"wp-block-paragraph\"><em>Con informaci\u00f3n de El Universal<\/em>.<\/p>\n","protected":false},"excerpt":{"rendered":"<p>Ciudad de M\u00e9xico.- La presidenta Claudia Sheinbaum Pardo present\u00f3 este lunes 23 de enero el Plan M\u00e9xico que, dijo, \u201cla idea es que todas y todos seamos parte de esta visi\u00f3n del M\u00e9xico del presente y del M\u00e9xico del futuro\u201d. En el Museo Nacional de Antropolog\u00eda, Sheinbaum Pardo refiri\u00f3 que los objetivos del Plan M\u00e9xico [&hellip;]<\/p>\n","protected":false},"author":6,"featured_media":51335,"comment_status":"open","ping_status":"open","sticky":false,"template":"","format":"standard","meta":{"_acf_changed":false,"_monsterinsights_skip_tracking":false,"slim_seo":{"title":"Presidenta Sheinbaum presenta el Plan M\u00e9xico: 'El objetivo es seguir haciendo de M\u00e9xico el mejor pa\u00eds del mundo' - Opini\u00f3n P\u00fablica","description":"Ciudad de M\u00e9xico .- La presidenta Claudia Sheinbaum Pardo present\u00f3 este lunes 23 de enero el Plan M\u00e9xico que, dijo, \u201cla idea es que todas y todos seamos parte d"},"footnotes":""},"categories":[3],"tags":[],"class_list":["post-51331","post","type-post","status-publish","format-standard","has-post-thumbnail","hentry","category-principal"],"acf":[],"_links":{"self":[{"href":"https:\/\/www.opinionpublica.tv\/portada\/wp-json\/wp\/v2\/posts\/51331","targetHints":{"allow":["GET"]}}],"collection":[{"href":"https:\/\/www.opinionpublica.tv\/portada\/wp-json\/wp\/v2\/posts"}],"about":[{"href":"https:\/\/www.opinionpublica.tv\/portada\/wp-json\/wp\/v2\/types\/post"}],"author":[{"embeddable":true,"href":"https:\/\/www.opinionpublica.tv\/portada\/wp-json\/wp\/v2\/users\/6"}],"replies":[{"embeddable":true,"href":"https:\/\/www.opinionpublica.tv\/portada\/wp-json\/wp\/v2\/comments?post=51331"}],"version-history":[{"count":4,"href":"https:\/\/www.opinionpublica.tv\/portada\/wp-json\/wp\/v2\/posts\/51331\/revisions"}],"predecessor-version":[{"id":51337,"href":"https:\/\/www.opinionpublica.tv\/portada\/wp-json\/wp\/v2\/posts\/51331\/revisions\/51337"}],"wp:featuredmedia":[{"embeddable":true,"href":"https:\/\/www.opinionpublica.tv\/portada\/wp-json\/wp\/v2\/media\/51335"}],"wp:attachment":[{"href":"https:\/\/www.opinionpublica.tv\/portada\/wp-json\/wp\/v2\/media?parent=51331"}],"wp:term":[{"taxonomy":"category","embeddable":true,"href":"https:\/\/www.opinionpublica.tv\/portada\/wp-json\/wp\/v2\/categories?post=51331"},{"taxonomy":"post_tag","embeddable":true,"href":"https:\/\/www.opinionpublica.tv\/portada\/wp-json\/wp\/v2\/tags?post=51331"}],"curies":[{"name":"wp","href":"https:\/\/api.w.org\/{rel}","templated":true}]}}