{"id":51311,"date":"2025-01-14T00:01:00","date_gmt":"2025-01-14T07:01:00","guid":{"rendered":"https:\/\/www.opinionpublica.tv\/portada\/?p=51311"},"modified":"2025-01-13T18:41:59","modified_gmt":"2025-01-14T01:41:59","slug":"un-poco-de-libros","status":"publish","type":"post","link":"https:\/\/www.opinionpublica.tv\/portada\/un-poco-de-libros\/","title":{"rendered":"Un poco de libros"},"content":{"rendered":"\n<h4 class=\"wp-block-heading\">Luis Villegas<\/h4>\n\n\n\n<p class=\"wp-block-paragraph\">___________________________<\/p>\n\n\n\n<p class=\"wp-block-paragraph\">Est\u00e1 tan mal la situaci\u00f3n en el pa\u00eds: la deuda externa, la inseguridad, la violencia, la corrupci\u00f3n y la estupidez de un mont\u00f3n de gente \u2014que, o no se da cuenta (los tontos \u00fatiles), o no se quiere dar cuenta (los hip\u00f3critas, casi todos est\u00e1n trabajando en gobiernos morenistas), o no se puede dar cuenta (los imb\u00e9ciles, que son la gran mayor\u00eda, el populacho)\u2014, que esta semana mejor me voy a hacer el disimulado, o el tarugo, como si las cosas marcharan vientos en popa, y les cuento un poquito de qu\u00e9 le\u00ed este diciembre.<\/p>\n\n\n\n<p class=\"wp-block-paragraph\">Vaya primero una aclaraci\u00f3n: podr\u00eda estar triste, pero no lo estoy. No lo estoy porque, aunque no le\u00ed lo que pude y quer\u00eda haber le\u00eddo, lo poquito que le\u00ed fue magn\u00edfico y sirvi\u00f3 para lo que sirve leer, aligerar el esp\u00edritu y echar a volar el alma, tomando prestados las manos, los ojos, los o\u00eddos, el aliento, del autor.<\/p>\n\n\n\n<p class=\"wp-block-paragraph\">Segundo, no le\u00ed porque me la pas\u00e9 escribiendo, o revisando viejos textos, y eso siempre resulta estimulante. Por cierto, dice el Adolfo que va a pensar con toda seriedad si me publican \u00e9l y su novia, Laura, mi pr\u00f3xima novela, porque est\u00e1n proyectando fundar una editorial. \u00a1No puedo decirles lo feliz y orgulloso que me siento!<\/p>\n\n\n\n<p class=\"wp-block-paragraph\">Que dos chamacos que, juntos, apenas suman cincuenta a\u00f1os de edad, est\u00e9n ocup\u00e1ndose en ese tipo de cosas resulta \u2014me voy a repetir\u2014, estimulante por donde se le mire. Podr\u00edan estar perdiendo el tiempo en un mont\u00f3n de babosadas, pero no, est\u00e1n viendo como crear una empresa vinculada con el saber y la cultura. En fin, enhorabuena por ellos.<\/p>\n\n\n\n<p class=\"wp-block-paragraph\">Vale, a lo que \u00edbamos, lo primero que le\u00ed el pasado mes de diciembre fue un ensayo maravilloso de Jorge Volpi, La invenci\u00f3n de todas las cosas. No hallo palabras. Hace unos cuantos a\u00f1os escrib\u00ed: \u201cEn m\u00e1s de un sentido, la \u00faltima obra de Jorge Volpi es \u201cuna novela criminal\u201d \u2014\u00e9se es el t\u00edtulo de la \u201cnovela\u201d que le mereci\u00f3 ganar a su autor el premio Alfaguara de este a\u00f1o\u2014 [\u2026] \u00bfPor qu\u00e9 lo digo?<\/p>\n\n\n\n<p class=\"wp-block-paragraph\">Porque me decepcion\u00f3 horrores [\u2026] Conste que no tiene nada que ver con su hechura, lo he escrito muchas veces, para m\u00ed, Volpi es, hoy por hoy, el mejor escritor mexicano de nuestro tiempo; me molesta, me exaspera, me enerva \u2014eso s\u00ed\u2014, que un escrito que no es novela, se titule pomposamente de ese modo y haya ganado el primer lugar en un prestigiado concurso de ese g\u00e9nero, precisamente\u201d.<\/p>\n\n\n\n<p class=\"wp-block-paragraph\">Lo repito: Jorge Volpi es uno de los mejores escritores mexicanos contempor\u00e1neos, pero, como todo el mundo, no todo lo que escribe es necesariamente bueno; pues si en Una novela criminal me qued\u00f3 a deber, en La invenci\u00f3n de todas las cosas, lo pag\u00f3 con creces. Si no ha le\u00eddo el ensayo, h\u00e1galo ahora, es una recopilaci\u00f3n de acontecimientos hist\u00f3ricos que van del g\u00e9nesis a la f\u00edsica moderna, vertebrados por una sola idea: el mundo es una ficci\u00f3n.<\/p>\n\n\n\n<p class=\"wp-block-paragraph\">Luego le\u00ed Los alemanes, de Sergio del Molino; que sea el premio Alfaguara 2024 no es garant\u00eda de nada, ya lo vimos con Volpi, pero definitivamente vale la pena. Es una reflexi\u00f3n con varios matices sobre el amor filiar, la lealtad, la dignidad, la culpa; entreverada con una historia ver\u00eddica, en 1916, en plena Primera Guerra Mundial, llegaron a C\u00e1diz dos barcos con m\u00e1s de seiscientos alemanes provenientes del Camer\u00fan; se hab\u00edan entregado en la frontera de Guinea a la autoridad colonial; ello, porque Espa\u00f1a era un pa\u00eds neutral: \u201cCon una intriga que crece p\u00e1gina a p\u00e1gina, Los alemanes trata uno de los episodios m\u00e1s vergonzosos y menos expurgados de la historia de Espa\u00f1a: c\u00f3mo los nazis refugiados aqu\u00ed en un retiro dorado activaron el neonazismo en Alemania.<\/p>\n\n\n\n<p class=\"wp-block-paragraph\">Con sutileza alumbra el infierno que puede llegar a ser, en ocasiones, la familia, y deja en el aire dos preguntas inc\u00f3modas: \u00bfCu\u00e1ndo caducan las culpas de los padres? \u00bfLlega hasta los hijos la obligaci\u00f3n de redimirlas?\u201d. Fant\u00e1stica.<\/p>\n\n\n\n<p class=\"wp-block-paragraph\">Por \u00faltimo, le\u00ed la \u00faltima obra de Arturo P\u00e9rez-Reverte, La isla de la mujer dormida; buen\u00edsima. A ver, hablando de calidad, de contenidos, los dos primeros textos son maravillosos; \u00e9sta es s\u00f3lo una novela de impecable manufactura y bastante entretenida; adem\u00e1s, se aprende un poquito sobre algunos aspectos singulares de la Guerra Civil espa\u00f1ola. Si tiene tiempo, l\u00e9ala.<\/p>\n\n\n\n<p class=\"wp-block-paragraph\">Ya ve, desconectarse de la realidad puede ser bastante complicado; pero entre estar inmerso en el mundo idiota de Facebook, TikTok o MORENA, o perderse en el c\u00e1lido \u2014y a veces inquietante\u2014 refugio de las letras y atisbar otros mundos, expurgar otros universos, cruzar cielos y mares sin moverse del sof\u00e1, esta \u00faltima experiencia resulta inigualable. Lo dicho en otro lado: Feliz 2025 y que Dios nos agarre confesados.<\/p>\n\n\n\n<p class=\"wp-block-paragraph\">Cont\u00e1cteme a trav\u00e9s de mi correo electr\u00f3nico o s\u00edgame en los medios que gentilmente me publican, en Facebook o tambi\u00e9n en mi blog: https:\/\/unareflexionpersonal.wordpress.com\/.<\/p>\n\n\n\n<p class=\"wp-block-paragraph\">Luis Villegas Montes.<\/p>\n\n\n\n<p class=\"wp-block-paragraph\">luvimo6608@gmail.com, luvimo6614@hotmail.com<\/p>\n","protected":false},"excerpt":{"rendered":"<p>Luis Villegas ___________________________ Est\u00e1 tan mal la situaci\u00f3n en el pa\u00eds: la deuda externa, la inseguridad, la violencia, la corrupci\u00f3n y la estupidez de un mont\u00f3n de gente \u2014que, o no se da cuenta (los tontos \u00fatiles), o no se quiere dar cuenta (los hip\u00f3critas, casi todos est\u00e1n trabajando en gobiernos morenistas), o no se [&hellip;]<\/p>\n","protected":false},"author":6,"featured_media":45647,"comment_status":"open","ping_status":"open","sticky":false,"template":"","format":"standard","meta":{"_acf_changed":false,"_monsterinsights_skip_tracking":false,"slim_seo":{"title":"Un poco de libros - Opini\u00f3n P\u00fablica","description":"Luis Villegas ___________________________ Est\u00e1 tan mal la situaci\u00f3n en el pa\u00eds: la deuda externa, la inseguridad, la violencia, la corrupci\u00f3n y la estupidez de"},"footnotes":""},"categories":[19],"tags":[78],"class_list":["post-51311","post","type-post","status-publish","format-standard","has-post-thumbnail","hentry","category-principal-columnas","tag-luis-villegas"],"acf":[],"_links":{"self":[{"href":"https:\/\/www.opinionpublica.tv\/portada\/wp-json\/wp\/v2\/posts\/51311","targetHints":{"allow":["GET"]}}],"collection":[{"href":"https:\/\/www.opinionpublica.tv\/portada\/wp-json\/wp\/v2\/posts"}],"about":[{"href":"https:\/\/www.opinionpublica.tv\/portada\/wp-json\/wp\/v2\/types\/post"}],"author":[{"embeddable":true,"href":"https:\/\/www.opinionpublica.tv\/portada\/wp-json\/wp\/v2\/users\/6"}],"replies":[{"embeddable":true,"href":"https:\/\/www.opinionpublica.tv\/portada\/wp-json\/wp\/v2\/comments?post=51311"}],"version-history":[{"count":2,"href":"https:\/\/www.opinionpublica.tv\/portada\/wp-json\/wp\/v2\/posts\/51311\/revisions"}],"predecessor-version":[{"id":51313,"href":"https:\/\/www.opinionpublica.tv\/portada\/wp-json\/wp\/v2\/posts\/51311\/revisions\/51313"}],"wp:featuredmedia":[{"embeddable":true,"href":"https:\/\/www.opinionpublica.tv\/portada\/wp-json\/wp\/v2\/media\/45647"}],"wp:attachment":[{"href":"https:\/\/www.opinionpublica.tv\/portada\/wp-json\/wp\/v2\/media?parent=51311"}],"wp:term":[{"taxonomy":"category","embeddable":true,"href":"https:\/\/www.opinionpublica.tv\/portada\/wp-json\/wp\/v2\/categories?post=51311"},{"taxonomy":"post_tag","embeddable":true,"href":"https:\/\/www.opinionpublica.tv\/portada\/wp-json\/wp\/v2\/tags?post=51311"}],"curies":[{"name":"wp","href":"https:\/\/api.w.org\/{rel}","templated":true}]}}