{"id":51292,"date":"2025-01-13T00:01:00","date_gmt":"2025-01-13T07:01:00","guid":{"rendered":"https:\/\/www.opinionpublica.tv\/portada\/?p=51292"},"modified":"2025-01-12T15:09:18","modified_gmt":"2025-01-12T22:09:18","slug":"programa-juntos-por-nuestra-identidad-beneficio-a-1-mil-500-familias-indigenas","status":"publish","type":"post","link":"https:\/\/www.opinionpublica.tv\/portada\/programa-juntos-por-nuestra-identidad-beneficio-a-1-mil-500-familias-indigenas\/","title":{"rendered":"&#8216;Juntos por Nuestra Identidad lleva apoyo&#8217; a 1 mil 500 familias ind\u00edgenas"},"content":{"rendered":"\n<figure class=\"wp-block-image size-large\"><img fetchpriority=\"high\" decoding=\"async\" width=\"1024\" height=\"682\" src=\"https:\/\/www.opinionpublica.tv\/portada\/wp-content\/uploads\/2025\/01\/Juntos-por-Nuestra-Identidad-lleva-apoyo-a-1-mil-500-familias-indigenas-1024x682.jpeg\" alt=\"'juntos Por Nuestra Identidad Lleva Apoyo' A 1 Mil 500 Familias Indi\u0301genas\" class=\"wp-image-51296\" srcset=\"https:\/\/www.opinionpublica.tv\/portada\/wp-content\/uploads\/2025\/01\/Juntos-por-Nuestra-Identidad-lleva-apoyo-a-1-mil-500-familias-indigenas-1024x682.jpeg 1024w, https:\/\/www.opinionpublica.tv\/portada\/wp-content\/uploads\/2025\/01\/Juntos-por-Nuestra-Identidad-lleva-apoyo-a-1-mil-500-familias-indigenas-300x200.jpeg 300w, https:\/\/www.opinionpublica.tv\/portada\/wp-content\/uploads\/2025\/01\/Juntos-por-Nuestra-Identidad-lleva-apoyo-a-1-mil-500-familias-indigenas-768x512.jpeg 768w, https:\/\/www.opinionpublica.tv\/portada\/wp-content\/uploads\/2025\/01\/Juntos-por-Nuestra-Identidad-lleva-apoyo-a-1-mil-500-familias-indigenas-1536x1023.jpeg 1536w, https:\/\/www.opinionpublica.tv\/portada\/wp-content\/uploads\/2025\/01\/Juntos-por-Nuestra-Identidad-lleva-apoyo-a-1-mil-500-familias-indigenas.jpeg 1600w\" sizes=\"(max-width: 1024px) 100vw, 1024px\" \/><\/figure>\n\n\n\n<p class=\"wp-block-paragraph\"><em>Creel, Chih<\/em>.- El programa Juntos por Nuestra Identidad, de la Secretar\u00eda de Pueblos y Comunidades Ind\u00edgenas (SPyCI), ha beneficiado a m\u00e1s de mil 500 familias en 30 poblaciones ind\u00edgenas de zonas rurales y urbanas, con acceso a servicios esenciales, apoyo alimentario y actividades comunitarias.<\/p>\n\n\n\n<p class=\"wp-block-paragraph\">Dentro de este esquema, el Registro Civil facilit\u00f3 la expedici\u00f3n de actas de nacimiento, matrimonio y defunci\u00f3n; Secretar\u00eda de Salud brind\u00f3 afiliaciones a programas, consultas m\u00e9dicas y vacunaci\u00f3n; Secretar\u00eda de Trabajo y Previsi\u00f3n Social orient\u00f3 en temas laborales y el Servicio Estatal de Empleo; el Instituto Chihuahuense de las Mujeres promovi\u00f3 la tarjeta \u201cJuntas Podemos Ahorrar\u201d.<\/p>\n\n\n\n<p class=\"wp-block-paragraph\">Asimismo el Instituto de Capacitaci\u00f3n para el Trabajo de Chihuahua (Icatech) ofreci\u00f3 cortes de cabello, la Secretar\u00eda de Desarrollo Urbano y Ecolog\u00eda don\u00f3 \u00e1rboles, la Fiscal\u00eda General del Estado expidi\u00f3 cartas de no antecedentes penales, y se brind\u00f3 asistencia jur\u00eddica.<\/p>\n\n\n\n<p class=\"wp-block-paragraph\">Cada jornada dio soluciones integrales que respondan a las necesidades m\u00e1s apremiantes de las comunidades ind\u00edgenas. Adem\u00e1s, se organizaron actividades recreativas para fortalecer el tejido social. Los eventos incluyeron pi\u00f1atas, dulces, brinca-brinca y din\u00e1micas de cuenta cuentos, creando espacios de convivencia familiar y celebrando la identidad cultural de las comunidades.<\/p>\n\n\n\n<p class=\"wp-block-paragraph\">El programa ha llegado a comunidades emblem\u00e1ticas como la colonia Tarahumara en Ju\u00e1rez, Revoluci\u00f3n en Delicias, San Andr\u00e9s en Parral, Napawika, Carlos Arroyo, Warij\u00f3, El Oasis, Ladrilleras Norte y muchas m\u00e1s en Chihuahua, con acciones reflejan el compromiso de Gobierno del Estado de atender las necesidades de los pueblos originarios, al darles acceso a derechos, recursos y oportunidades para construir un futuro m\u00e1s equitativo y lleno de esperanza.<\/p>\n","protected":false},"excerpt":{"rendered":"<p>Creel, Chih.- El programa Juntos por Nuestra Identidad, de la Secretar\u00eda de Pueblos y Comunidades Ind\u00edgenas (SPyCI), ha beneficiado a m\u00e1s de mil 500 familias en 30 poblaciones ind\u00edgenas de zonas rurales y urbanas, con acceso a servicios esenciales, apoyo alimentario y actividades comunitarias. Dentro de este esquema, el Registro Civil facilit\u00f3 la expedici\u00f3n de [&hellip;]<\/p>\n","protected":false},"author":6,"featured_media":51296,"comment_status":"open","ping_status":"open","sticky":false,"template":"","format":"standard","meta":{"_acf_changed":false,"_monsterinsights_skip_tracking":false,"slim_seo":{"title":"'Juntos por Nuestra Identidad lleva apoyo' a 1 mil 500 familias ind\u00edgenas - Opini\u00f3n P\u00fablica","description":"Creel, Chih .- El programa Juntos por Nuestra Identidad, de la Secretar\u00eda de Pueblos y Comunidades Ind\u00edgenas (SPyCI), ha beneficiado a m\u00e1s de mil 500 familias e"},"footnotes":""},"categories":[11],"tags":[],"class_list":["post-51292","post","type-post","status-publish","format-standard","has-post-thumbnail","hentry","category-tendencias"],"acf":[],"_links":{"self":[{"href":"https:\/\/www.opinionpublica.tv\/portada\/wp-json\/wp\/v2\/posts\/51292","targetHints":{"allow":["GET"]}}],"collection":[{"href":"https:\/\/www.opinionpublica.tv\/portada\/wp-json\/wp\/v2\/posts"}],"about":[{"href":"https:\/\/www.opinionpublica.tv\/portada\/wp-json\/wp\/v2\/types\/post"}],"author":[{"embeddable":true,"href":"https:\/\/www.opinionpublica.tv\/portada\/wp-json\/wp\/v2\/users\/6"}],"replies":[{"embeddable":true,"href":"https:\/\/www.opinionpublica.tv\/portada\/wp-json\/wp\/v2\/comments?post=51292"}],"version-history":[{"count":4,"href":"https:\/\/www.opinionpublica.tv\/portada\/wp-json\/wp\/v2\/posts\/51292\/revisions"}],"predecessor-version":[{"id":51297,"href":"https:\/\/www.opinionpublica.tv\/portada\/wp-json\/wp\/v2\/posts\/51292\/revisions\/51297"}],"wp:featuredmedia":[{"embeddable":true,"href":"https:\/\/www.opinionpublica.tv\/portada\/wp-json\/wp\/v2\/media\/51296"}],"wp:attachment":[{"href":"https:\/\/www.opinionpublica.tv\/portada\/wp-json\/wp\/v2\/media?parent=51292"}],"wp:term":[{"taxonomy":"category","embeddable":true,"href":"https:\/\/www.opinionpublica.tv\/portada\/wp-json\/wp\/v2\/categories?post=51292"},{"taxonomy":"post_tag","embeddable":true,"href":"https:\/\/www.opinionpublica.tv\/portada\/wp-json\/wp\/v2\/tags?post=51292"}],"curies":[{"name":"wp","href":"https:\/\/api.w.org\/{rel}","templated":true}]}}