{"id":51266,"date":"2025-01-13T00:01:00","date_gmt":"2025-01-13T07:01:00","guid":{"rendered":"https:\/\/www.opinionpublica.tv\/portada\/?p=51266"},"modified":"2025-01-12T14:20:07","modified_gmt":"2025-01-12T21:20:07","slug":"reitera-sheinbaum-primeros-centros-de-educacion-y-cuidado-infantil-en-juarez","status":"publish","type":"post","link":"https:\/\/www.opinionpublica.tv\/portada\/reitera-sheinbaum-primeros-centros-de-educacion-y-cuidado-infantil-en-juarez\/","title":{"rendered":"Reitera Sheinbaum primeros Centros de Educaci\u00f3n y Cuidado Infantil en Ju\u00e1rez"},"content":{"rendered":"\n<figure class=\"wp-block-image size-full\"><img fetchpriority=\"high\" decoding=\"async\" width=\"1006\" height=\"620\" src=\"https:\/\/www.opinionpublica.tv\/portada\/wp-content\/uploads\/2025\/01\/Reitera-Sheinbaum-primeros-Centros-de-Educacion-y-Cuidado-Infantil-en-Juarez.avif\" alt=\"Reitera Sheinbaum Primeros Centros De Educacio\u0301n Y Cuidado Infantil En Jua\u0301rez\" class=\"wp-image-51268\"\/><\/figure>\n\n\n\n<p class=\"wp-block-paragraph\"><em>Ciudad de M\u00e9xico<\/em>.- Durante su discurso de los primeros 100 d\u00edas de gobierno, la presidenta de M\u00e9xico, Claudia Sheinbaum Pardo, reiter\u00f3 el proyecto que mencion\u00f3 luego de que se inaugurar\u00e1 el Hospital de Especialidades en la Vicente Guerrero.<\/p>\n\n\n\n<p class=\"wp-block-paragraph\">La mandataria aprovech\u00f3 parte de su discurso de los primeros 100 d\u00edas de gobierno para reafirmar el proyecto de la construcci\u00f3n de 12 Centros de Educaci\u00f3n y Cuidado Infantil, en apoyo a mujeres trabajadoras de la frontera.<\/p>\n\n\n\n<p class=\"wp-block-paragraph\">Estos 12 centros ser\u00e1n los primeros que se implementen a nivel nacional.<\/p>\n\n\n\n<p class=\"wp-block-paragraph\">El proyecto, del que desde hace meses se ha informado su planeaci\u00f3n, fue anunciado en esta misma frontera el pasado 21 de diciembre, cuando Sheinbaum Pardo visit\u00f3 la ciudad para ser parte de la inauguraci\u00f3n del Hospital de Especialidades, en los terrenos del Exhip\u00f3dromo.<\/p>\n\n\n\n<p class=\"wp-block-paragraph\">Ante un z\u00f3calo capitalino abarrotado, este proyecto volvi\u00f3 a ser mencionado por Sheinbaum Pardo, quien destac\u00f3 que busca apoyar a las empleadas de la industria maquiladora y que ser\u00e1 llevado a cabo por el Instituto Mexicano del Seguro Social (IMSS) y el Sistema Nacional para el Desarrollo Integral de la Familia (DIF).<\/p>\n\n\n\n<p class=\"wp-block-paragraph\">La presidenta se\u00f1al\u00f3 el compromiso hist\u00f3rico que el gobierno federal tiene contra las mujeres juarenses, que han sido v\u00edctimas de distintas injusticias sociales e instituciona les a lo largo de la historia reciente.<\/p>\n","protected":false},"excerpt":{"rendered":"<p>Ciudad de M\u00e9xico.- Durante su discurso de los primeros 100 d\u00edas de gobierno, la presidenta de M\u00e9xico, Claudia Sheinbaum Pardo, reiter\u00f3 el proyecto que mencion\u00f3 luego de que se inaugurar\u00e1 el Hospital de Especialidades en la Vicente Guerrero. La mandataria aprovech\u00f3 parte de su discurso de los primeros 100 d\u00edas de gobierno para reafirmar el [&hellip;]<\/p>\n","protected":false},"author":6,"featured_media":51268,"comment_status":"open","ping_status":"open","sticky":false,"template":"","format":"standard","meta":{"_acf_changed":false,"_monsterinsights_skip_tracking":false,"slim_seo":{"title":"Reitera Sheinbaum primeros Centros de Educaci\u00f3n y Cuidado Infantil en Ju\u00e1rez - Opini\u00f3n P\u00fablica","description":"Ciudad de M\u00e9xico .- Durante su discurso de los primeros 100 d\u00edas de gobierno, la presidenta de M\u00e9xico, Claudia Sheinbaum Pardo, reiter\u00f3 el proyecto que mencion\u00f3"},"footnotes":""},"categories":[4],"tags":[],"class_list":["post-51266","post","type-post","status-publish","format-standard","has-post-thumbnail","hentry","category-pulsopolitico"],"acf":[],"_links":{"self":[{"href":"https:\/\/www.opinionpublica.tv\/portada\/wp-json\/wp\/v2\/posts\/51266","targetHints":{"allow":["GET"]}}],"collection":[{"href":"https:\/\/www.opinionpublica.tv\/portada\/wp-json\/wp\/v2\/posts"}],"about":[{"href":"https:\/\/www.opinionpublica.tv\/portada\/wp-json\/wp\/v2\/types\/post"}],"author":[{"embeddable":true,"href":"https:\/\/www.opinionpublica.tv\/portada\/wp-json\/wp\/v2\/users\/6"}],"replies":[{"embeddable":true,"href":"https:\/\/www.opinionpublica.tv\/portada\/wp-json\/wp\/v2\/comments?post=51266"}],"version-history":[{"count":2,"href":"https:\/\/www.opinionpublica.tv\/portada\/wp-json\/wp\/v2\/posts\/51266\/revisions"}],"predecessor-version":[{"id":51269,"href":"https:\/\/www.opinionpublica.tv\/portada\/wp-json\/wp\/v2\/posts\/51266\/revisions\/51269"}],"wp:featuredmedia":[{"embeddable":true,"href":"https:\/\/www.opinionpublica.tv\/portada\/wp-json\/wp\/v2\/media\/51268"}],"wp:attachment":[{"href":"https:\/\/www.opinionpublica.tv\/portada\/wp-json\/wp\/v2\/media?parent=51266"}],"wp:term":[{"taxonomy":"category","embeddable":true,"href":"https:\/\/www.opinionpublica.tv\/portada\/wp-json\/wp\/v2\/categories?post=51266"},{"taxonomy":"post_tag","embeddable":true,"href":"https:\/\/www.opinionpublica.tv\/portada\/wp-json\/wp\/v2\/tags?post=51266"}],"curies":[{"name":"wp","href":"https:\/\/api.w.org\/{rel}","templated":true}]}}