{"id":51025,"date":"2025-01-09T00:01:00","date_gmt":"2025-01-09T07:01:00","guid":{"rendered":"https:\/\/www.opinionpublica.tv\/portada\/?p=51025"},"modified":"2025-01-08T19:48:58","modified_gmt":"2025-01-09T02:48:58","slug":"cabildo-de-ciudad-juarez-aprueba-el-plan-de-desarrollo-municipal-2024-2027","status":"publish","type":"post","link":"https:\/\/www.opinionpublica.tv\/portada\/cabildo-de-ciudad-juarez-aprueba-el-plan-de-desarrollo-municipal-2024-2027\/","title":{"rendered":"Aprueba Cabildo de Ciudad Ju\u00e1rez el Plan de Desarrollo Municipal de 2024 a 2027"},"content":{"rendered":"\n<figure class=\"wp-block-image size-large\"><img fetchpriority=\"high\" decoding=\"async\" width=\"1024\" height=\"682\" src=\"https:\/\/www.opinionpublica.tv\/portada\/wp-content\/uploads\/2025\/01\/Cabildo-de-Ciudad-Juarez-aprueba-el-Plan-de-Desarrollo-Municipal-2024-2027-1024x682.jpeg\" alt=\"Cabildo De Ciudad Jua\u0301rez Aprueba El Plan De Desarrollo Municipal 2024 2027\" class=\"wp-image-51027\" srcset=\"https:\/\/www.opinionpublica.tv\/portada\/wp-content\/uploads\/2025\/01\/Cabildo-de-Ciudad-Juarez-aprueba-el-Plan-de-Desarrollo-Municipal-2024-2027-1024x682.jpeg 1024w, https:\/\/www.opinionpublica.tv\/portada\/wp-content\/uploads\/2025\/01\/Cabildo-de-Ciudad-Juarez-aprueba-el-Plan-de-Desarrollo-Municipal-2024-2027-300x200.jpeg 300w, https:\/\/www.opinionpublica.tv\/portada\/wp-content\/uploads\/2025\/01\/Cabildo-de-Ciudad-Juarez-aprueba-el-Plan-de-Desarrollo-Municipal-2024-2027-768x512.jpeg 768w, https:\/\/www.opinionpublica.tv\/portada\/wp-content\/uploads\/2025\/01\/Cabildo-de-Ciudad-Juarez-aprueba-el-Plan-de-Desarrollo-Municipal-2024-2027-1536x1023.jpeg 1536w, https:\/\/www.opinionpublica.tv\/portada\/wp-content\/uploads\/2025\/01\/Cabildo-de-Ciudad-Juarez-aprueba-el-Plan-de-Desarrollo-Municipal-2024-2027.jpeg 1600w\" sizes=\"(max-width: 1024px) 100vw, 1024px\" \/><\/figure>\n\n\n\n<p class=\"wp-block-paragraph\"><em>Ciudad Ju\u00e1rez, Chih<\/em>.- En la Sesi\u00f3n Ordinaria de Cabildo n\u00famero 8, los integrantes del Ayuntamiento autorizaron el Plan de Desarrollo Municipal 2024-2027 (PDM), con lo cual se da sentido, coherencia y rigor t\u00e9cnico a los ejes transversales, as\u00ed como todo aquello que ayude a fortalecer las acciones para que se tenga un gobierno humanista que de a la ciudadan\u00eda la certeza de una gesti\u00f3n eficiente.<\/p>\n\n\n\n<p class=\"wp-block-paragraph\">La regidora y coordinadora de la Comisi\u00f3n de Planeaci\u00f3n del Desarrollo Municipal, Gloria Roci\u00f3 Mirazo de la Rosa, coment\u00f3 que el PDM, junto con el Gobierno Municipal, tienen la obligaci\u00f3n de atender y dar respuesta a las demandas ciudadanas de manera eficaz.<\/p>\n\n\n\n<p class=\"wp-block-paragraph\">En el PDM, los funcionarios p\u00fablicos asumen el compromiso para seguir transformando el Municipio en uno que genere resultados para toda la ciudadan\u00eda.<\/p>\n\n\n\n<p class=\"wp-block-paragraph\">En la elaboraci\u00f3n del PMD, la participaci\u00f3n ciudadana fue transcendental, pues en las consultas p\u00fablicas que se organizaron, los juarenses dieron a conocer lo que quer\u00edan para esta ciudad.<\/p>\n\n\n\n<p class=\"wp-block-paragraph\">Los regidores Sandra Marbel Valenzuela Mart\u00ednez y Alejandro Daniel Acosta Avi\u00f1a, reconocieron el trabajo hecho por las dependencias municipales y la ciudadan\u00eda, ya que lo que buscan entre todos es mejorar la ciudad y la calidad de vida de la poblaci\u00f3n.<\/p>\n\n\n\n<p class=\"wp-block-paragraph\">Ante esto, el presidente municipal, Cruz P\u00e9rez Cu\u00e9llar, felicit\u00f3 a los integrantes de la Comisi\u00f3n de Planeaci\u00f3n del Desarrollo Municipal por el trabajo hecho, donde gracias a la participaci\u00f3n de la comunidad se obtuvieron 65 mil 605 encuestas y tres mil 314 propuestas ciudadanas.<\/p>\n\n\n\n<p class=\"wp-block-paragraph\">Los temas m\u00e1s recurrentes fueron pavimentaci\u00f3n y bacheo, atenci\u00f3n a ni\u00f1as, ni\u00f1os y adolescentes, participaci\u00f3n ciudadana y atenci\u00f3n a las mujeres.<\/p>\n\n\n\n<p class=\"wp-block-paragraph\">\u201cEste fue un esfuerzo muy importante que se hizo por medio de todos los involucrados\u201d, dijo el alcalde.<\/p>\n\n\n\n<p class=\"wp-block-paragraph\">Asegur\u00f3 que en el tema de Participaci\u00f3n Ciudadana, Ju\u00e1rez es el Municipio que m\u00e1s invierte en presupuesto participativo en todo M\u00e9xico, en t\u00e9rminos econ\u00f3micos y porcentuales, claro que a\u00fan quedan cosas por hacer y en ello se tiene que avanzar y trabajar para subsanar las carencias, pero el compromiso est\u00e1 ah\u00ed.<\/p>\n","protected":false},"excerpt":{"rendered":"<p>Ciudad Ju\u00e1rez, Chih.- En la Sesi\u00f3n Ordinaria de Cabildo n\u00famero 8, los integrantes del Ayuntamiento autorizaron el Plan de Desarrollo Municipal 2024-2027 (PDM), con lo cual se da sentido, coherencia y rigor t\u00e9cnico a los ejes transversales, as\u00ed como todo aquello que ayude a fortalecer las acciones para que se tenga un gobierno humanista que [&hellip;]<\/p>\n","protected":false},"author":6,"featured_media":51027,"comment_status":"open","ping_status":"open","sticky":false,"template":"","format":"standard","meta":{"_acf_changed":false,"_monsterinsights_skip_tracking":false,"slim_seo":{"title":"Aprueba Cabildo de Ciudad Ju\u00e1rez el Plan de Desarrollo Municipal de 2024 a 2027 - Opini\u00f3n P\u00fablica","description":"Ciudad Ju\u00e1rez, Chih .- En la Sesi\u00f3n Ordinaria de Cabildo n\u00famero 8, los integrantes del Ayuntamiento autorizaron el Plan de Desarrollo Municipal 2024-2027 (PDM),"},"footnotes":""},"categories":[41],"tags":[],"class_list":["post-51025","post","type-post","status-publish","format-standard","has-post-thumbnail","hentry","category-juarez"],"acf":[],"_links":{"self":[{"href":"https:\/\/www.opinionpublica.tv\/portada\/wp-json\/wp\/v2\/posts\/51025","targetHints":{"allow":["GET"]}}],"collection":[{"href":"https:\/\/www.opinionpublica.tv\/portada\/wp-json\/wp\/v2\/posts"}],"about":[{"href":"https:\/\/www.opinionpublica.tv\/portada\/wp-json\/wp\/v2\/types\/post"}],"author":[{"embeddable":true,"href":"https:\/\/www.opinionpublica.tv\/portada\/wp-json\/wp\/v2\/users\/6"}],"replies":[{"embeddable":true,"href":"https:\/\/www.opinionpublica.tv\/portada\/wp-json\/wp\/v2\/comments?post=51025"}],"version-history":[{"count":4,"href":"https:\/\/www.opinionpublica.tv\/portada\/wp-json\/wp\/v2\/posts\/51025\/revisions"}],"predecessor-version":[{"id":51031,"href":"https:\/\/www.opinionpublica.tv\/portada\/wp-json\/wp\/v2\/posts\/51025\/revisions\/51031"}],"wp:featuredmedia":[{"embeddable":true,"href":"https:\/\/www.opinionpublica.tv\/portada\/wp-json\/wp\/v2\/media\/51027"}],"wp:attachment":[{"href":"https:\/\/www.opinionpublica.tv\/portada\/wp-json\/wp\/v2\/media?parent=51025"}],"wp:term":[{"taxonomy":"category","embeddable":true,"href":"https:\/\/www.opinionpublica.tv\/portada\/wp-json\/wp\/v2\/categories?post=51025"},{"taxonomy":"post_tag","embeddable":true,"href":"https:\/\/www.opinionpublica.tv\/portada\/wp-json\/wp\/v2\/tags?post=51025"}],"curies":[{"name":"wp","href":"https:\/\/api.w.org\/{rel}","templated":true}]}}