{"id":51010,"date":"2025-01-09T00:01:00","date_gmt":"2025-01-09T07:01:00","guid":{"rendered":"https:\/\/www.opinionpublica.tv\/portada\/?p=51010"},"modified":"2025-01-08T19:34:10","modified_gmt":"2025-01-09T02:34:10","slug":"realme-gt-7-pro-un-celular-robusto-en-toda-la-extension-de-la-palabra","status":"publish","type":"post","link":"https:\/\/www.opinionpublica.tv\/portada\/realme-gt-7-pro-un-celular-robusto-en-toda-la-extension-de-la-palabra\/","title":{"rendered":"Realme GT 7 Pro: un celular muy robusto en toda la extensi\u00f3n de la palabra"},"content":{"rendered":"\n<figure class=\"wp-block-image size-full\"><img fetchpriority=\"high\" decoding=\"async\" width=\"1005\" height=\"620\" src=\"https:\/\/www.opinionpublica.tv\/portada\/wp-content\/uploads\/2025\/01\/Realme-GT-7-Pro-un-celular-muy-robusto-en-toda-la-extension-de-la-palabra.avif\" alt=\"Realme Gt 7 Pro Un Celular Muy Robusto En Toda La Extensio\u0301n De La Palabra\" class=\"wp-image-51012\"\/><\/figure>\n\n\n\n<p class=\"wp-block-paragraph\">A diferencia de otros modelos de celulares Realme, y tambi\u00e9n por la categor\u00eda a la que pertenece, el GT 7 Pro no solo luce robusto en su exterior, sino tambi\u00e9n en cada uno de sus componentes externos. Lo hemos probado, por lo que ha llegado el momento de darte nuestras primeras impresiones.<\/p>\n\n\n\n<p class=\"wp-block-paragraph\">El nuevo celular de la marca asi\u00e1tica ya lo puedes comprar en M\u00e9xico, desde una reconocida tienda de comercio electr\u00f3nico.<\/p>\n\n\n\n<p class=\"wp-block-paragraph\">Colores intensos<\/p>\n\n\n\n<p class=\"wp-block-paragraph\">Empecemos por el apartado multimedia, que involucra tanto las caracter\u00edsticas t\u00e9cnicas de la pantalla como toda la tecnolog\u00eda detr\u00e1s del panel.<\/p>\n\n\n\n<p class=\"wp-block-paragraph\">Respecto al despliegue del contenido, no hay queja, los colores lucen intensos y el nivel de contraste es el \u00f3ptimo, especialmente en lo que tiene que ver con la reproducci\u00f3n de series y pel\u00edculas de las principales plataformas de streaming, y clips de YouTube.<\/p>\n\n\n\n<p class=\"wp-block-paragraph\">Y es que hablamos de una pantalla que nace de la colaboraci\u00f3n entre Realme y Samsung para \u201cdesarrollar el primer smartphone plano Eco OLED Plus\u201d. Esta tiene especificaciones como Dolby Vision, HDR10+ para lograr tonos intensos, tasa de actualizaci\u00f3n de 120 Hz, resoluci\u00f3n 1.5K y brillo m\u00e1ximo de 6,500 nits.<\/p>\n\n\n\n<p class=\"wp-block-paragraph\">Todo ello est\u00e1 albergado en un display de 6.78 pulgadas. Debemos decir que el celular gana a\u00fan m\u00e1s volumen por su resistente marco de aluminio, que envuelve las cuatro curvas del panel.<\/p>\n\n\n\n<p class=\"wp-block-paragraph\">Dicho de otro modo, es un tel\u00e9fono que podr\u00eda ser dif\u00edcil de manejar, sobre todo para aquellas personas que consideran tener manos peque\u00f1as.<\/p>\n\n\n\n<p class=\"wp-block-paragraph\">Otro elemento distintivo en la pantalla del Realme GT 7 Pro es el sensor ultras\u00f3nico, el cual s\u00ed hace la experiencia de desbloqueo m\u00e1s r\u00e1pida por la posici\u00f3n en la que se coloc\u00f3. La firma promete que incluso funciona bajo el agua o con las manos mojadas.<\/p>\n\n\n\n<p class=\"wp-block-paragraph\">Con el Snapdragon 8 Elite<\/p>\n\n\n\n<p class=\"wp-block-paragraph\">El desempe\u00f1o es otro de los pilares de este gama alta, ya que cuenta con el procesador Snapdragon 8 Elite. El chip asegura un alto rendimiento con un bajo consumo de energ\u00eda.<\/p>\n\n\n\n<p class=\"wp-block-paragraph\">De acuerdo con las pruebas realizadas, encontramos una respuesta efectiva en el equipo, en tareas como reproducci\u00f3n de video, ejecuci\u00f3n de aplicaciones de productividad y videojuegos, toma de fotograf\u00edas, realizaci\u00f3n de videollamadas, entre otras.<\/p>\n\n\n\n<p class=\"wp-block-paragraph\">De hecho, configuramos la pantalla en la m\u00e1xima tasa de actualizaci\u00f3n, 120 Hz, y el rendimiento que encontramos en lo multimedia siempre fue fluido.<\/p>\n\n\n\n<p class=\"wp-block-paragraph\">La RAM del equipo es de 12 GB, aunque puede tomar otros 12 GB del almacenamiento. Para un uso no tan demandante, la RAM de base es m\u00e1s que suficiente. Son 256 GB de espacio inicial para guardar todo tipo de contenido (512 GB es el tope).<\/p>\n\n\n\n<p class=\"wp-block-paragraph\">\u00bfQu\u00e9 se puede decir de su autonom\u00eda? Como adelanto, los due\u00f1os del equipo tendr\u00e1n la certeza de que no se quedar\u00e1n a medio camino, gracias a \u201cla bater\u00eda de \u00e1nodo de silicio y carbono m\u00e1s grande de la industria\u201d.<\/p>\n\n\n\n<p class=\"wp-block-paragraph\">Esta tiene una capacidad de 6,500 mAh, que se traduce en 510 horas en espera, 20 horas en YouTube y 76 horas en Spotify. En nuestras pruebas, despu\u00e9s de un d\u00eda intenso, regresamos a casa con un buen nivel, incluso suficiente para pasar la noche.<\/p>\n\n\n\n<p class=\"wp-block-paragraph\">La carga r\u00e1pida tambi\u00e9n es todo lo que se puede esperar de un gama alta: 120 W. Ello significa que tendr\u00e1s listo el equipo en unos 40 minutos. Llama la atenci\u00f3n el hecho de que el fabricante incorpor\u00f3 la carga GaN, para una temperatura segura aun cuando est\u00e1s utilizando el equipo.<\/p>\n\n\n\n<p class=\"wp-block-paragraph\">Otras especificaciones<\/p>\n\n\n\n<p class=\"wp-block-paragraph\">Son muchos m\u00e1s los atributos que se pueden destacar del Realme GT 7 Pro. Sus distintas funciones de IA, desde generar una imagen con simples trazos hasta borrar objetos no deseados de una foto, hacen que las personas se sientan cada vez m\u00e1s familiarizadas con este tipo de tecnolog\u00eda.<\/p>\n\n\n\n<p class=\"wp-block-paragraph\">Hablando de fotograf\u00eda, el celular incorpora una \u00f3ptica triple, en la que destacan dos c\u00e1maras Sony de 50 MP. La frontal, tambi\u00e9n de la firma japonesa, es de 16 MP.<\/p>\n\n\n\n<p class=\"wp-block-paragraph\">En general, el tel\u00e9fono consigue fotograf\u00edas que destacan por sus colores vivos, por su precisi\u00f3n en los detalles y nivel de contraste \u00f3ptimo. Gracias a su protecci\u00f3n IP69, el m\u00f3vil est\u00e1 listo para capturar \u201cla magia\u201d del mundo submarino.<\/p>\n\n\n\n<p class=\"wp-block-paragraph\">Otros elementos del celular son: modo instant\u00e1neo para tomar fotograf\u00edas precisas con objetos en movimiento (con la ayuda de IA); zoom digital de hasta 120x; GT Boost para un rendimiento \u00f3ptimo en videojuegos; sistema de enfriamiento de \u00faltima generaci\u00f3n, y altavoces duales para una experiencia sonora inmersiva.<\/p>\n\n\n\n<p class=\"wp-block-paragraph\">Disponibilidad del Realme GT 7 Pro<\/p>\n\n\n\n<p class=\"wp-block-paragraph\">El tel\u00e9fono se puede adquirir en Mercado Libre por un precio aproximado de 19,000 pesos. La p\u00e1gina oficial de Realme en M\u00e9xico asegura que es posible ordenarlo en dos colores: gris y naranja.<\/p>\n\n\n\n<p class=\"wp-block-paragraph\"><em>Fuente: El Universal<\/em>.<\/p>\n","protected":false},"excerpt":{"rendered":"<p>A diferencia de otros modelos de celulares Realme, y tambi\u00e9n por la categor\u00eda a la que pertenece, el GT 7 Pro no solo luce robusto en su exterior, sino tambi\u00e9n en cada uno de sus componentes externos. Lo hemos probado, por lo que ha llegado el momento de darte nuestras primeras impresiones. El nuevo celular [&hellip;]<\/p>\n","protected":false},"author":6,"featured_media":51012,"comment_status":"open","ping_status":"open","sticky":false,"template":"","format":"standard","meta":{"_acf_changed":false,"_monsterinsights_skip_tracking":false,"slim_seo":{"title":"Realme GT 7 Pro: un celular muy robusto en toda la extensi\u00f3n de la palabra - Opini\u00f3n P\u00fablica","description":"A diferencia de otros modelos de celulares Realme, y tambi\u00e9n por la categor\u00eda a la que pertenece, el GT 7 Pro no solo luce robusto en su exterior, sino tambi\u00e9n"},"footnotes":""},"categories":[22],"tags":[],"class_list":["post-51010","post","type-post","status-publish","format-standard","has-post-thumbnail","hentry","category-ciencia-y-tecnologia"],"acf":[],"_links":{"self":[{"href":"https:\/\/www.opinionpublica.tv\/portada\/wp-json\/wp\/v2\/posts\/51010","targetHints":{"allow":["GET"]}}],"collection":[{"href":"https:\/\/www.opinionpublica.tv\/portada\/wp-json\/wp\/v2\/posts"}],"about":[{"href":"https:\/\/www.opinionpublica.tv\/portada\/wp-json\/wp\/v2\/types\/post"}],"author":[{"embeddable":true,"href":"https:\/\/www.opinionpublica.tv\/portada\/wp-json\/wp\/v2\/users\/6"}],"replies":[{"embeddable":true,"href":"https:\/\/www.opinionpublica.tv\/portada\/wp-json\/wp\/v2\/comments?post=51010"}],"version-history":[{"count":2,"href":"https:\/\/www.opinionpublica.tv\/portada\/wp-json\/wp\/v2\/posts\/51010\/revisions"}],"predecessor-version":[{"id":51013,"href":"https:\/\/www.opinionpublica.tv\/portada\/wp-json\/wp\/v2\/posts\/51010\/revisions\/51013"}],"wp:featuredmedia":[{"embeddable":true,"href":"https:\/\/www.opinionpublica.tv\/portada\/wp-json\/wp\/v2\/media\/51012"}],"wp:attachment":[{"href":"https:\/\/www.opinionpublica.tv\/portada\/wp-json\/wp\/v2\/media?parent=51010"}],"wp:term":[{"taxonomy":"category","embeddable":true,"href":"https:\/\/www.opinionpublica.tv\/portada\/wp-json\/wp\/v2\/categories?post=51010"},{"taxonomy":"post_tag","embeddable":true,"href":"https:\/\/www.opinionpublica.tv\/portada\/wp-json\/wp\/v2\/tags?post=51010"}],"curies":[{"name":"wp","href":"https:\/\/api.w.org\/{rel}","templated":true}]}}