{"id":51004,"date":"2025-01-09T00:01:00","date_gmt":"2025-01-09T07:01:00","guid":{"rendered":"https:\/\/www.opinionpublica.tv\/portada\/?p=51004"},"modified":"2025-01-08T18:56:18","modified_gmt":"2025-01-09T01:56:18","slug":"quienes-forman-el-circulo-de-poder-en-torno-a-nicolas-maduro-en-venezuela-bbc-mundo","status":"publish","type":"post","link":"https:\/\/www.opinionpublica.tv\/portada\/quienes-forman-el-circulo-de-poder-en-torno-a-nicolas-maduro-en-venezuela-bbc-mundo\/","title":{"rendered":"Video: Qui\u00e9nes forman el c\u00edrculo de poder en torno a Nicol\u00e1s Maduro en Venezuela | BBC Mundo"},"content":{"rendered":"\n<figure class=\"wp-block-embed is-type-video is-provider-youtube wp-block-embed-youtube wp-embed-aspect-16-9 wp-has-aspect-ratio\"><div class=\"wp-block-embed__wrapper\">\n<iframe title=\"Qui\u00e9nes forman el c\u00edrculo de poder en torno a Nicol\u00e1s Maduro en Venezuela | BBC Mundo\" width=\"800\" height=\"450\" src=\"https:\/\/www.youtube.com\/embed\/R2WgXXNFYFk?feature=oembed\" frameborder=\"0\" allow=\"accelerometer; autoplay; clipboard-write; encrypted-media; gyroscope; picture-in-picture; web-share\" referrerpolicy=\"strict-origin-when-cross-origin\" allowfullscreen><\/iframe>\n<\/div><\/figure>\n\n\n\n<p class=\"wp-block-paragraph\">Un nuevo per\u00edodo presidencial inicia en Venezuela este 10 de enero de 2025 en medio de serios cuestionamientos a los resultados de las \u00faltimas elecciones de julio de 2024, en las que Nicol\u00e1s Maduro se proclam\u00f3 vencedor sin presentar las actas oficiales.<\/p>\n\n\n\n<p class=\"wp-block-paragraph\">Al mismo tiempo, Edmundo Gonz\u00e1lez Urrutia, el l\u00edder de la oposici\u00f3n es reconocido por varios pa\u00edses como el presidente electo de Venezuela. Maduro lleva m\u00e1s de diez a\u00f1os gobernando a Venezuela apoyado en un c\u00edrculo de funcionarios que tambi\u00e9n se consideran herederos del fallecido Hugo Ch\u00e1vez y que se han mantenido fieles a su gobierno, sin aparentes quiebres internos.<\/p>\n\n\n\n<p class=\"wp-block-paragraph\">\u00bfQui\u00e9nes son estos funcionarios que han mantenido inquebrantable su lealtad a la Revoluci\u00f3n Bolivariana?<\/p>\n\n\n\n<p class=\"wp-block-paragraph\"><em>Cr\u00e9ditos: BBC Mundo<\/em>.<\/p>\n","protected":false},"excerpt":{"rendered":"<p>Un nuevo per\u00edodo presidencial inicia en Venezuela este 10 de enero de 2025 en medio de serios cuestionamientos a los resultados de las \u00faltimas elecciones de julio de 2024, en las que Nicol\u00e1s Maduro se proclam\u00f3 vencedor sin presentar las actas oficiales. Al mismo tiempo, Edmundo Gonz\u00e1lez Urrutia, el l\u00edder de la oposici\u00f3n es reconocido [&hellip;]<\/p>\n","protected":false},"author":6,"featured_media":51007,"comment_status":"open","ping_status":"open","sticky":false,"template":"","format":"standard","meta":{"_acf_changed":false,"_monsterinsights_skip_tracking":false,"slim_seo":{"title":"Video: Qui\u00e9nes forman el c\u00edrculo de poder en torno a Nicol\u00e1s Maduro en Venezuela | BBC Mundo - Opini\u00f3n P\u00fablica","description":"https:\/\/youtu.be\/R2WgXXNFYFk?si=5f5citdkbZoRN2ye Un nuevo per\u00edodo presidencial inicia en Venezuela este 10 de enero de 2025 en medio de serios cuestionamientos"},"footnotes":""},"categories":[13,2,8],"tags":[],"class_list":["post-51004","post","type-post","status-publish","format-standard","has-post-thumbnail","hentry","category-videos-destacados-contenido","category-videos-destacados","category-videos"],"acf":[],"_links":{"self":[{"href":"https:\/\/www.opinionpublica.tv\/portada\/wp-json\/wp\/v2\/posts\/51004","targetHints":{"allow":["GET"]}}],"collection":[{"href":"https:\/\/www.opinionpublica.tv\/portada\/wp-json\/wp\/v2\/posts"}],"about":[{"href":"https:\/\/www.opinionpublica.tv\/portada\/wp-json\/wp\/v2\/types\/post"}],"author":[{"embeddable":true,"href":"https:\/\/www.opinionpublica.tv\/portada\/wp-json\/wp\/v2\/users\/6"}],"replies":[{"embeddable":true,"href":"https:\/\/www.opinionpublica.tv\/portada\/wp-json\/wp\/v2\/comments?post=51004"}],"version-history":[{"count":3,"href":"https:\/\/www.opinionpublica.tv\/portada\/wp-json\/wp\/v2\/posts\/51004\/revisions"}],"predecessor-version":[{"id":51009,"href":"https:\/\/www.opinionpublica.tv\/portada\/wp-json\/wp\/v2\/posts\/51004\/revisions\/51009"}],"wp:featuredmedia":[{"embeddable":true,"href":"https:\/\/www.opinionpublica.tv\/portada\/wp-json\/wp\/v2\/media\/51007"}],"wp:attachment":[{"href":"https:\/\/www.opinionpublica.tv\/portada\/wp-json\/wp\/v2\/media?parent=51004"}],"wp:term":[{"taxonomy":"category","embeddable":true,"href":"https:\/\/www.opinionpublica.tv\/portada\/wp-json\/wp\/v2\/categories?post=51004"},{"taxonomy":"post_tag","embeddable":true,"href":"https:\/\/www.opinionpublica.tv\/portada\/wp-json\/wp\/v2\/tags?post=51004"}],"curies":[{"name":"wp","href":"https:\/\/api.w.org\/{rel}","templated":true}]}}