{"id":50997,"date":"2025-01-09T00:01:00","date_gmt":"2025-01-09T07:01:00","guid":{"rendered":"https:\/\/www.opinionpublica.tv\/portada\/?p=50997"},"modified":"2025-01-08T18:41:18","modified_gmt":"2025-01-09T01:41:18","slug":"gobierno-de-mexico-espera-entendimiento-con-proximo-gobierno-de-eu-sheinbaum","status":"publish","type":"post","link":"https:\/\/www.opinionpublica.tv\/portada\/gobierno-de-mexico-espera-entendimiento-con-proximo-gobierno-de-eu-sheinbaum\/","title":{"rendered":"Gobierno de M\u00e9xico espera entendimiento con pr\u00f3ximo gobierno de EU: Sheinbaum"},"content":{"rendered":"\n<figure class=\"wp-block-image size-full\"><img fetchpriority=\"high\" decoding=\"async\" width=\"800\" height=\"600\" src=\"https:\/\/www.opinionpublica.tv\/portada\/wp-content\/uploads\/2025\/01\/Gobierno-de-Mexico-espera-entendimiento-con-proximo-gobierno-de-EU-Sheinbaum.webp\" alt=\"Gobierno De Me\u0301xico Espera Entendimiento Con Pro\u0301ximo Gobierno De Eu Sheinbaum\" class=\"wp-image-50999\" srcset=\"https:\/\/www.opinionpublica.tv\/portada\/wp-content\/uploads\/2025\/01\/Gobierno-de-Mexico-espera-entendimiento-con-proximo-gobierno-de-EU-Sheinbaum.webp 800w, https:\/\/www.opinionpublica.tv\/portada\/wp-content\/uploads\/2025\/01\/Gobierno-de-Mexico-espera-entendimiento-con-proximo-gobierno-de-EU-Sheinbaum-300x225.webp 300w, https:\/\/www.opinionpublica.tv\/portada\/wp-content\/uploads\/2025\/01\/Gobierno-de-Mexico-espera-entendimiento-con-proximo-gobierno-de-EU-Sheinbaum-768x576.webp 768w\" sizes=\"(max-width: 800px) 100vw, 800px\" \/><\/figure>\n\n\n\n<p class=\"wp-block-paragraph\"><em>Ciudad de M\u00e9xico<\/em>.- La presidenta Claudia Sheinbaum plante\u00f3 a los embajadores y c\u00f3nsules de M\u00e9xico que se espera que haya entendimiento y acuerdos con el pr\u00f3ximo gobierno de los Estados Unidos, inform\u00f3 el Embajador de M\u00e9xico en Noruega, Omar Fayad al salir del encuentro.<\/p>\n\n\n\n<p class=\"wp-block-paragraph\">Antes de la reuni\u00f3n, el embajador de M\u00e9xico en Estados Unidos, Esteban Moctezuma, dijo que se trabajar\u00e1 en apoyar a los migrantes mexicanos que viven en ese pa\u00eds y pidi\u00f3 que \u201csepan que no est\u00e1n solos\u201d.<\/p>\n\n\n\n<p class=\"wp-block-paragraph\">\u201cHa sido muy clara y muy firme. La presidenta Sheinbaum tiene la idea muy clara de que va a haber entendimiento y va a haber acuerdo en un plano de iguales, defendiendo nuestra dignidad y nuestra nacionalidad. Siempre saliendo al frente para defender la dignidad de los mexicanos. \u00bfPuede haber diferencias? Las puede haber\u201d, coment\u00f3 Fayad al salir de la reuni\u00f3n.<\/p>\n\n\n\n<p class=\"wp-block-paragraph\">Dijo que durante la reuni\u00f3n se trataron temas generales de la situaci\u00f3n econ\u00f3mica y pol\u00edtica del pa\u00eds, y que el tema de la relaci\u00f3n con los Estados Unidos se trat\u00f3 de forma separada y la titular del Ejecutivo fue enf\u00e1tica en que espera que haya entendimiento.<\/p>\n\n\n\n<p class=\"wp-block-paragraph\">\u201cEstar listos, estar preparados para cualquiera de las situaciones. Sin embargo, su voluntad, lo que ella nos manifiesta con toda claridad, es que habr\u00e1 acuerdo y que habr\u00e1 entendimiento\u00bb<\/p>\n\n\n\n<p class=\"wp-block-paragraph\">\u201cAs\u00ed como lo hubo en el pasado con los presidentes de M\u00e9xico, como lo hubo con el presidente L\u00f3pez Obrador, no vemos por qu\u00e9 hoy, y as\u00ed nos lo ha hecho saber la presidenta, no se llegue a un buen acuerdo con nuestro nuevo vecino del norte\u201d, expuso Fayad.<\/p>\n\n\n\n<p class=\"wp-block-paragraph\">A su llegada a Palacio Nacional, el Embajador en Estados Unidos, Esteban Moctezuma, expuso que se est\u00e1 trabajando para proteger a los migrantes mexicanos que se encuentran en ese pa\u00eds.<\/p>\n\n\n\n<p class=\"wp-block-paragraph\">\u201cVenimos a escuchar las indicaciones de la presidenta. Cumplirles a nuestros hermanos migrantes, que sepan que no est\u00e1n solos\u201d, recalc\u00f3 Moctezuma.<\/p>\n\n\n\n<p class=\"wp-block-paragraph\">El encuentro dur\u00f3 alrededor de dos horas y se realiz\u00f3 en el Sal\u00f3n Tesorer\u00eda de Palacio Nacional. (Exc\u00e9lsior)<\/p>\n","protected":false},"excerpt":{"rendered":"<p>Ciudad de M\u00e9xico.- La presidenta Claudia Sheinbaum plante\u00f3 a los embajadores y c\u00f3nsules de M\u00e9xico que se espera que haya entendimiento y acuerdos con el pr\u00f3ximo gobierno de los Estados Unidos, inform\u00f3 el Embajador de M\u00e9xico en Noruega, Omar Fayad al salir del encuentro. Antes de la reuni\u00f3n, el embajador de M\u00e9xico en Estados Unidos, [&hellip;]<\/p>\n","protected":false},"author":6,"featured_media":50999,"comment_status":"open","ping_status":"open","sticky":false,"template":"","format":"standard","meta":{"_acf_changed":false,"_monsterinsights_skip_tracking":false,"slim_seo":{"title":"Gobierno de M\u00e9xico espera entendimiento con pr\u00f3ximo gobierno de EU: Sheinbaum - Opini\u00f3n P\u00fablica","description":"Ciudad de M\u00e9xico .- La presidenta Claudia Sheinbaum plante\u00f3 a los embajadores y c\u00f3nsules de M\u00e9xico que se espera que haya entendimiento y acuerdos con el pr\u00f3xim"},"footnotes":""},"categories":[4],"tags":[],"class_list":["post-50997","post","type-post","status-publish","format-standard","has-post-thumbnail","hentry","category-pulsopolitico"],"acf":[],"_links":{"self":[{"href":"https:\/\/www.opinionpublica.tv\/portada\/wp-json\/wp\/v2\/posts\/50997","targetHints":{"allow":["GET"]}}],"collection":[{"href":"https:\/\/www.opinionpublica.tv\/portada\/wp-json\/wp\/v2\/posts"}],"about":[{"href":"https:\/\/www.opinionpublica.tv\/portada\/wp-json\/wp\/v2\/types\/post"}],"author":[{"embeddable":true,"href":"https:\/\/www.opinionpublica.tv\/portada\/wp-json\/wp\/v2\/users\/6"}],"replies":[{"embeddable":true,"href":"https:\/\/www.opinionpublica.tv\/portada\/wp-json\/wp\/v2\/comments?post=50997"}],"version-history":[{"count":2,"href":"https:\/\/www.opinionpublica.tv\/portada\/wp-json\/wp\/v2\/posts\/50997\/revisions"}],"predecessor-version":[{"id":51000,"href":"https:\/\/www.opinionpublica.tv\/portada\/wp-json\/wp\/v2\/posts\/50997\/revisions\/51000"}],"wp:featuredmedia":[{"embeddable":true,"href":"https:\/\/www.opinionpublica.tv\/portada\/wp-json\/wp\/v2\/media\/50999"}],"wp:attachment":[{"href":"https:\/\/www.opinionpublica.tv\/portada\/wp-json\/wp\/v2\/media?parent=50997"}],"wp:term":[{"taxonomy":"category","embeddable":true,"href":"https:\/\/www.opinionpublica.tv\/portada\/wp-json\/wp\/v2\/categories?post=50997"},{"taxonomy":"post_tag","embeddable":true,"href":"https:\/\/www.opinionpublica.tv\/portada\/wp-json\/wp\/v2\/tags?post=50997"}],"curies":[{"name":"wp","href":"https:\/\/api.w.org\/{rel}","templated":true}]}}