{"id":50995,"date":"2025-01-09T00:01:00","date_gmt":"2025-01-09T07:01:00","guid":{"rendered":"https:\/\/www.opinionpublica.tv\/portada\/?p=50995"},"modified":"2025-01-08T18:37:30","modified_gmt":"2025-01-09T01:37:30","slug":"el-improductivo-pleito-del-fentanilo","status":"publish","type":"post","link":"https:\/\/www.opinionpublica.tv\/portada\/el-improductivo-pleito-del-fentanilo\/","title":{"rendered":"El improductivo pleito del fentanilo"},"content":{"rendered":"\n<h4 class=\"wp-block-heading\">Jorge G. Casta\u00f1eda<\/h4>\n\n\n\n<p class=\"wp-block-paragraph\">___________________________<\/p>\n\n\n\n<p class=\"wp-block-paragraph\">Son varios los analistas que se han preguntado en d\u00edas recientes por qu\u00e9 el gobierno de Sheinbaum ha comprado un pleito con The New York Times a prop\u00f3sito de su reportaje sobre la producci\u00f3n de fentanilo en Culiac\u00e1n. Aqu\u00ed mismo, hace un par de d\u00edas, Le\u00f3n Krauze se mostraba perplejo, y con toda la raz\u00f3n.<\/p>\n\n\n\n<p class=\"wp-block-paragraph\">Abundan los motivos por los cuales no parece l\u00f3gico este conflicto, y muchos de ellos ya han sido se\u00f1alados. Quisiera abordar algunas de las razones por las cuales no conviene el pleito, a riesgo de repetir lo que otros han dicho.<\/p>\n\n\n\n<p class=\"wp-block-paragraph\">En primer lugar, es \u00fatil reiterar, como ya lo han se\u00f1alado, entre otros, Dolia Est\u00e9vez y Salvador Camarena, que no es ni de lejos el primer reportaje presencial en los laboratorios de fentanilo de Culiac\u00e1n. Bertrand Monnet, de EDHEC y Le Monde, ya lo hicieron hace m\u00e1s de un a\u00f1o; Channel 4 de Inglaterra tambi\u00e9n; la agencia Reuters igualmente; y Jos\u00e9 de C\u00f3rdoba, corresponsal de The Wall Street Journal en M\u00e9xico desde hace muchos a\u00f1os, ha visitado \u2014si no me equivoco\u2014 cuatro veces dichos laboratorios.<\/p>\n\n\n\n<p class=\"wp-block-paragraph\">Es cierto que en algunos casos el conducto para llegar a los sitios artesanales parece ser el mismo, y tambi\u00e9n es correcta la apreciaci\u00f3n que algunos de los mismos visitantes han esgrimido: ninguno de ellos, ni mucho menos este autor y la mayor\u00eda de mis colegas, podr\u00edan distinguir entre la producci\u00f3n de fentanilo, de metanfetaminas, de coca\u00edna, o de harina de ma\u00edz.<\/p>\n\n\n\n<p class=\"wp-block-paragraph\">Pero parece ser demasiada gente para que todos fueran enga\u00f1ados por distintos y aislados operadores del c\u00e1rtel de Sinaloa. Si tanta gente ya ha filmado, grabado, atestiguado la producci\u00f3n de fentanilo en dichos laboratorios de Culiac\u00e1n, no se entiende la raz\u00f3n por la cual ahora Sheinbaum se molesta con The New York Times.<\/p>\n\n\n\n<p class=\"wp-block-paragraph\">A menos de que sea porque se trata de la primera ocasi\u00f3n en su presidencia que sale uno de estos reportajes y que corrobora lo que todo el mundo sabe y acepta, hasta el embajador de M\u00e9xico en Estados Unidos, Ken Salazar: en M\u00e9xico se produce fentanilo. El que L\u00f3pez Obrador lo haya negado durante muchos a\u00f1os no significa necesariamente que Sheinbaum tenga que hacer lo mismo, aunque probablemente aqu\u00ed yace una de las razones m\u00e1s poderosas por las cuales se adentr\u00f3 en esta batalla.<\/p>\n\n\n\n<p class=\"wp-block-paragraph\">En segundo lugar, justamente, uno puede preguntarse si esta discusi\u00f3n importa. En efecto \u2014insisto\u2014 el embajador de M\u00e9xico en Estados Unidos, Ken Salazar, repiti\u00f3 en su despedida \u2014por fin\u2014 que todo el mundo sabe que se produce fentanilo en M\u00e9xico, y que en realidad discutir sobre si eso es cierto o no se antoja un poco ocioso. Si de lo que se trata es de esquivar la responsabilidad de la producci\u00f3n de la sustancia il\u00edcita y mortal en nuestro pa\u00eds, pues es un poco f\u00fatil tratar de hacerlo.<\/p>\n\n\n\n<p class=\"wp-block-paragraph\">Si m\u00e1s bien el prop\u00f3sito del pleito es cuestionar la credibilidad del rotativo neoyorquino, y en particular de su corresponsal, Natalie Kritoeff, porque ya ha publicado varios art\u00edculos cr\u00edticos del gobierno pasado y del actual, eso quiz\u00e1s pueda resolverse de otra manera. Tengo entendido que durante el verano, no s\u00e9 si un poco antes o un poco despu\u00e9s de las elecciones, el publisher del peri\u00f3dico, A. G. Sulzberger, vino a la Ciudad de M\u00e9xico, y adem\u00e1s de celebrar varias reuniones con el equipo de Sheinbaum y posiblemente con ella misma, comparti\u00f3 con todo el equipo del peri\u00f3dico en M\u00e9xico que le gustar\u00eda tener una buena relaci\u00f3n con el futuro gobierno.<\/p>\n\n\n\n<p class=\"wp-block-paragraph\">Carece de sentido meterse en estos diferendos, como ya ha sido el caso con otros gobiernos de M\u00e9xico en el pasado. Lo \u00fanico que logran a final de cuentas es que el diario retire al corresponsal atacado y lo sustituya con otro a\u00fan m\u00e1s cr\u00edtico. No da la impresi\u00f3n este pleito de ser muy productivo.<\/p>\n\n\n\n<p class=\"wp-block-paragraph\">En tercer lugar, ante lo que se viene con Trump en Estados Unidos para M\u00e9xico y para el mundo, uno puede preguntarse si es conveniente enemistarse con una instituci\u00f3n norteamericana poderosa, aunque claramente de \u00e9lite, que m\u00e1s bien podr\u00eda ser un aliado en las luchas por venir.<\/p>\n\n\n\n<p class=\"wp-block-paragraph\">The New York Times quiz\u00e1 sea menos sistem\u00e1tico en su cr\u00edtica a Trump en este segundo periodo que en el primero, pero la distancia entre sus posturas y las del nuevo gobierno republicano, con mayor\u00eda en ambas C\u00e1maras, seguir\u00e1 siendo tan ancha, que no podr\u00e1 m\u00e1s que seguir discrepando con el gobierno de manera constante. En muchos de los temas en los que el gobierno de Sheinbaum va a enfrentarse con Trump \u2014migraci\u00f3n, comercio, China, por lo menos\u2014 las posiciones del Times y de los llamados liberales en Estados Unidos son mucho m\u00e1s cercanas a las mexicanas que a las trumpianas. De nuevo una raz\u00f3n para interrogarse sobre las \u201ccausas profundas\u201d de este diferendo.<\/p>\n\n\n\n<p class=\"wp-block-paragraph\">Por \u00faltimo, una reflexi\u00f3n sobre el propio Times. No s\u00e9 si la palabra adecuada para describir los desencuentros del diario con la verdad a lo largo del \u00faltimo siglo y medio sea \u201cmentir\u201d, como algunos han sostenido. Es posible que en el caso de Walter Duranty en Mosc\u00fa durante los a\u00f1os treinta, vuelto famoso por una pel\u00edcula reciente, se haya tratado, en efecto, de una mentira. Pero la mayor\u00eda de los tropiezos del Times desde este punto de vista no creo que constituyan mentiras. Representan m\u00e1s bien errores cometidos o bien por sus corresponsales, o bien por sus editores, o bien por los directivos del diario. En todas partes se cuecen habas. La diferencia quiz\u00e1s con otros pa\u00edses y otros medios consiste en el hecho de que en varias ocasiones, el Times ha rectificado e incluso pedido disculpas por sus deficiencias en la cobertura de alg\u00fan acontecimiento decisivo.<\/p>\n","protected":false},"excerpt":{"rendered":"<p>Jorge G. Casta\u00f1eda ___________________________ Son varios los analistas que se han preguntado en d\u00edas recientes por qu\u00e9 el gobierno de Sheinbaum ha comprado un pleito con The New York Times a prop\u00f3sito de su reportaje sobre la producci\u00f3n de fentanilo en Culiac\u00e1n. Aqu\u00ed mismo, hace un par de d\u00edas, Le\u00f3n Krauze se mostraba perplejo, y [&hellip;]<\/p>\n","protected":false},"author":6,"featured_media":43385,"comment_status":"open","ping_status":"open","sticky":false,"template":"","format":"standard","meta":{"_acf_changed":false,"_monsterinsights_skip_tracking":false,"slim_seo":{"title":"El improductivo pleito del fentanilo - Opini\u00f3n P\u00fablica","description":"Jorge G. Casta\u00f1eda ___________________________ Son varios los analistas que se han preguntado en d\u00edas recientes por qu\u00e9 el gobierno de Sheinbaum ha comprado un"},"footnotes":""},"categories":[18],"tags":[82],"class_list":["post-50995","post","type-post","status-publish","format-standard","has-post-thumbnail","hentry","category-castaneda-opina","tag-jorge-castaneda"],"acf":[],"_links":{"self":[{"href":"https:\/\/www.opinionpublica.tv\/portada\/wp-json\/wp\/v2\/posts\/50995","targetHints":{"allow":["GET"]}}],"collection":[{"href":"https:\/\/www.opinionpublica.tv\/portada\/wp-json\/wp\/v2\/posts"}],"about":[{"href":"https:\/\/www.opinionpublica.tv\/portada\/wp-json\/wp\/v2\/types\/post"}],"author":[{"embeddable":true,"href":"https:\/\/www.opinionpublica.tv\/portada\/wp-json\/wp\/v2\/users\/6"}],"replies":[{"embeddable":true,"href":"https:\/\/www.opinionpublica.tv\/portada\/wp-json\/wp\/v2\/comments?post=50995"}],"version-history":[{"count":1,"href":"https:\/\/www.opinionpublica.tv\/portada\/wp-json\/wp\/v2\/posts\/50995\/revisions"}],"predecessor-version":[{"id":50996,"href":"https:\/\/www.opinionpublica.tv\/portada\/wp-json\/wp\/v2\/posts\/50995\/revisions\/50996"}],"wp:featuredmedia":[{"embeddable":true,"href":"https:\/\/www.opinionpublica.tv\/portada\/wp-json\/wp\/v2\/media\/43385"}],"wp:attachment":[{"href":"https:\/\/www.opinionpublica.tv\/portada\/wp-json\/wp\/v2\/media?parent=50995"}],"wp:term":[{"taxonomy":"category","embeddable":true,"href":"https:\/\/www.opinionpublica.tv\/portada\/wp-json\/wp\/v2\/categories?post=50995"},{"taxonomy":"post_tag","embeddable":true,"href":"https:\/\/www.opinionpublica.tv\/portada\/wp-json\/wp\/v2\/tags?post=50995"}],"curies":[{"name":"wp","href":"https:\/\/api.w.org\/{rel}","templated":true}]}}