{"id":50907,"date":"2025-01-07T00:01:00","date_gmt":"2025-01-07T07:01:00","guid":{"rendered":"https:\/\/www.opinionpublica.tv\/portada\/?p=50907"},"modified":"2025-01-06T20:23:03","modified_gmt":"2025-01-07T03:23:03","slug":"pide-bienestar-animal-cuidar-a-las-mascotas-ante-el-descenso-en-la-temperatura","status":"publish","type":"post","link":"https:\/\/www.opinionpublica.tv\/portada\/pide-bienestar-animal-cuidar-a-las-mascotas-ante-el-descenso-en-la-temperatura\/","title":{"rendered":"Pide Bienestar Animal cuidar a las mascotas ante el dr\u00e1stico descenso en la temperatura"},"content":{"rendered":"\n<figure class=\"wp-block-image size-large\"><img fetchpriority=\"high\" decoding=\"async\" width=\"1024\" height=\"1024\" src=\"https:\/\/www.opinionpublica.tv\/portada\/wp-content\/uploads\/2025\/01\/Pide-Bienestar-Animal-cuidar-a-las-mascotas-ante-el-drastico-descenso-en-la-temperatura-1024x1024.jpeg\" alt=\"Pide Bienestar Animal Cuidar A Las Mascotas Ante El Dra\u0301stico Descenso En La Temperatura\" class=\"wp-image-50911\" srcset=\"https:\/\/www.opinionpublica.tv\/portada\/wp-content\/uploads\/2025\/01\/Pide-Bienestar-Animal-cuidar-a-las-mascotas-ante-el-drastico-descenso-en-la-temperatura-1024x1024.jpeg 1024w, https:\/\/www.opinionpublica.tv\/portada\/wp-content\/uploads\/2025\/01\/Pide-Bienestar-Animal-cuidar-a-las-mascotas-ante-el-drastico-descenso-en-la-temperatura-300x300.jpeg 300w, https:\/\/www.opinionpublica.tv\/portada\/wp-content\/uploads\/2025\/01\/Pide-Bienestar-Animal-cuidar-a-las-mascotas-ante-el-drastico-descenso-en-la-temperatura-150x150.jpeg 150w, https:\/\/www.opinionpublica.tv\/portada\/wp-content\/uploads\/2025\/01\/Pide-Bienestar-Animal-cuidar-a-las-mascotas-ante-el-drastico-descenso-en-la-temperatura-768x768.jpeg 768w, https:\/\/www.opinionpublica.tv\/portada\/wp-content\/uploads\/2025\/01\/Pide-Bienestar-Animal-cuidar-a-las-mascotas-ante-el-drastico-descenso-en-la-temperatura.jpeg 1080w\" sizes=\"(max-width: 1024px) 100vw, 1024px\" \/><\/figure>\n\n\n\n<p class=\"wp-block-paragraph\"><em>Ciudad Ju\u00e1rez, Chih<\/em>.- La Direcci\u00f3n de Atenci\u00f3n y Bienestar Animal (DABA) pide a los juarenses cuidar a las mascotas en esta temporada de invierno, especialmente durante los pr\u00f3ximos d\u00edas que descender\u00e1 la temperatura.<\/p>\n\n\n\n<p class=\"wp-block-paragraph\">La titular de la dependencia, Alma Edith Arredondo Salinas, indic\u00f3 que a partir de ma\u00f1ana se estar\u00e1 registrando un descenso dr\u00e1stico con m\u00ednimas de hasta cero grados Cent\u00edgrados, por lo que es importante proteger a los perritos y gatos.<\/p>\n\n\n\n<p class=\"wp-block-paragraph\">Algunas de las recomendaciones para las familias que tienen mascotas en casa son asegurarse de darles un espacio seco y c\u00e1lido que los proteja del fr\u00edo para que no permanezcan en la intemperie, reducir la frecuencia de los ba\u00f1os en invierno para no eliminar los aceites naturales de la piel, adem\u00e1s, en caso de ba\u00f1arlos, es necesario secarlos bien para evitar que permanezcan h\u00famedos y se resfr\u00eden.<\/p>\n\n\n\n<p class=\"wp-block-paragraph\">Tambi\u00e9n es importante no cortar el pelaje de los perros ya que los protege del fr\u00edo, adem\u00e1s de limitar los paseos al aire libre y abrigarlos con ropita y cobijas.<\/p>\n","protected":false},"excerpt":{"rendered":"<p>Ciudad Ju\u00e1rez, Chih.- La Direcci\u00f3n de Atenci\u00f3n y Bienestar Animal (DABA) pide a los juarenses cuidar a las mascotas en esta temporada de invierno, especialmente durante los pr\u00f3ximos d\u00edas que descender\u00e1 la temperatura. La titular de la dependencia, Alma Edith Arredondo Salinas, indic\u00f3 que a partir de ma\u00f1ana se estar\u00e1 registrando un descenso dr\u00e1stico con [&hellip;]<\/p>\n","protected":false},"author":6,"featured_media":50911,"comment_status":"open","ping_status":"open","sticky":false,"template":"","format":"standard","meta":{"_acf_changed":false,"_monsterinsights_skip_tracking":false,"slim_seo":{"title":"Pide Bienestar Animal cuidar a las mascotas ante el dr\u00e1stico descenso en la temperatura - Opini\u00f3n P\u00fablica","description":"Ciudad Ju\u00e1rez, Chih .- La Direcci\u00f3n de Atenci\u00f3n y Bienestar Animal (DABA) pide a los juarenses cuidar a las mascotas en esta temporada de invierno, especialment"},"footnotes":""},"categories":[41],"tags":[],"class_list":["post-50907","post","type-post","status-publish","format-standard","has-post-thumbnail","hentry","category-juarez"],"acf":[],"_links":{"self":[{"href":"https:\/\/www.opinionpublica.tv\/portada\/wp-json\/wp\/v2\/posts\/50907","targetHints":{"allow":["GET"]}}],"collection":[{"href":"https:\/\/www.opinionpublica.tv\/portada\/wp-json\/wp\/v2\/posts"}],"about":[{"href":"https:\/\/www.opinionpublica.tv\/portada\/wp-json\/wp\/v2\/types\/post"}],"author":[{"embeddable":true,"href":"https:\/\/www.opinionpublica.tv\/portada\/wp-json\/wp\/v2\/users\/6"}],"replies":[{"embeddable":true,"href":"https:\/\/www.opinionpublica.tv\/portada\/wp-json\/wp\/v2\/comments?post=50907"}],"version-history":[{"count":3,"href":"https:\/\/www.opinionpublica.tv\/portada\/wp-json\/wp\/v2\/posts\/50907\/revisions"}],"predecessor-version":[{"id":50912,"href":"https:\/\/www.opinionpublica.tv\/portada\/wp-json\/wp\/v2\/posts\/50907\/revisions\/50912"}],"wp:featuredmedia":[{"embeddable":true,"href":"https:\/\/www.opinionpublica.tv\/portada\/wp-json\/wp\/v2\/media\/50911"}],"wp:attachment":[{"href":"https:\/\/www.opinionpublica.tv\/portada\/wp-json\/wp\/v2\/media?parent=50907"}],"wp:term":[{"taxonomy":"category","embeddable":true,"href":"https:\/\/www.opinionpublica.tv\/portada\/wp-json\/wp\/v2\/categories?post=50907"},{"taxonomy":"post_tag","embeddable":true,"href":"https:\/\/www.opinionpublica.tv\/portada\/wp-json\/wp\/v2\/tags?post=50907"}],"curies":[{"name":"wp","href":"https:\/\/api.w.org\/{rel}","templated":true}]}}