{"id":50897,"date":"2025-01-07T00:01:00","date_gmt":"2025-01-07T07:01:00","guid":{"rendered":"https:\/\/www.opinionpublica.tv\/portada\/?p=50897"},"modified":"2025-01-06T19:54:13","modified_gmt":"2025-01-07T02:54:13","slug":"maru-campos-y-mesa-de-seguridad-analizan-tema-de-migracion-en-ciudad-juarez","status":"publish","type":"post","link":"https:\/\/www.opinionpublica.tv\/portada\/maru-campos-y-mesa-de-seguridad-analizan-tema-de-migracion-en-ciudad-juarez\/","title":{"rendered":"Maru Campos y Mesa de Seguridad analizan tema de migraci\u00f3n en Ciudad Ju\u00e1rez"},"content":{"rendered":"\n<figure class=\"wp-block-image size-large\"><img fetchpriority=\"high\" decoding=\"async\" width=\"1024\" height=\"682\" src=\"https:\/\/www.opinionpublica.tv\/portada\/wp-content\/uploads\/2025\/01\/Maru-Campos-y-Mesa-de-Seguridad-analizan-tema-de-migracion-en-Ciudad-Juarez-1024x682.jpeg\" alt=\"Maru Campos Y Mesa De Seguridad Analizan Tema De Migracio\u0301n En Ciudad Jua\u0301rez\" class=\"wp-image-50900\" srcset=\"https:\/\/www.opinionpublica.tv\/portada\/wp-content\/uploads\/2025\/01\/Maru-Campos-y-Mesa-de-Seguridad-analizan-tema-de-migracion-en-Ciudad-Juarez-1024x682.jpeg 1024w, https:\/\/www.opinionpublica.tv\/portada\/wp-content\/uploads\/2025\/01\/Maru-Campos-y-Mesa-de-Seguridad-analizan-tema-de-migracion-en-Ciudad-Juarez-300x200.jpeg 300w, https:\/\/www.opinionpublica.tv\/portada\/wp-content\/uploads\/2025\/01\/Maru-Campos-y-Mesa-de-Seguridad-analizan-tema-de-migracion-en-Ciudad-Juarez-768x512.jpeg 768w, https:\/\/www.opinionpublica.tv\/portada\/wp-content\/uploads\/2025\/01\/Maru-Campos-y-Mesa-de-Seguridad-analizan-tema-de-migracion-en-Ciudad-Juarez-1536x1023.jpeg 1536w, https:\/\/www.opinionpublica.tv\/portada\/wp-content\/uploads\/2025\/01\/Maru-Campos-y-Mesa-de-Seguridad-analizan-tema-de-migracion-en-Ciudad-Juarez.jpeg 1600w\" sizes=\"(max-width: 1024px) 100vw, 1024px\" \/><\/figure>\n\n\n\n<p class=\"wp-block-paragraph\"><em>Ciudad Ju\u00e1rez, Chih<\/em>.- Con el objetivo de revisar los temas de seguridad para el estado, la gobernadora Maru Campos encabez\u00f3 en Ciudad Ju\u00e1rez, la primera sesi\u00f3n del a\u00f1o de la Mesa Estatal de Coordinaci\u00f3n para la Construcci\u00f3n de la Paz.<\/p>\n\n\n\n<p class=\"wp-block-paragraph\">Durante el encuentro, se analizaron los ajustes necesarios para seguir mejorando la seguridad y el fen\u00f3meno migratorio, as\u00ed como el trabajo de atenci\u00f3n y contenci\u00f3n a la violencia, que ha tenido resultados positivos.<\/p>\n\n\n\n<p class=\"wp-block-paragraph\">En coordinaci\u00f3n con el alcalde de Ju\u00e1rez, Cruz P\u00e9rez Cu\u00e9llar, la titular del Ejecutivo dio seguimiento a los resultados de operativos de movilidad y de vigilancia, desplegados en los distintos tramos carreteros de la entidad.<\/p>\n\n\n\n<p class=\"wp-block-paragraph\">En la Mesa de Seguridad, que se llev\u00f3 a cabo en las instalaciones del Centro de Mando C7-iA, tambi\u00e9n se evaluaron los resultados de los operativos desplegados, como el de Cosecha de Alto Valor y el Bienvenido a Casa Paisano.<\/p>\n\n\n\n<p class=\"wp-block-paragraph\">Dichas estrategias fueron implementadas en colaboraci\u00f3n por la Guardia Nacional, el Ej\u00e9rcito Mexicano, Secretar\u00eda de Seguridad P\u00fablica y Fiscal\u00eda General del Estado, en las distintas regiones de la entidad.<\/p>\n\n\n\n<p class=\"wp-block-paragraph\">En la sesi\u00f3n estuvieron presentes Gilberto Loya Ch\u00e1vez, secretario de Seguridad P\u00fablica del Estado; Santiago De la Pe\u00f1a, secretario General de Gobierno, as\u00ed como Fernando \u00c1vila Gonz\u00e1lez, secretario t\u00e9cnico y representante de la Secretar\u00eda de Seguridad y Protecci\u00f3n Ciudadana. Tambi\u00e9n acudieron el general de Brigada Rub\u00e9n Zamudio Mat\u00edas, comandante de la 5ta zona militar; el general de Brigada Jorge Alejandro Guti\u00e9rrez, comandante de la 42 zona militar; el fiscal general del Estado, C\u00e9sar J\u00e1uregui Moreno; el coordinador estatal de la Guardia Nacional, Alejandro Rivas y el fiscal federal en Chihuahua, Ram\u00f3n Ernesto Badillo.<\/p>\n","protected":false},"excerpt":{"rendered":"<p>Ciudad Ju\u00e1rez, Chih.- Con el objetivo de revisar los temas de seguridad para el estado, la gobernadora Maru Campos encabez\u00f3 en Ciudad Ju\u00e1rez, la primera sesi\u00f3n del a\u00f1o de la Mesa Estatal de Coordinaci\u00f3n para la Construcci\u00f3n de la Paz. Durante el encuentro, se analizaron los ajustes necesarios para seguir mejorando la seguridad y el [&hellip;]<\/p>\n","protected":false},"author":6,"featured_media":50900,"comment_status":"open","ping_status":"open","sticky":false,"template":"","format":"standard","meta":{"_acf_changed":false,"_monsterinsights_skip_tracking":false,"slim_seo":{"title":"Maru Campos y Mesa de Seguridad analizan tema de migraci\u00f3n en Ciudad Ju\u00e1rez - Opini\u00f3n P\u00fablica","description":"Ciudad Ju\u00e1rez, Chih .- Con el objetivo de revisar los temas de seguridad para el estado, la gobernadora Maru Campos encabez\u00f3 en Ciudad Ju\u00e1rez, la primera sesi\u00f3n"},"footnotes":""},"categories":[11],"tags":[],"class_list":["post-50897","post","type-post","status-publish","format-standard","has-post-thumbnail","hentry","category-tendencias"],"acf":[],"_links":{"self":[{"href":"https:\/\/www.opinionpublica.tv\/portada\/wp-json\/wp\/v2\/posts\/50897","targetHints":{"allow":["GET"]}}],"collection":[{"href":"https:\/\/www.opinionpublica.tv\/portada\/wp-json\/wp\/v2\/posts"}],"about":[{"href":"https:\/\/www.opinionpublica.tv\/portada\/wp-json\/wp\/v2\/types\/post"}],"author":[{"embeddable":true,"href":"https:\/\/www.opinionpublica.tv\/portada\/wp-json\/wp\/v2\/users\/6"}],"replies":[{"embeddable":true,"href":"https:\/\/www.opinionpublica.tv\/portada\/wp-json\/wp\/v2\/comments?post=50897"}],"version-history":[{"count":2,"href":"https:\/\/www.opinionpublica.tv\/portada\/wp-json\/wp\/v2\/posts\/50897\/revisions"}],"predecessor-version":[{"id":50901,"href":"https:\/\/www.opinionpublica.tv\/portada\/wp-json\/wp\/v2\/posts\/50897\/revisions\/50901"}],"wp:featuredmedia":[{"embeddable":true,"href":"https:\/\/www.opinionpublica.tv\/portada\/wp-json\/wp\/v2\/media\/50900"}],"wp:attachment":[{"href":"https:\/\/www.opinionpublica.tv\/portada\/wp-json\/wp\/v2\/media?parent=50897"}],"wp:term":[{"taxonomy":"category","embeddable":true,"href":"https:\/\/www.opinionpublica.tv\/portada\/wp-json\/wp\/v2\/categories?post=50897"},{"taxonomy":"post_tag","embeddable":true,"href":"https:\/\/www.opinionpublica.tv\/portada\/wp-json\/wp\/v2\/tags?post=50897"}],"curies":[{"name":"wp","href":"https:\/\/api.w.org\/{rel}","templated":true}]}}