{"id":50869,"date":"2025-01-07T00:01:00","date_gmt":"2025-01-07T07:01:00","guid":{"rendered":"https:\/\/www.opinionpublica.tv\/portada\/?p=50869"},"modified":"2025-01-06T19:29:23","modified_gmt":"2025-01-07T02:29:23","slug":"congreso-de-eu-certifica-victoria-de-donald-trump-como-presidente-electo","status":"publish","type":"post","link":"https:\/\/www.opinionpublica.tv\/portada\/congreso-de-eu-certifica-victoria-de-donald-trump-como-presidente-electo\/","title":{"rendered":"Congreso de EU certifica la victoria de Donald Trump como presidente electo"},"content":{"rendered":"\n<figure class=\"wp-block-image size-large\"><img fetchpriority=\"high\" decoding=\"async\" width=\"1024\" height=\"649\" src=\"https:\/\/www.opinionpublica.tv\/portada\/wp-content\/uploads\/2025\/01\/Congreso-de-EU-certifica-la-victoria-de-Donald-Trump-como-presidente-electo-1024x649.png\" alt=\"Congreso De Eu Certifica La Victoria De Donald Trump Como Presidente Electo\" class=\"wp-image-50873\" srcset=\"https:\/\/www.opinionpublica.tv\/portada\/wp-content\/uploads\/2025\/01\/Congreso-de-EU-certifica-la-victoria-de-Donald-Trump-como-presidente-electo-1024x649.png 1024w, https:\/\/www.opinionpublica.tv\/portada\/wp-content\/uploads\/2025\/01\/Congreso-de-EU-certifica-la-victoria-de-Donald-Trump-como-presidente-electo-300x190.png 300w, https:\/\/www.opinionpublica.tv\/portada\/wp-content\/uploads\/2025\/01\/Congreso-de-EU-certifica-la-victoria-de-Donald-Trump-como-presidente-electo-768x487.png 768w, https:\/\/www.opinionpublica.tv\/portada\/wp-content\/uploads\/2025\/01\/Congreso-de-EU-certifica-la-victoria-de-Donald-Trump-como-presidente-electo-1536x974.png 1536w, https:\/\/www.opinionpublica.tv\/portada\/wp-content\/uploads\/2025\/01\/Congreso-de-EU-certifica-la-victoria-de-Donald-Trump-como-presidente-electo.png 1842w\" sizes=\"(max-width: 1024px) 100vw, 1024px\" \/><\/figure>\n\n\n\n<p class=\"wp-block-paragraph\">El Congreso de Estados Unidos certific\u00f3 la victoria de Donald Trump como pr\u00f3ximo presidente tras su victoria en las elecciones de noviembre en las que se enfrent\u00f3 a la ahora excandidata dem\u00f3crata, Kamala Harris, exactamente cuatro a\u00f1os despu\u00e9s de que sus simpatizantes irrumpieron en el Capitolio en un intento fallido de bloquear el proceso tras la derrota electoral del republicano en 2020 ante Joe Biden.<\/p>\n\n\n\n<p class=\"wp-block-paragraph\">Tras revisar todos los certificados del Colegio Electoral de los 50 estados y la capital del pa\u00eds, los escrutadores validaron la victoria del republicano en las elecciones de noviembre de 2024, con lo que tendr\u00e1 un segundo mandato al frente de la Casa Blanca.<\/p>\n\n\n\n<p class=\"wp-block-paragraph\">La ex candidata y actual vicepresidenta, Kamala Harris, encabez\u00f3 la breve sesi\u00f3n conjunta de la C\u00e1mara de Representantes y el Senado de este lunes 6 de enero en la cual anunci\u00f3 que tras el recuento de votos, Trump obtuvo 312 sufragios, mientras que ella cont\u00f3 con 226, lo que le vali\u00f3 el aplauso de los legisladores presentes.<\/p>\n\n\n\n<p class=\"wp-block-paragraph\">El compa\u00f1ero de f\u00f3rmula de Trump y pr\u00f3ximo vicepresidente, James David Vance, estuvo presente en la sesi\u00f3n en primera fila en la que observ\u00f3 el trabajo de los escrutadores que fueron designados, quienes revisaron todas las actas y confirmaron que el magnate hab\u00eda ganado las elecciones presidenciales.<\/p>\n\n\n\n<p class=\"wp-block-paragraph\">\u201cEl Congreso certifica hoy nuestra gran victoria electoral: un gran momento en la historia. MAGA!\u00bb, escribi\u00f3 Trump en su plataforma de redes sociales Truth Social tras conocerse ue su triunfo fue validado.<\/p>\n\n\n\n<p class=\"wp-block-paragraph\">Los republicanos no s\u00f3lo ganaron la presidencia de Estados Unidos, sino que tambi\u00e9n obtuvieron la mayor\u00eda en el Senado y una estrecha ventaja en la C\u00e1mara de Representantes, lo que le dar\u00e1 a Trump el apoyo que necesita para implementar su programa de recortes fiscales y medidas en\u00e9rgicas contra los migrantes que viven irregularmente en el pa\u00eds, cuando jure al cargo el pr\u00f3ximo 20 de enero.<\/p>\n\n\n\n<p class=\"wp-block-paragraph\">Blindan Capitolio ante sesi\u00f3n para certificar elecci\u00f3n presidencial<\/p>\n\n\n\n<p class=\"wp-block-paragraph\">Con vallas met\u00e1licas, autoridades en Estados Unidos blindaron los terrenos del Capitolio, a los cuales s\u00f3lo se pod\u00eda acceder a trav\u00e9s de puestos de control vigilados por agentes de polic\u00eda para evitar disturbios como los generados hace cuatro a\u00f1os por simpatizantes de Trump.<\/p>\n\n\n\n<p class=\"wp-block-paragraph\">Adem\u00e1s, hab\u00eda convoyes de veh\u00edculos policiales negros, mientras que refuerzos del Departamento de Polic\u00eda de Nueva York tambi\u00e9n patrullaban la zona.<\/p>\n\n\n\n<p class=\"wp-block-paragraph\">En el interior, m\u00e1s equipos de agentes uniformados de la Polic\u00eda del Capitolio comprobaban las identificaciones en los lugares de entrada, incluidas las puertas y los t\u00faneles subterr\u00e1neos que conducen a la C\u00e1mara de Representantes y el Senado.<\/p>\n\n\n\n<p class=\"wp-block-paragraph\">Trump planea indultar a implicados en asalto al Capitolio<\/p>\n\n\n\n<p class=\"wp-block-paragraph\">Donald Trump anunci\u00f3 en d\u00edas pasados que planea indultar a algunas de las m\u00e1s de mil 500 personas acusadas de participar en el asalto al Capitolio.<\/p>\n\n\n\n<p class=\"wp-block-paragraph\">En los disturbios del 6 de enero de 2021, los alborotadores rebasaron las barricadas policiales, agredieron a unos 140 agentes y causaron da\u00f1os por valor de m\u00e1s de 2.8 millones de d\u00f3lares.<\/p>\n\n\n\n<p class=\"wp-block-paragraph\">A ra\u00edz de la violencia de aquel d\u00eda, el Congreso aprob\u00f3 a finales de 2022 una ley que reforzaba los controles para garantizar que el proceso de certificaci\u00f3n se llevara a cabo de forma legal.<\/p>\n\n\n\n<p class=\"wp-block-paragraph\">Muchos de los cambios respond\u00edan directamente a las acciones adoptadas por Trump hasta el 6 de enero de 2021. (Exc\u00e9lsior)<\/p>\n","protected":false},"excerpt":{"rendered":"<p>El Congreso de Estados Unidos certific\u00f3 la victoria de Donald Trump como pr\u00f3ximo presidente tras su victoria en las elecciones de noviembre en las que se enfrent\u00f3 a la ahora excandidata dem\u00f3crata, Kamala Harris, exactamente cuatro a\u00f1os despu\u00e9s de que sus simpatizantes irrumpieron en el Capitolio en un intento fallido de bloquear el proceso tras [&hellip;]<\/p>\n","protected":false},"author":6,"featured_media":50873,"comment_status":"open","ping_status":"open","sticky":false,"template":"","format":"standard","meta":{"_acf_changed":false,"_monsterinsights_skip_tracking":false,"slim_seo":{"title":"Congreso de EU certifica la victoria de Donald Trump como presidente electo - Opini\u00f3n P\u00fablica","description":"El Congreso de Estados Unidos certific\u00f3 la victoria de Donald Trump como pr\u00f3ximo presidente tras su victoria en las elecciones de noviembre en las que se enfren"},"footnotes":""},"categories":[4],"tags":[],"class_list":["post-50869","post","type-post","status-publish","format-standard","has-post-thumbnail","hentry","category-pulsopolitico"],"acf":[],"_links":{"self":[{"href":"https:\/\/www.opinionpublica.tv\/portada\/wp-json\/wp\/v2\/posts\/50869","targetHints":{"allow":["GET"]}}],"collection":[{"href":"https:\/\/www.opinionpublica.tv\/portada\/wp-json\/wp\/v2\/posts"}],"about":[{"href":"https:\/\/www.opinionpublica.tv\/portada\/wp-json\/wp\/v2\/types\/post"}],"author":[{"embeddable":true,"href":"https:\/\/www.opinionpublica.tv\/portada\/wp-json\/wp\/v2\/users\/6"}],"replies":[{"embeddable":true,"href":"https:\/\/www.opinionpublica.tv\/portada\/wp-json\/wp\/v2\/comments?post=50869"}],"version-history":[{"count":3,"href":"https:\/\/www.opinionpublica.tv\/portada\/wp-json\/wp\/v2\/posts\/50869\/revisions"}],"predecessor-version":[{"id":50874,"href":"https:\/\/www.opinionpublica.tv\/portada\/wp-json\/wp\/v2\/posts\/50869\/revisions\/50874"}],"wp:featuredmedia":[{"embeddable":true,"href":"https:\/\/www.opinionpublica.tv\/portada\/wp-json\/wp\/v2\/media\/50873"}],"wp:attachment":[{"href":"https:\/\/www.opinionpublica.tv\/portada\/wp-json\/wp\/v2\/media?parent=50869"}],"wp:term":[{"taxonomy":"category","embeddable":true,"href":"https:\/\/www.opinionpublica.tv\/portada\/wp-json\/wp\/v2\/categories?post=50869"},{"taxonomy":"post_tag","embeddable":true,"href":"https:\/\/www.opinionpublica.tv\/portada\/wp-json\/wp\/v2\/tags?post=50869"}],"curies":[{"name":"wp","href":"https:\/\/api.w.org\/{rel}","templated":true}]}}