{"id":50859,"date":"2025-01-07T00:01:00","date_gmt":"2025-01-07T07:01:00","guid":{"rendered":"https:\/\/www.opinionpublica.tv\/portada\/?p=50859"},"modified":"2025-01-06T19:16:07","modified_gmt":"2025-01-07T02:16:07","slug":"no-les-basta","status":"publish","type":"post","link":"https:\/\/www.opinionpublica.tv\/portada\/no-les-basta\/","title":{"rendered":"No les basta"},"content":{"rendered":"\n<h4 class=\"wp-block-heading\">Carlos Angulo<\/h4>\n\n\n\n<p class=\"wp-block-paragraph\">___________________________<\/p>\n\n\n\n<p class=\"wp-block-paragraph\">Nunca nos imaginamos que de repente llegar\u00eda un gobierno a destruir, a devastar, a arrollar y hacer trizas a nuestra democracia en M\u00e9xico. Pues bien, as\u00ed ha sido con este gobierno liderado por Andr\u00e9s L\u00f3pez y ahora, en apariencia, comandado por Claudia Sheinbaum.<\/p>\n\n\n\n<p class=\"wp-block-paragraph\">Se ha destruido el Estado de Derecho, que es la columna vertebral de un Estado moderno, al capturarse por el Ejecutivo al Poder Judicial, tanto federal como local. Ello implica que los componentes de pueblo, territorio y gobierno no tendr\u00e1n un elemento que los organice y los amalgame hacia el objetivo de la obtenci\u00f3n del bien com\u00fan, sino un sistema que \u00fanicamente sigue las directrices de la presidencia (ya no digo de la Rep\u00fablica, porque esta dej\u00f3 de existir), cuyo objetivo es el poder y la dominaci\u00f3n.<\/p>\n\n\n\n<p class=\"wp-block-paragraph\">Nos hemos convertido en una clara dictadura, que, ahora, trata de cubrir las apariencias, pero falta poco tiempo para que saque todas las u\u00f1as y permeen la falta de libertad, el abuso del poder sin respeto a los derechos humanos, los ataques a nuestras ganancias, a nuestro patrimonio y a nuestra conciencia.<\/p>\n\n\n\n<p class=\"wp-block-paragraph\">Se han desaparecido los \u00f3rganos aut\u00f3nomos, que nos proteg\u00edan de la opacidad en el que hacer gubernamental, los abusos de la falta de competencia econ\u00f3mica dando carta blanca al establecimiento de los monopolios que las oligarqu\u00edas aliadas al gobierno nos reestablecer\u00e1n, as\u00ed como al abuso de las compa\u00f1\u00edas de telecomunicaciones, a la concentraci\u00f3n del poder del gobierno en el mundo energ\u00e9tico, poni\u00e9ndonos en riesgo de tener que pagar la gasolina m\u00e1s cara, as\u00ed como la electricidad y el gas.<\/p>\n\n\n\n<p class=\"wp-block-paragraph\">Han convertido a PEMEX y a CFE de empresas productivas del Estado que las obligaba a operar con mentalidad empresarial para generar utilidades en beneficio del erario p\u00fablico, a simples empresas del Estado que cumplen con los intereses pol\u00edticos del r\u00e9gimen, haciendo caso omiso a su productividad. Con ello, el gobierno, usando nuestros impuestos, tendr\u00e1 que estar subsidiando a dichas empresas desviando valiosos recursos que crean bien com\u00fan, como los sistemas de salud y educativo, como el mantenimiento de las carreteras y puertos y dem\u00e1s infraestructura que apoya el desarrollo de los negocios.<\/p>\n\n\n\n<p class=\"wp-block-paragraph\">\u00a1Ah!, pero todo ello no les basta, ahora quieren capturar completamente al Instituto Nacional Electoral, para tener control absoluto de las elecciones y adem\u00e1s van a eliminar el sistema de representaci\u00f3n proporcional, para lograr siempre mayor\u00edas con poder para reformar la Constituci\u00f3n, as\u00ed como quitar la reelecci\u00f3n de legisladores y miembros de los ayuntamientos y alcald\u00edas, para que el ciudadano no tenga la opci\u00f3n de apoyar o castigar a los servidores p\u00fablicos.<\/p>\n\n\n\n<p class=\"wp-block-paragraph\">Debemos de organizarnos para estar listos a dar la lucha por el restablecimiento de la democracia y el regreso a un orden constitucional que haga que recuperemos a nuestra Rep\u00fablica, porque vendr\u00e1 momentos turbulentos con las amenazas internas, sobre todo del dominio cada vez mayor del crimen organizado y la militarizaci\u00f3n; as\u00ed como amenazas externas, principalmente provenientes de los Estados Unidos con las pol\u00edticas de Trump.<\/p>\n\n\n\n<p class=\"wp-block-paragraph\">Y, sobre todo, vendr\u00e1 un colapso financiero y econ\u00f3mico porque, por los motivos anteriores, caer\u00e1n estrepitosamente las inversiones y ello generar\u00e1 una ca\u00edda dr\u00e1stica de los ingresos tributarios que repercutir\u00e1 en la p\u00e9rdida masiva de empleos y aumento de la pobreza y afectaciones mayores a las clases medias.<\/p>\n\n\n\n<p class=\"wp-block-paragraph\">Sab\u00e1tico<\/p>\n\n\n\n<p class=\"wp-block-paragraph\">Quiero informar a mis lectores que me tomar\u00e9 un sab\u00e1tico al rev\u00e9s (porque normalmente los sab\u00e1ticos se toman para descansar), ya que me recluir\u00e9 en la Universidad de Salamanca, en Espa\u00f1a, para terminar mi Doctorado en Derecho, proyecto que he postergado varias veces, que ahora tengo la firme determinaci\u00f3n de concluir.<\/p>\n\n\n\n<p class=\"wp-block-paragraph\">Despu\u00e9s de lograr este doctorado, regresar\u00e9 a realizar esta Columna \u201c\u00daltima Instancia\u201d, que tendr\u00e1 un enfoque propositivo para impulsar las acciones necesarias para expulsar de nuestro pa\u00eds a este r\u00e9gimen que tanto da\u00f1o ha causado y causar\u00e1. En mi Estado de Chihuahua, explorar\u00e9 opciones de participaci\u00f3n para ayudar a los fines anteriores, en donde mayor bien pueda lograr con los conocimientos adquiridos.<\/p>\n","protected":false},"excerpt":{"rendered":"<p>Carlos Angulo ___________________________ Nunca nos imaginamos que de repente llegar\u00eda un gobierno a destruir, a devastar, a arrollar y hacer trizas a nuestra democracia en M\u00e9xico. Pues bien, as\u00ed ha sido con este gobierno liderado por Andr\u00e9s L\u00f3pez y ahora, en apariencia, comandado por Claudia Sheinbaum. Se ha destruido el Estado de Derecho, que es [&hellip;]<\/p>\n","protected":false},"author":6,"featured_media":45394,"comment_status":"open","ping_status":"open","sticky":false,"template":"","format":"standard","meta":{"_acf_changed":false,"_monsterinsights_skip_tracking":false,"slim_seo":{"title":"No les basta - Opini\u00f3n P\u00fablica","description":"Carlos Angulo ___________________________ Nunca nos imaginamos que de repente llegar\u00eda un gobierno a destruir, a devastar, a arrollar y hacer trizas a nuestra d"},"footnotes":""},"categories":[17],"tags":[825],"class_list":["post-50859","post","type-post","status-publish","format-standard","has-post-thumbnail","hentry","category-ultima-instancia","tag-carlos-angulo"],"acf":[],"_links":{"self":[{"href":"https:\/\/www.opinionpublica.tv\/portada\/wp-json\/wp\/v2\/posts\/50859","targetHints":{"allow":["GET"]}}],"collection":[{"href":"https:\/\/www.opinionpublica.tv\/portada\/wp-json\/wp\/v2\/posts"}],"about":[{"href":"https:\/\/www.opinionpublica.tv\/portada\/wp-json\/wp\/v2\/types\/post"}],"author":[{"embeddable":true,"href":"https:\/\/www.opinionpublica.tv\/portada\/wp-json\/wp\/v2\/users\/6"}],"replies":[{"embeddable":true,"href":"https:\/\/www.opinionpublica.tv\/portada\/wp-json\/wp\/v2\/comments?post=50859"}],"version-history":[{"count":3,"href":"https:\/\/www.opinionpublica.tv\/portada\/wp-json\/wp\/v2\/posts\/50859\/revisions"}],"predecessor-version":[{"id":50862,"href":"https:\/\/www.opinionpublica.tv\/portada\/wp-json\/wp\/v2\/posts\/50859\/revisions\/50862"}],"wp:featuredmedia":[{"embeddable":true,"href":"https:\/\/www.opinionpublica.tv\/portada\/wp-json\/wp\/v2\/media\/45394"}],"wp:attachment":[{"href":"https:\/\/www.opinionpublica.tv\/portada\/wp-json\/wp\/v2\/media?parent=50859"}],"wp:term":[{"taxonomy":"category","embeddable":true,"href":"https:\/\/www.opinionpublica.tv\/portada\/wp-json\/wp\/v2\/categories?post=50859"},{"taxonomy":"post_tag","embeddable":true,"href":"https:\/\/www.opinionpublica.tv\/portada\/wp-json\/wp\/v2\/tags?post=50859"}],"curies":[{"name":"wp","href":"https:\/\/api.w.org\/{rel}","templated":true}]}}