{"id":5075,"date":"2016-09-28T06:00:00","date_gmt":"2016-09-28T04:00:00","guid":{"rendered":"https:\/\/www.opinionpublica.tv\/portada\/2016\/09\/28\/trump-es-adicto-a-la-cocaina\/"},"modified":"2016-09-28T06:00:00","modified_gmt":"2016-09-28T04:00:00","slug":"trump-es-adicto-a-la-cocaina","status":"publish","type":"post","link":"https:\/\/www.opinionpublica.tv\/portada\/trump-es-adicto-a-la-cocaina\/","title":{"rendered":"\u00bfTrump es adicto a la coca\u00edna?"},"content":{"rendered":"<p><img fetchpriority=\"high\" decoding=\"async\" class=\" size-full wp-image-5074\" src=\"https:\/\/www.opinionpublica.tv\/portada\/wp-content\/uploads\/2016\/09\/42e117e0c4e849ea187baaf6f5afd9f6.jpg\" alt=\"\" width=\"600\" height=\"338\" srcset=\"https:\/\/www.opinionpublica.tv\/portada\/wp-content\/uploads\/2016\/09\/42e117e0c4e849ea187baaf6f5afd9f6.jpg 600w, https:\/\/www.opinionpublica.tv\/portada\/wp-content\/uploads\/2016\/09\/42e117e0c4e849ea187baaf6f5afd9f6-300x169.jpg 300w\" sizes=\"(max-width: 600px) 100vw, 600px\" \/><\/p>\n<p style=\"text-align: justify;\">El d\u00eda de ayer se llev\u00f3 a cabo el primer debate presidencial entre Donald Trump y Hillary Clinton.<\/p>\n<p><!--more--><\/p>\n<p style=\"text-align: justify;\">El resultado para el candidato republicano no fue muy favorable y los usuarios notaron una actitud rara durante el evento.<\/p>\n<p style=\"text-align: justify;\">El debate rompi\u00f3 r\u00e9cord a nivel mundial en audencia televisiva, mientras que en redes sociales miles lo siguieron y tuitearon en vivo.<\/p>\n<p style=\"text-align: justify;\">Las cr\u00edticas en Twitter fueron fuertes, y algunos usuarios estaban convencidos de que el candidato republicano habr\u00eda consumido coca\u00edna antes del esperado debate. A esta idea tambi\u00e9n se le sumaron varios artistas y figuras p\u00fablicas.<\/p>\n<p style=\"text-align: justify;\">Todo surgio desp\u00faes de que Trump se mostrara respirando de manera repetitiva durante su participaci\u00f3n.<\/p>\n<p style=\"text-align: justify;\">No existe evidencia alguna de que Trump halla consumido alg\u00fan tipo de droga durante el debate presidencial, aunque en las redes se ha especulado mucho al respecto y algunos de los usuarios han pedido que el candidato se someta a la prueba de antidoping: \u201cQueremos que Trump pruebe que no es un adicto a la coca\u00edana\u201d.<br \/>Vanguardia<\/p>\n","protected":false},"excerpt":{"rendered":"<p>El d\u00eda de ayer se llev\u00f3 a cabo el primer debate presidencial entre Donald Trump y Hillary Clinton.<\/p>\n","protected":false},"author":1,"featured_media":5074,"comment_status":"open","ping_status":"open","sticky":false,"template":"","format":"standard","meta":{"_acf_changed":false,"_monsterinsights_skip_tracking":false,"slim_seo":{"title":"\u00bfTrump es adicto a la coca\u00edna? - Opini\u00f3n P\u00fablica","description":"El d\u00eda de ayer se llev\u00f3 a cabo el primer debate presidencial entre Donald Trump y Hillary Clinton. El resultado para el candidato republicano no fue muy favorab"},"footnotes":""},"categories":[30],"tags":[],"class_list":["post-5075","post","type-post","status-publish","format-standard","has-post-thumbnail","hentry","category-elecciones-estados-unidos"],"acf":[],"_links":{"self":[{"href":"https:\/\/www.opinionpublica.tv\/portada\/wp-json\/wp\/v2\/posts\/5075","targetHints":{"allow":["GET"]}}],"collection":[{"href":"https:\/\/www.opinionpublica.tv\/portada\/wp-json\/wp\/v2\/posts"}],"about":[{"href":"https:\/\/www.opinionpublica.tv\/portada\/wp-json\/wp\/v2\/types\/post"}],"author":[{"embeddable":true,"href":"https:\/\/www.opinionpublica.tv\/portada\/wp-json\/wp\/v2\/users\/1"}],"replies":[{"embeddable":true,"href":"https:\/\/www.opinionpublica.tv\/portada\/wp-json\/wp\/v2\/comments?post=5075"}],"version-history":[{"count":0,"href":"https:\/\/www.opinionpublica.tv\/portada\/wp-json\/wp\/v2\/posts\/5075\/revisions"}],"wp:featuredmedia":[{"embeddable":true,"href":"https:\/\/www.opinionpublica.tv\/portada\/wp-json\/wp\/v2\/media\/5074"}],"wp:attachment":[{"href":"https:\/\/www.opinionpublica.tv\/portada\/wp-json\/wp\/v2\/media?parent=5075"}],"wp:term":[{"taxonomy":"category","embeddable":true,"href":"https:\/\/www.opinionpublica.tv\/portada\/wp-json\/wp\/v2\/categories?post=5075"},{"taxonomy":"post_tag","embeddable":true,"href":"https:\/\/www.opinionpublica.tv\/portada\/wp-json\/wp\/v2\/tags?post=5075"}],"curies":[{"name":"wp","href":"https:\/\/api.w.org\/{rel}","templated":true}]}}