{"id":50713,"date":"2025-01-04T00:01:00","date_gmt":"2025-01-04T07:01:00","guid":{"rendered":"https:\/\/www.opinionpublica.tv\/portada\/?p=50713"},"modified":"2025-01-03T18:37:52","modified_gmt":"2025-01-04T01:37:52","slug":"municipio-a-la-expectativa-ante-posible-deportacion-masiva-de-estados-unidos","status":"publish","type":"post","link":"https:\/\/www.opinionpublica.tv\/portada\/municipio-a-la-expectativa-ante-posible-deportacion-masiva-de-estados-unidos\/","title":{"rendered":"Municipio a la expectativa ante posible deportaci\u00f3n masiva de Estados Unidos"},"content":{"rendered":"\n<figure class=\"wp-block-image size-large\"><img fetchpriority=\"high\" decoding=\"async\" width=\"1024\" height=\"682\" src=\"https:\/\/www.opinionpublica.tv\/portada\/wp-content\/uploads\/2025\/01\/Municipio-a-la-expectativa-ante-posible-deportacion-masiva-de-Estados-Unidos-1024x682.jpeg\" alt=\"Municipio A La Expectativa Ante Posible Deportacio\u0301n Masiva De Estados Unidos\" class=\"wp-image-50715\" srcset=\"https:\/\/www.opinionpublica.tv\/portada\/wp-content\/uploads\/2025\/01\/Municipio-a-la-expectativa-ante-posible-deportacion-masiva-de-Estados-Unidos-1024x682.jpeg 1024w, https:\/\/www.opinionpublica.tv\/portada\/wp-content\/uploads\/2025\/01\/Municipio-a-la-expectativa-ante-posible-deportacion-masiva-de-Estados-Unidos-300x200.jpeg 300w, https:\/\/www.opinionpublica.tv\/portada\/wp-content\/uploads\/2025\/01\/Municipio-a-la-expectativa-ante-posible-deportacion-masiva-de-Estados-Unidos-768x512.jpeg 768w, https:\/\/www.opinionpublica.tv\/portada\/wp-content\/uploads\/2025\/01\/Municipio-a-la-expectativa-ante-posible-deportacion-masiva-de-Estados-Unidos.jpeg 1280w\" sizes=\"(max-width: 1024px) 100vw, 1024px\" \/><\/figure>\n\n\n\n<p class=\"wp-block-paragraph\"><em>Ciudad Ju\u00e1rez, Chih<\/em>.- El presidente municipal, Cruz P\u00e9rez Cu\u00e9llar, dio a conocer que se tienen espacios suficientes para atender a los migrantes que lleguen a la ciudad, pero tambi\u00e9n se est\u00e1 a la expectativa por las posibles deportaciones por Estados Unidos.<\/p>\n\n\n\n<p class=\"wp-block-paragraph\">\u201cTenemos los diferentes albergues, hay espacio en todos lados, pero desconocemos la magnitud a la que nos vamos a enfrentar, estamos a la expectativa\u201d, resalt\u00f3 el alcalde.<\/p>\n\n\n\n<p class=\"wp-block-paragraph\">\u201cEl albergue Felipe \u00c1ngeles tiene alrededor de 70 espacios, pero se podr\u00eda rehabilitar el Enrique \u201cKiki\u201d Romero, que est\u00e1 a la espera de ser remodelado, el Leona Vicario est\u00e1 funcionando, as\u00ed como los otros espacios que hay en la ciudad\u201d, dijo.<\/p>\n\n\n\n<p class=\"wp-block-paragraph\">Tenemos muchos espacios disponibles en este momento, pero desconocemos la magnitud, eso es un dato que nos falta a todos para poder planear, si hubiera una deportaci\u00f3n ligera, pudi\u00e9ramos ser manejables sin problema, una deportaci\u00f3n muy grande, nos quedar\u00edamos chicos, Debemos de tomar esto en serio y esperar, agreg\u00f3.<\/p>\n\n\n\n<p class=\"wp-block-paragraph\">Explic\u00f3 que la gobernadora Mar\u00eda Eugenia Campos Galv\u00e1n coment\u00f3 la posibilidad de usar uno de los estadios de b\u00e9isbol.<\/p>\n\n\n\n<p class=\"wp-block-paragraph\">\u201cEstamos muy atentos ante esta situaci\u00f3n, adem\u00e1s me comuniqu\u00e9 con el secretario particular de la gobernadora para reiterarle nuestra disposici\u00f3n para coordinarnos\u201d, coment\u00f3.<\/p>\n\n\n\n<p class=\"wp-block-paragraph\">\u201cEstaremos muy atentos, tendremos recursos y personal disponible y estamos a la expectativa de lo que se vaya a ir dando\u201d, mencion\u00f3.<\/p>\n\n\n\n<p class=\"wp-block-paragraph\">Dijo que existe un incremento muy ligero de migrantes, pero ese no es el problema, donde se est\u00e1 atento y puede darse es del norte hacia el sur, en las deportaciones.<\/p>\n\n\n\n<p class=\"wp-block-paragraph\">El alcalde resalt\u00f3 que se est\u00e1 previendo tener recursos municipales disponibles, pero el Gobierno Federal y el Estado tambi\u00e9n estar\u00e1n apoyando.<\/p>\n","protected":false},"excerpt":{"rendered":"<p>Ciudad Ju\u00e1rez, Chih.- El presidente municipal, Cruz P\u00e9rez Cu\u00e9llar, dio a conocer que se tienen espacios suficientes para atender a los migrantes que lleguen a la ciudad, pero tambi\u00e9n se est\u00e1 a la expectativa por las posibles deportaciones por Estados Unidos. \u201cTenemos los diferentes albergues, hay espacio en todos lados, pero desconocemos la magnitud a [&hellip;]<\/p>\n","protected":false},"author":6,"featured_media":50715,"comment_status":"open","ping_status":"open","sticky":false,"template":"","format":"standard","meta":{"_acf_changed":false,"_monsterinsights_skip_tracking":false,"slim_seo":{"title":"Municipio a la expectativa ante posible deportaci\u00f3n masiva de Estados Unidos - Opini\u00f3n P\u00fablica","description":"Ciudad Ju\u00e1rez, Chih .- El presidente municipal, Cruz P\u00e9rez Cu\u00e9llar, dio a conocer que se tienen espacios suficientes para atender a los migrantes que lleguen a"},"footnotes":""},"categories":[41],"tags":[],"class_list":["post-50713","post","type-post","status-publish","format-standard","has-post-thumbnail","hentry","category-juarez"],"acf":[],"_links":{"self":[{"href":"https:\/\/www.opinionpublica.tv\/portada\/wp-json\/wp\/v2\/posts\/50713","targetHints":{"allow":["GET"]}}],"collection":[{"href":"https:\/\/www.opinionpublica.tv\/portada\/wp-json\/wp\/v2\/posts"}],"about":[{"href":"https:\/\/www.opinionpublica.tv\/portada\/wp-json\/wp\/v2\/types\/post"}],"author":[{"embeddable":true,"href":"https:\/\/www.opinionpublica.tv\/portada\/wp-json\/wp\/v2\/users\/6"}],"replies":[{"embeddable":true,"href":"https:\/\/www.opinionpublica.tv\/portada\/wp-json\/wp\/v2\/comments?post=50713"}],"version-history":[{"count":2,"href":"https:\/\/www.opinionpublica.tv\/portada\/wp-json\/wp\/v2\/posts\/50713\/revisions"}],"predecessor-version":[{"id":50717,"href":"https:\/\/www.opinionpublica.tv\/portada\/wp-json\/wp\/v2\/posts\/50713\/revisions\/50717"}],"wp:featuredmedia":[{"embeddable":true,"href":"https:\/\/www.opinionpublica.tv\/portada\/wp-json\/wp\/v2\/media\/50715"}],"wp:attachment":[{"href":"https:\/\/www.opinionpublica.tv\/portada\/wp-json\/wp\/v2\/media?parent=50713"}],"wp:term":[{"taxonomy":"category","embeddable":true,"href":"https:\/\/www.opinionpublica.tv\/portada\/wp-json\/wp\/v2\/categories?post=50713"},{"taxonomy":"post_tag","embeddable":true,"href":"https:\/\/www.opinionpublica.tv\/portada\/wp-json\/wp\/v2\/tags?post=50713"}],"curies":[{"name":"wp","href":"https:\/\/api.w.org\/{rel}","templated":true}]}}